{"id":149749,"date":"2026-07-20T11:30:05","date_gmt":"2026-07-20T18:30:05","guid":{"rendered":"https:\/\/ovelanalista.com\/?p=149749"},"modified":"2026-07-20T08:55:24","modified_gmt":"2026-07-20T15:55:24","slug":"familias-desplazadas-de-sinaloa-denuncian-meses-sin-despensas-y-falta-de-atencion-del-gobierno-estatal","status":"publish","type":"post","link":"https:\/\/ovelanalista.com\/?p=149749","title":{"rendered":"Familias desplazadas de Sinaloa denuncian meses sin despensas y falta de atenci\u00f3n del Gobierno estatal"},"content":{"rendered":"<header class=\"post-header\">L\u00edderes de personas desplazadas afirman que cientos de familias enfrentan carencias alimentarias mientras esperan apoyos. En Compranet Sinaloa tampoco aparecen licitaciones para la compra de despensas durante 2026.<\/p>\n<p><strong>Scarlett Nordahl<\/strong><\/p>\n<p>Culiac\u00e1n, Sinaloa.- Las familias desplazadas por la violencia en Sinaloa enfrentan una nueva dificultad:\u00a0<strong>la falta de despensas<\/strong>. De acuerdo con la activista\u00a0<strong>Esperanza Hern\u00e1ndez Lugo<\/strong>, quien desde hace m\u00e1s de una d\u00e9cada acompa\u00f1a a personas desplazadas en distintos municipios del estado, durante los \u00faltimos meses\u00a0<strong>no se han entregado apoyos alimentarios<\/strong>\u00a0y tampoco ha existido un acercamiento con la nueva administraci\u00f3n de la\u00a0<strong>Secretar\u00eda de Bienestar y Desarrollo Sustentable<\/strong>\u00a0(SEBIDES).<\/p>\n<p>La defensora explic\u00f3 que, aunque de manera constante familias acuden a solicitar ayuda, la respuesta que reciben es que a\u00fan revisan la situaci\u00f3n o que no hay disponibilidad de apoyos.<\/p>\n<blockquote><p>\u201c<em>En el tiempo que estuvo el anterior secretario no se dio ni una despensa. Ahora nos dicen que van a revisar, que van a ver, pero seguimos igual<\/em>\u201d, se\u00f1al\u00f3.<\/p><\/blockquote>\n<p>Hern\u00e1ndez Lugo asegur\u00f3 que la necesidad se ha agudizado debido a que muchas familias desplazadas carecen de empleo estable y dependen de apoyos gubernamentales para cubrir parte de su alimentaci\u00f3n.<\/p>\n<p>En el municipio de\u00a0<strong>Choix<\/strong>, donde recientemente realiz\u00f3 un recorrido, dijo tener documentadas\u00a0<strong>m\u00e1s de 100 familias en condici\u00f3n de desplazamiento<\/strong>, aunque considera que el n\u00famero real es mayor.<\/p>\n<blockquote><p>\u201c<em>Imag\u00ednese c\u00f3mo est\u00e1 la situaci\u00f3n para las personas que s\u00ed tienen un empleo. Ahora piense en quienes ni siquiera tienen oportunidad de trabajar<\/em>\u201d, expres\u00f3.<\/p><\/blockquote>\n<p>La activista tambi\u00e9n afirm\u00f3 que no ha existido un acercamiento del nuevo titular de SEBIDES,\u00a0<strong>Francisco Javier Barr\u00f3n Aguayo<\/strong>, con los representantes de las personas desplazadas.<\/p>\n<blockquote><p><em>\u201cNadie lo conocemos. Ni siquiera se ha tomado la molestia de hacer una reuni\u00f3n para presentarse\u201d<\/em>, coment\u00f3.<\/p><\/blockquote>\n<h2>Nuevos desplazamientos en Choix<\/h2>\n<p>&nbsp;<\/p>\n<p>Adem\u00e1s de las familias que permanecen desplazadas desde a\u00f1os anteriores, Hern\u00e1ndez Lugo advirti\u00f3 que la violencia ha provocado nuevos desplazamientos en comunidades del municipio de Choix.<\/p>\n<p>Seg\u00fan relat\u00f3, habitantes de\u00a0<strong>Agua Caliente de Baca<\/strong>\u00a0y\u00a0<strong>otras rancher\u00edas<\/strong>\u00a0cercanas han abandonado sus viviendas para refugiarse primero en la cabecera municipal y posteriormente migrar hacia L<strong>os Mochis<\/strong>, donde buscan trabajo en los campos agr\u00edcolas.<\/p>\n<p>Entre las personas que dejan sus comunidades, explic\u00f3, hay ni\u00f1as, ni\u00f1os, personas adultas y adultos mayores.<\/p>\n<blockquote><p>\u201c<em>La mayor\u00eda termina y\u00e9ndose porque ah\u00ed ya no tienen qu\u00e9 hacer ni c\u00f3mo sobrevivir<\/em>\u201d, dijo.<\/p><\/blockquote>\n<h2>Cuestionan registro y transparencia<\/h2>\n<p>&nbsp;<\/p>\n<p>La defensora tambi\u00e9n se\u00f1al\u00f3 que algunas familias desplazadas recientemente, principalmente provenientes de\u00a0<strong>Badiraguato<\/strong>, no han sido reconocidas oficialmente como v\u00edctimas de desplazamiento forzado, pese a que, asegur\u00f3, cumplen con esa condici\u00f3n.<\/p>\n<p>A ello sum\u00f3 la falta de informaci\u00f3n sobre la aplicaci\u00f3n del presupuesto estatal destinado a atender a esta poblaci\u00f3n.<\/p>\n<p>Record\u00f3 que el\u00a0<strong>Congreso de Sinaloa aprob\u00f3 para este a\u00f1o una bolsa de 75 millones de pesos<\/strong>\u00a0para acciones dirigidas a personas desplazadas; sin embargo, dijo que hasta ahora no conocen en qu\u00e9 programas o apoyos ser\u00e1 utilizada.<\/p>\n<blockquote><p><em>\u201cAbsolutamente nada sabemos. No nos han informado qu\u00e9 van a hacer con ese recurso\u201d<\/em>, afirm\u00f3.<\/p><\/blockquote>\n<h2>Sin rastro de compras de despensas<\/h2>\n<p>&nbsp;<\/p>\n<p>Una revisi\u00f3n realizada por\u00a0<strong>Revista ESPEJO<\/strong>\u00a0al portal de\u00a0<a href=\"https:\/\/compranet.sinaloa.gob.mx\/sistema-para-el-desarrollo-integral-de-la-familia-del-estado-de-sinaloa-dif\">Compranet Sinaloa<\/a>\u00a0no encontr\u00f3, hasta el momento de esta publicaci\u00f3n, l<strong>icitaciones correspondientes a 2026 relacionadas con la adquisici\u00f3n de despensas para personas desplazadas<\/strong>.<\/p>\n<p>Tampoco aparecen procedimientos de contrataci\u00f3n con ese objeto en el apartado de compras y licitaciones del Sistema DIF Sinaloa.<\/p>\n<p>Con informaci\u00f3n de Espejo<\/p>\n<\/header>\n","protected":false},"excerpt":{"rendered":"<p>L\u00edderes de personas desplazadas afirman que cientos de familias enfrentan carencias alimentarias mientras esperan apoyos. En Compranet Sinaloa tampoco aparecen licitaciones para la compra de despensas durante 2026. Scarlett Nordahl Culiac\u00e1n, Sinaloa.- Las familias desplazadas por la violencia en Sinaloa enfrentan una nueva dificultad:\u00a0la falta de despensas. De acuerdo con la activista\u00a0Esperanza Hern\u00e1ndez Lugo, quien desde hace m\u00e1s de una d\u00e9cada acompa\u00f1a a personas desplazadas en distintos municipios del estado, durante los \u00faltimos meses\u00a0no se han entregado apoyos alimentarios\u00a0y tampoco ha existido un acercamiento con la nueva administraci\u00f3n de la\u00a0Secretar\u00eda de Bienestar y Desarrollo Sustentable\u00a0(SEBIDES). La defensora explic\u00f3 que, aunque [&hellip;]<\/p>\n","protected":false},"author":3,"featured_media":149755,"comment_status":"open","ping_status":"open","sticky":false,"template":"","format":"standard","meta":{"_jetpack_newsletter_access":"","_jetpack_dont_email_post_to_subs":false,"_jetpack_newsletter_tier_id":0,"_jetpack_memberships_contains_paywalled_content":false,"_jetpack_feature_clip_id":0,"_jetpack_memberships_contains_paid_content":false,"footnotes":"","jetpack_publicize_message":"","jetpack_publicize_feature_enabled":true,"jetpack_social_post_already_shared":true,"jetpack_social_options":{"image_generator_settings":{"template":"highway","default_image_id":0,"font":"","enabled":false},"version":2},"jetpack_post_was_ever_published":false},"categories":[90],"tags":[],"class_list":["post-149749","post","type-post","status-publish","format-standard","has-post-thumbnail","hentry","category-estatal","post--single"],"jetpack_publicize_connections":[],"jetpack_featured_media_url":"https:\/\/ovelanalista.com\/wp-content\/uploads\/2026\/07\/Captura-de-pantalla-2026-07-20-a-las-8.53.44-a.m.png","jetpack_sharing_enabled":true,"_links":{"self":[{"href":"https:\/\/ovelanalista.com\/index.php?rest_route=\/wp\/v2\/posts\/149749","targetHints":{"allow":["GET"]}}],"collection":[{"href":"https:\/\/ovelanalista.com\/index.php?rest_route=\/wp\/v2\/posts"}],"about":[{"href":"https:\/\/ovelanalista.com\/index.php?rest_route=\/wp\/v2\/types\/post"}],"author":[{"embeddable":true,"href":"https:\/\/ovelanalista.com\/index.php?rest_route=\/wp\/v2\/users\/3"}],"replies":[{"embeddable":true,"href":"https:\/\/ovelanalista.com\/index.php?rest_route=%2Fwp%2Fv2%2Fcomments&post=149749"}],"version-history":[{"count":1,"href":"https:\/\/ovelanalista.com\/index.php?rest_route=\/wp\/v2\/posts\/149749\/revisions"}],"predecessor-version":[{"id":149756,"href":"https:\/\/ovelanalista.com\/index.php?rest_route=\/wp\/v2\/posts\/149749\/revisions\/149756"}],"wp:featuredmedia":[{"embeddable":true,"href":"https:\/\/ovelanalista.com\/index.php?rest_route=\/wp\/v2\/media\/149755"}],"wp:attachment":[{"href":"https:\/\/ovelanalista.com\/index.php?rest_route=%2Fwp%2Fv2%2Fmedia&parent=149749"}],"wp:term":[{"taxonomy":"category","embeddable":true,"href":"https:\/\/ovelanalista.com\/index.php?rest_route=%2Fwp%2Fv2%2Fcategories&post=149749"},{"taxonomy":"post_tag","embeddable":true,"href":"https:\/\/ovelanalista.com\/index.php?rest_route=%2Fwp%2Fv2%2Ftags&post=149749"}],"curies":[{"name":"wp","href":"https:\/\/api.w.org\/{rel}","templated":true}]}}