{"id":149757,"date":"2026-07-20T12:00:53","date_gmt":"2026-07-20T19:00:53","guid":{"rendered":"https:\/\/ovelanalista.com\/?p=149757"},"modified":"2026-07-20T08:58:48","modified_gmt":"2026-07-20T15:58:48","slug":"las-intensas-tormentas-generalizadas-daran-una-tregua-al-calor-extremo-en-sinaloa","status":"publish","type":"post","link":"https:\/\/ovelanalista.com\/?p=149757","title":{"rendered":"Las intensas tormentas generalizadas dar\u00e1n una tregua al calor extremo en Sinaloa"},"content":{"rendered":"<div class=\"Summary_summary__gpJTn\">\n<p class=\"Typography_text-xl__yFuoP Typography_weight-normal__pqUbH\">La llegada de copiosas precipitaciones refrescar\u00e1 la mayor parte de la entidad. Se mantiene la alerta por actividad el\u00e9ctrica e inundaciones en zonas bajas.<\/p>\n<p class=\"Typography_text-l__QLRR8 Typography_weight-bold__uT6mq\">RUTH ELIZABETH MEZA PACHECO<\/p>\n<p class=\"Typography_text-default__P3otY Typography_weight-normal__pqUbH Typography_text-default__P3otY Typography_weight-normal__pqUbH\">Culiac\u00e1n, Sin.- Este\u00a0<b class=\"bold\">lunes<\/b>\u00a020 de julio, el estado de Sinaloa registrar\u00e1 condiciones de severa inestabilidad atmosf\u00e9rica debido al abundante aporte de humedad, lo que detonar\u00e1 un temporal de lluvias generalizadas y un notable descenso en las temperaturas m\u00e1ximas en la mayor parte del territorio.<\/p>\n<div id=\"evNotifier\"><\/div>\n<p class=\"Typography_text-default__P3otY Typography_weight-normal__pqUbH Typography_text-default__P3otY Typography_weight-normal__pqUbH\">Para la capital sinaloense, Culiac\u00e1n, se pronostica una jornada muy inestable con un 90% de probabilidad de chubascos tormentosos y cielo parcialmente nuboso, estimando un importante acumulado de 23 mil\u00edmetros de agua.<\/p>\n<div class=\"integration-container w-full\"><\/div>\n<p class=\"Typography_text-default__P3otY Typography_weight-normal__pqUbH Typography_text-default__P3otY Typography_weight-normal__pqUbH\"><b class=\"bold\">De acuerdo a Meteorored<\/b>, la temperatura m\u00e1xima descender\u00e1 hasta los 31\u00a0<b class=\"bold\">grados cent\u00edgrados<\/b>, mientras que la m\u00ednima se ubicar\u00e1 en los 23\u00a0<b class=\"bold\">grados cent\u00edgrados<\/b>.<\/p>\n<\/div>\n<p class=\"Typography_text-default__P3otY Typography_weight-normal__pqUbH Typography_text-default__P3otY Typography_weight-normal__pqUbH\"><b class=\"bold\">As\u00ed estar\u00e1 el clima en algunos municipios<\/b><\/p>\n<p class=\"Typography_text-default__P3otY Typography_weight-normal__pqUbH Typography_text-default__P3otY Typography_weight-normal__pqUbH\">En el municipio de\u00a0<b class=\"bold\">Sinaloa de Leyva<\/b>, se prev\u00e9 el acumulado de agua m\u00e1s alto de la regi\u00f3n norte con 37 mil\u00edmetros, manteniendo un 90% de probabilidad de chubascos tormentosos, una temperatura m\u00e1xima de 32\u00a0<b class=\"bold\">grados cent\u00edgrados<\/b>\u00a0y una m\u00ednima de 23\u00a0<b class=\"bold\">grados cent\u00edgrados<\/b>, con vientos moderados del este de hasta 22 kil\u00f3metros por hora.<\/p>\n<p class=\"Typography_text-default__P3otY Typography_weight-normal__pqUbH Typography_text-default__P3otY Typography_weight-normal__pqUbH\">Por su parte, en\u00a0<b class=\"bold\">El Fuerte<\/b>\u00a0el pron\u00f3stico del tiempo indica condiciones igualmente lluviosas con un 90% de probabilidad de tormentas y un acumulado de 30 mil\u00edmetros, registrando una temperatura m\u00e1xima de 32\u00a0<b class=\"bold\">grados cent\u00edgrados<\/b>\u00a0y una m\u00ednima de 23\u00a0<b class=\"bold\">grados cent\u00edgrados<\/b>, bajo r\u00e1fagas de viento del norte de hasta 28 kil\u00f3metros por hora.<\/p>\n<p class=\"Typography_text-default__P3otY Typography_weight-normal__pqUbH Typography_text-default__P3otY Typography_weight-normal__pqUbH\">En\u00a0<b class=\"bold\">Choix<\/b>, la jornada transcurrir\u00e1 con un 90% de probabilidad de chubascos tormentosos y un acumulado de 23 mil\u00edmetros de agua, alcanzando una temperatura m\u00e1xima de 31\u00a0<b class=\"bold\">grados cent\u00edgrados<\/b>\u00a0y una m\u00ednima de 23\u00a0<b class=\"bold\">grados cent\u00edgrados<\/b>, junto a corrientes de aire del oeste que llegar\u00e1n a los 26 kil\u00f3metros por hora.<\/p>\n<p class=\"Typography_text-default__P3otY Typography_weight-normal__pqUbH Typography_text-default__P3otY Typography_weight-normal__pqUbH\">En\u00a0<b class=\"bold\">Guasave<\/b>, se anticipa un escenario similar con un 90% de probabilidad de precipitaciones fuertes que dejar\u00e1n cerca de 19 mil\u00edmetros de agua, estimando una temperatura m\u00e1xima de 32\u00a0<b class=\"bold\">grados cent\u00edgrados<\/b>\u00a0y una m\u00ednima de 23\u00a0<b class=\"bold\">grados cent\u00edgrados<\/b>, acompa\u00f1ada de vientos del este de hasta 26 kil\u00f3metros por hora.<\/p>\n<p class=\"Typography_text-default__P3otY Typography_weight-normal__pqUbH Typography_text-default__P3otY Typography_weight-normal__pqUbH\">Finalmente, en\u00a0<b class=\"bold\">Ahome<\/b>, aunque las tormentas est\u00e1n garantizadas con un 90% de probabilidad, el acumulado ser\u00e1 menor con 7.1 mil\u00edmetros, registrando la temperatura m\u00e1s c\u00e1lida de la zona con una m\u00e1xima de 35\u00a0<b class=\"bold\">grados cent\u00edgrados<\/b>\u00a0y una m\u00ednima de 24\u00a0<b class=\"bold\">grados cent\u00edgrados<\/b>, bajo la influencia de vientos del sureste de hasta 29 kil\u00f3metros por hora.<\/p>\n<p class=\"Typography_text-default__P3otY Typography_weight-normal__pqUbH Typography_text-default__P3otY Typography_weight-normal__pqUbH\">Las autoridades de protecci\u00f3n civil recomiendan a la poblaci\u00f3n extremar precauciones ante la intensidad de las lluvias de este\u00a0<b class=\"bold\">lunes<\/b>, evitar el cruce de r\u00edos o arroyos crecidos y mantenerse resguardada ante las descargas el\u00e9ctricas.<\/p>\n<p>Con informaci\u00f3n de El Sol de Sinaloa<\/p>\n","protected":false},"excerpt":{"rendered":"<p>La llegada de copiosas precipitaciones refrescar\u00e1 la mayor parte de la entidad. Se mantiene la alerta por actividad el\u00e9ctrica e inundaciones en zonas bajas. RUTH ELIZABETH MEZA PACHECO Culiac\u00e1n, Sin.- Este\u00a0lunes\u00a020 de julio, el estado de Sinaloa registrar\u00e1 condiciones de severa inestabilidad atmosf\u00e9rica debido al abundante aporte de humedad, lo que detonar\u00e1 un temporal de lluvias generalizadas y un notable descenso en las temperaturas m\u00e1ximas en la mayor parte del territorio. Para la capital sinaloense, Culiac\u00e1n, se pronostica una jornada muy inestable con un 90% de probabilidad de chubascos tormentosos y cielo parcialmente nuboso, estimando un importante acumulado de 23 [&hellip;]<\/p>\n","protected":false},"author":3,"featured_media":149761,"comment_status":"open","ping_status":"open","sticky":false,"template":"","format":"standard","meta":{"_jetpack_newsletter_access":"","_jetpack_dont_email_post_to_subs":false,"_jetpack_newsletter_tier_id":0,"_jetpack_memberships_contains_paywalled_content":false,"_jetpack_feature_clip_id":0,"_jetpack_memberships_contains_paid_content":false,"footnotes":"","jetpack_publicize_message":"","jetpack_publicize_feature_enabled":true,"jetpack_social_post_already_shared":true,"jetpack_social_options":{"image_generator_settings":{"template":"highway","default_image_id":0,"font":"","enabled":false},"version":2},"jetpack_post_was_ever_published":false},"categories":[90],"tags":[],"class_list":["post-149757","post","type-post","status-publish","format-standard","has-post-thumbnail","hentry","category-estatal","post--single"],"jetpack_publicize_connections":[],"jetpack_featured_media_url":"https:\/\/ovelanalista.com\/wp-content\/uploads\/2026\/07\/image-47.webp","jetpack_sharing_enabled":true,"_links":{"self":[{"href":"https:\/\/ovelanalista.com\/index.php?rest_route=\/wp\/v2\/posts\/149757","targetHints":{"allow":["GET"]}}],"collection":[{"href":"https:\/\/ovelanalista.com\/index.php?rest_route=\/wp\/v2\/posts"}],"about":[{"href":"https:\/\/ovelanalista.com\/index.php?rest_route=\/wp\/v2\/types\/post"}],"author":[{"embeddable":true,"href":"https:\/\/ovelanalista.com\/index.php?rest_route=\/wp\/v2\/users\/3"}],"replies":[{"embeddable":true,"href":"https:\/\/ovelanalista.com\/index.php?rest_route=%2Fwp%2Fv2%2Fcomments&post=149757"}],"version-history":[{"count":1,"href":"https:\/\/ovelanalista.com\/index.php?rest_route=\/wp\/v2\/posts\/149757\/revisions"}],"predecessor-version":[{"id":149762,"href":"https:\/\/ovelanalista.com\/index.php?rest_route=\/wp\/v2\/posts\/149757\/revisions\/149762"}],"wp:featuredmedia":[{"embeddable":true,"href":"https:\/\/ovelanalista.com\/index.php?rest_route=\/wp\/v2\/media\/149761"}],"wp:attachment":[{"href":"https:\/\/ovelanalista.com\/index.php?rest_route=%2Fwp%2Fv2%2Fmedia&parent=149757"}],"wp:term":[{"taxonomy":"category","embeddable":true,"href":"https:\/\/ovelanalista.com\/index.php?rest_route=%2Fwp%2Fv2%2Fcategories&post=149757"},{"taxonomy":"post_tag","embeddable":true,"href":"https:\/\/ovelanalista.com\/index.php?rest_route=%2Fwp%2Fv2%2Ftags&post=149757"}],"curies":[{"name":"wp","href":"https:\/\/api.w.org\/{rel}","templated":true}]}}