{"id":149758,"date":"2026-07-20T13:00:17","date_gmt":"2026-07-20T20:00:17","guid":{"rendered":"https:\/\/ovelanalista.com\/?p=149758"},"modified":"2026-07-20T09:07:47","modified_gmt":"2026-07-20T16:07:47","slug":"el-clan-zambada-la-dinastia-detras-de-el-mayo-el-fundador-del-cartel-de-sinaloa-que-esta-por-ser-sentenciado-en-eeuu","status":"publish","type":"post","link":"https:\/\/ovelanalista.com\/?p=149758","title":{"rendered":"El clan Zambada: la dinast\u00eda detr\u00e1s de \u201cEl Mayo\u201d, el fundador del C\u00e1rtel de Sinaloa que est\u00e1 por ser sentenciado en EEUU"},"content":{"rendered":"<p class=\"article-subheadline text-align-left\">Un memorando judicial revel\u00f3 que tuvo 16 hijos con cinco mujeres distintas, varios de ellos con procesos penales y al menos uno activo en la guerra por el control del C\u00e1rtel de Sinaloa.<\/p>\n<p><strong>Por <a class=\"author-name\" href=\"https:\/\/www.infobae.com\/autor\/juan-castillo\/\" aria-label=\"Juan Castillo\">Juan Castillo<\/a><\/strong><\/p>\n<p class=\"paragraph\" data-mrf-recirculation=\"Links inline\"><a title=\"https:\/\/www.infobae.com\/mexico\/2026\/07\/20\/la-ultima-aparicion-publica-de-el-mayo-zambada-que-pasara-hoy-en-su-audiencia-de-sentencia-en-eeuu\/\" href=\"https:\/\/www.infobae.com\/mexico\/2026\/07\/20\/la-ultima-aparicion-publica-de-el-mayo-zambada-que-pasara-hoy-en-su-audiencia-de-sentencia-en-eeuu\/\" target=\"_blank\" rel=\"noopener noreferrer\" data-mrf-link=\"https:\/\/www.infobae.com\/mexico\/2026\/07\/20\/la-ultima-aparicion-publica-de-el-mayo-zambada-que-pasara-hoy-en-su-audiencia-de-sentencia-en-eeuu\/\"><b>Ismael<\/b>\u00a0<b>\u201cEl Mayo\u201d<\/b>\u00a0<b>Zambada<\/b>\u00a0<b>Garc\u00eda<\/b><\/a>\u00a0lleg\u00f3 al mundo del narcotr\u00e1fico a los 19 a\u00f1os sembrando marihuana en las monta\u00f1as de\u00a0<b>Sinaloa<\/b>. M\u00e1s de medio siglo despu\u00e9s, el cofundador del\u00a0<b>C\u00e1rtel de Sinaloa<\/b>\u00a0aguarda este 20 de julio su sentencia en la corte federal de\u00a0<b>Brooklyn<\/b>,\u00a0<b>Nueva York<\/b>, tras haberse declarado\u00a0<b>culpable<\/b>\u00a0en agosto de 2025.<\/p>\n<div class=\"marfeel-recommender marfeel-recommender-1\">\n<div class=\"recommended-card__image-container\">\n<p class=\"paragraph\" data-mrf-recirculation=\"Links inline\">Detr\u00e1s de \u00e9l qued\u00f3 una familia de proporciones inusuales incluso para el mundo del crimen organizado: 16 hijos con cinco mujeres, varios de ellos procesados por tribunales de\u00a0<a title=\"https:\/\/www.infobae.com\/mexico\/2026\/07\/20\/claudia-sheinbaum-vuela-de-regreso-a-mexico-tras-asistir-a-la-final-del-mundial-2026-en-eeuu\/\" href=\"https:\/\/www.infobae.com\/mexico\/2026\/07\/20\/claudia-sheinbaum-vuela-de-regreso-a-mexico-tras-asistir-a-la-final-del-mundial-2026-en-eeuu\/\" target=\"_blank\" rel=\"noopener noreferrer\" data-mrf-link=\"https:\/\/www.infobae.com\/mexico\/2026\/07\/20\/claudia-sheinbaum-vuela-de-regreso-a-mexico-tras-asistir-a-la-final-del-mundial-2026-en-eeuu\/\"><b>Estados Unidos<\/b><\/a>, y una facci\u00f3n criminal que no ha cesado el poder que construy\u00f3 en\u00a0<b>M\u00e9xico<\/b>.<\/p>\n<\/div>\n<div class=\"inline ad-wrapper dfpAd ad-inline ad-text ad-component-container\" data-ad-wrapper=\"arcad\" data-ad-type=\"inline\" data-ad-slot=\"infobae\/mexico\/nota\/inline\" data-ad-container=\"dfp\" data-ad-slot-name=\"infobae\/mexico\/nota\/inline\">El memorando que su abogado\u00a0<b>Frank P\u00e9rez<\/b>\u00a0present\u00f3 ante el juez\u00a0<a title=\"https:\/\/www.infobae.com\/mexico\/2026\/07\/16\/que-es-la-linea-el-grupo-criminal-detras-de-la-masacre-de-la-familia-lebaron-por-la-que-buscan-reclamar-dinero-de-el-mayo-zambada\/\" href=\"https:\/\/www.infobae.com\/mexico\/2026\/07\/16\/que-es-la-linea-el-grupo-criminal-detras-de-la-masacre-de-la-familia-lebaron-por-la-que-buscan-reclamar-dinero-de-el-mayo-zambada\/\" target=\"_blank\" rel=\"noopener noreferrer\" data-mrf-link=\"https:\/\/www.infobae.com\/mexico\/2026\/07\/16\/que-es-la-linea-el-grupo-criminal-detras-de-la-masacre-de-la-familia-lebaron-por-la-que-buscan-reclamar-dinero-de-el-mayo-zambada\/\"><b>Brian Cogan<\/b><\/a>\u00a0el pasado 6 de julio de 2026 confirm\u00f3 la cifra de\u00a0<b>descendientes<\/b>, con edades que van de los 6 a los 55 a\u00f1os. El documento precisa que\u00a0<b>Zambada Garc\u00eda<\/b>\u00a0procur\u00f3 mantener contacto con cada uno de ellos a pesar de las circunstancias. Solo\u00a0<b>10<\/b>\u00a0han sido identificados p\u00fablicamente en registros judiciales o listas de sanciones.<\/div>\n<\/div>\n<div data-ad-wrapper=\"arcad\" data-ad-type=\"inline\" data-ad-slot=\"infobae\/mexico\/nota\/inline\" data-ad-container=\"dfp\" data-ad-slot-name=\"infobae\/mexico\/nota\/inline\"><\/div>\n<div data-ad-wrapper=\"arcad\" data-ad-type=\"inline\" data-ad-slot=\"infobae\/mexico\/nota\/inline\" data-ad-container=\"dfp\" data-ad-slot-name=\"infobae\/mexico\/nota\/inline\">\n<p class=\"paragraph\" data-mrf-recirculation=\"Links inline\">La facci\u00f3n que construy\u00f3 en d\u00e9cadas no dej\u00f3 de moverse luego de que\u00a0<b>Joaqu\u00edn Guzm\u00e1n L\u00f3pez<\/b>, hijo de\u00a0<b>\u201cEl Chapo\u201d<\/b>, lo secuestrara y entregara a las autoridades de\u00a0<b>Estados Unidos\u00a0<\/b>en julio de 2024. Su hijo\u00a0<b>Ismael Zambada Sicairos<\/b>, alias\u00a0<b>\u201cEl Mayito Flaco\u201d<\/b>, tom\u00f3 el mando de \u201cLos Mayos\u201d y conduce la guerra contra \u201cLos Chapitos\u201d que estall\u00f3 en septiembre de ese a\u00f1o.<\/p>\n<p data-mrf-recirculation=\"Links inline\">Dos de sus otros hijos protagonizaron los episodios m\u00e1s recientes del clan:\u00a0<b>M\u00f3nica del Rosario<\/b>\u00a0fue detenida y liberada desde un helic\u00f3ptero de la\u00a0<b>Marina<\/b>\u00a0en un operativo en marzo de 2026, e\u00a0<b>Ismael Zambada Imperial<\/b>, mejor conocido como\u00a0<b>\u201cEl Mayito Gordo\u201d<\/b>, presuntamente habr\u00eda regresado a\u00a0<b>M\u00e9xico<\/b>\u00a0para sumarse a los combates.<\/p>\n<h2 id=\"cinco-hijos-con-su-primera-esposa-tres-de-ellos-sancionados-por-estados-unidos\" class=\"text-align-left vertical-align-top line-height-100 header headline-class-h2 headline\">Cinco hijos con su primera esposa, tres de ellos sancionados por Estados Unidos<\/h2>\n<p class=\"paragraph\" data-mrf-recirculation=\"Links inline\"><b>Rosario Niebla Cardoza<\/b>\u00a0fue la primera mujer de\u00a0<b>\u201cEl Mayo\u201d<\/b>. Se conocieron en\u00a0<b>Culiac\u00e1n<\/b>\u00a0cuando \u00e9l repart\u00eda carne para su t\u00edo y ella trabajaba en una refiner\u00eda de az\u00facar. Se casaron en 1968 y tuvieron cinco hijos en dos d\u00e9cadas de matrimonio:\u00a0<b>Mar\u00eda Teresa<\/b>,\u00a0<b>Midiam Patricia<\/b>,\u00a0<b>Jes\u00fas Vicente<\/b>,\u00a0<b>M\u00f3nica del Rosario\u00a0<\/b>y\u00a0<b>Modesta<\/b>.<\/p>\n<p class=\"paragraph\" data-mrf-recirculation=\"Links inline\">Las tres hijas mayores \u2014<b>Mar\u00eda Teresa<\/b>,\u00a0<b>Midiam<\/b>\u00a0y\u00a0<b>Modesta<\/b>\u2014 quedaron registradas en listas de sanciones del gobierno de\u00a0<b>Estados Unidos\u00a0<\/b>por su presunto papel en operaciones de lavado de dinero para las redes de su padre. Se mantuvieron alejadas del liderazgo criminal y del escrutinio p\u00fablico.<\/p>\n<div class=\"visual__image\">\n<picture><source srcset=\"https:\/\/www.infobae.com\/resizer\/v2\/JIGVMLGTRFDT7H6HO6U7HRLUEQ.jpg?auth=04b2228521a75d76181041726dab36158494b87e2bffc84f68ea2367114c6418&amp;smart=true&amp;width=992&amp;height=1114&amp;quality=85\" media=\"(min-width: 1000px)\" \/><source srcset=\"https:\/\/www.infobae.com\/resizer\/v2\/JIGVMLGTRFDT7H6HO6U7HRLUEQ.jpg?auth=04b2228521a75d76181041726dab36158494b87e2bffc84f68ea2367114c6418&amp;smart=true&amp;width=768&amp;height=863&amp;quality=85\" media=\"(min-width: 768px)\" \/><source srcset=\"https:\/\/www.infobae.com\/resizer\/v2\/JIGVMLGTRFDT7H6HO6U7HRLUEQ.jpg?auth=04b2228521a75d76181041726dab36158494b87e2bffc84f68ea2367114c6418&amp;smart=true&amp;width=577&amp;height=648&amp;quality=85\" media=\"(min-width: 580px)\" \/><source srcset=\"https:\/\/www.infobae.com\/resizer\/v2\/JIGVMLGTRFDT7H6HO6U7HRLUEQ.jpg?auth=04b2228521a75d76181041726dab36158494b87e2bffc84f68ea2367114c6418&amp;smart=true&amp;width=420&amp;height=472&amp;quality=85\" media=\"(min-width: 350px)\" \/><source srcset=\"https:\/\/www.infobae.com\/resizer\/v2\/JIGVMLGTRFDT7H6HO6U7HRLUEQ.jpg?auth=04b2228521a75d76181041726dab36158494b87e2bffc84f68ea2367114c6418&amp;smart=true&amp;width=350&amp;height=393&amp;quality=85\" media=\"(min-width: 80px)\" \/><\/picture>\n<div style=\"width: 1314px\" class=\"wp-caption alignnone\"><img loading=\"lazy\" decoding=\"async\" class=\"global-image\" src=\"https:\/\/www.infobae.com\/resizer\/v2\/JIGVMLGTRFDT7H6HO6U7HRLUEQ.jpg?auth=04b2228521a75d76181041726dab36158494b87e2bffc84f68ea2367114c6418&amp;smart=true&amp;width=350&amp;height=393&amp;quality=85\" alt=\"El Vicentillo tras ser capturado por elementos federales en la Ciudad de M\u00e9xico.FOTO: ALBERTO VERA\/CUARTOSCURO.COM\" width=\"1304\" height=\"1465\" \/><p class=\"wp-caption-text\">El Vicentillo tras ser capturado por elementos federales en la Ciudad de M\u00e9xico. FOTO: ALBERTO VERA\/CUARTOSCURO.COM<\/p><\/div>\n<\/div>\n<p class=\"paragraph\" data-mrf-recirculation=\"Links inline\"><b>Jes\u00fas Vicente Zambada Niebla<\/b>,<a title=\"https:\/\/www.infobae.com\/mexico\/2026\/07\/08\/el-vicentillo-el-dia-que-el-hijo-de-el-mayo-zambada-fue-capturado-en-la-cdmx-con-miles-de-pesos-y-armas\/\" href=\"https:\/\/www.infobae.com\/mexico\/2026\/07\/08\/el-vicentillo-el-dia-que-el-hijo-de-el-mayo-zambada-fue-capturado-en-la-cdmx-con-miles-de-pesos-y-armas\/\" target=\"_blank\" rel=\"noopener noreferrer\" data-mrf-link=\"https:\/\/www.infobae.com\/mexico\/2026\/07\/08\/el-vicentillo-el-dia-que-el-hijo-de-el-mayo-zambada-fue-capturado-en-la-cdmx-con-miles-de-pesos-y-armas\/\"><b>\u201cEl Vicentillo\u201d<\/b><\/a>, fue durante a\u00f1os el heredero m\u00e1s visible de la organizaci\u00f3n. Cay\u00f3 preso en la\u00a0<b>Ciudad de M\u00e9xico<\/b>\u00a0en 2009. Extraditado a\u00a0<b>EEUU<\/b>\u00a0al a\u00f1o siguiente, termin\u00f3 declarando contra<b>\u00a0\u201cEl Chapo\u201d Guzm\u00e1n<\/b>\u00a0en el juicio que le cost\u00f3 a este \u00faltimo cadena perpetua m\u00e1s 30 a\u00f1os de c\u00e1rcel. Su cooperaci\u00f3n le redujo la condena y sali\u00f3 libre en 2021 con medidas de protecci\u00f3n.<\/p>\n<div style=\"width: 959px\" class=\"wp-caption alignnone\"><img loading=\"lazy\" decoding=\"async\" src=\"https:\/\/www.infobae.com\/resizer\/v2\/UZZRIYO2X5DN5JFKE5JEDM64VY.jpg?auth=34a8951f3ba31e08420b344866ec0db6ec93e13d1d635bdadbc106fcddb22815&amp;smart=true&amp;width=350&amp;height=197&amp;quality=85\" alt=\"El se\u00f1alamiento como presunta participe de una red de empresas fachada fue hecho por autoridades de EEUU. Cr\u00e9dito: Departamento del Tesoro de EEUU\" width=\"949\" height=\"534\" \/><p class=\"wp-caption-text\">El se\u00f1alamiento como presunta participe de una red de empresas fachada fue hecho por autoridades de EEUU. Cr\u00e9dito: Departamento del Tesoro de EEUU<\/p><\/div>\n<p class=\"paragraph\" data-mrf-recirculation=\"Links inline\"><a title=\"https:\/\/www.infobae.com\/mexico\/2026\/03\/20\/estas-son-las-empresas-fachada-que-eeuu-vinculo-con-monica-del-rosario-hija-de-el-mayo-zambada\/\" href=\"https:\/\/www.infobae.com\/mexico\/2026\/03\/20\/estas-son-las-empresas-fachada-que-eeuu-vinculo-con-monica-del-rosario-hija-de-el-mayo-zambada\/\" target=\"_blank\" rel=\"noopener noreferrer\" data-mrf-link=\"https:\/\/www.infobae.com\/mexico\/2026\/03\/20\/estas-son-las-empresas-fachada-que-eeuu-vinculo-con-monica-del-rosario-hija-de-el-mayo-zambada\/\"><b>M\u00f3nica del Rosario Zambada Niebla<\/b><\/a>\u00a0protagoniz\u00f3 el episodio m\u00e1s reciente del clan en\u00a0<b>M\u00e9xico<\/b>. En marzo de 2026, elementos de la\u00a0<b>Secretar\u00eda de Marina\u00a0<\/b>intervinieron un domicilio en\u00a0<b>El Salado<\/b>\u00a0vinculado a Los Mayos.\u00a0<b>M\u00f3nica<\/b>\u00a0fue detenida e ingresada a un helic\u00f3ptero. Las autoridades federales negaron su captura en un primer momento, pero la publicaci\u00f3n de videos los oblig\u00f3 a rectificar.<\/p>\n<p class=\"paragraph\" data-mrf-recirculation=\"Links inline\">Qued\u00f3 libre porque no ten\u00eda cargos penales en M\u00e9xico, aunque el Departamento del Tesoro de Estados Unidos la incluy\u00f3 en sus listas de sanciones desde 2007.<\/p>\n<\/div>\n<div class=\"ad_3 ad-wrapper dfpAd ad-1-al-6 ad-text ad-component-container\" data-ad-wrapper=\"arcad\" data-ad-type=\"ad_3\" data-ad-slot=\"infobae\/mexico\/nota\/ad_3\" data-ad-container=\"dfp\" data-ad-slot-name=\"infobae\/mexico\/nota\/ad_3\">\n<h2 id=\"&quot;el-mayito-flaco&quot;-lidera-los-mayos-y-&quot;el-gordo&quot;-habria-vuelto-a-mexico\" class=\"text-align-left vertical-align-top line-height-100 header headline-class-h2 headline\">\u201cEl Mayito Flaco\u201d lidera Los Mayos y \u201cEl Gordo\u201d habr\u00eda vuelto a M\u00e9xico<\/h2>\n<p class=\"paragraph\" data-mrf-recirculation=\"Links inline\">De sus relaciones posteriores nacieron los hijos que asumieron roles operativos dentro del c\u00e1rtel.\u00a0<b>Ismael Zambada Sicairos<\/b>,\u00a0<a title=\"https:\/\/www.infobae.com\/mexico\/2026\/06\/30\/defensa-envia-mil-elementos-a-sinaloa-tras-operativo-contra-el-mayito-flaco-y-los-cabrera-sarabia-en-durango\/\" href=\"https:\/\/www.infobae.com\/mexico\/2026\/06\/30\/defensa-envia-mil-elementos-a-sinaloa-tras-operativo-contra-el-mayito-flaco-y-los-cabrera-sarabia-en-durango\/\" target=\"_blank\" rel=\"noopener noreferrer\" data-mrf-link=\"https:\/\/www.infobae.com\/mexico\/2026\/06\/30\/defensa-envia-mil-elementos-a-sinaloa-tras-operativo-contra-el-mayito-flaco-y-los-cabrera-sarabia-en-durango\/\"><b>\u201cEl Mayito Flaco\u201d<\/b><\/a>, hijo de\u00a0<b>Mar\u00eda del Refugio Sicairos Aispuro<\/b>, encabeza \u201cLos Mayos\u201d desde que su padre fue sacado de\u00a0<b>M\u00e9xico<\/b>.<\/p>\n<div class=\"visual__image\">\n<picture><source srcset=\"https:\/\/www.infobae.com\/resizer\/v2\/5AHVRUTEEVDS7II5RQSQYZV7YI.jpg?auth=441dad22fddf88f8c6dea1ed5467aceae94e5bbd632fe8fbd393c3e004f462a7&amp;smart=true&amp;width=992&amp;height=558&amp;quality=85\" media=\"(min-width: 1000px)\" \/><source srcset=\"https:\/\/www.infobae.com\/resizer\/v2\/5AHVRUTEEVDS7II5RQSQYZV7YI.jpg?auth=441dad22fddf88f8c6dea1ed5467aceae94e5bbd632fe8fbd393c3e004f462a7&amp;smart=true&amp;width=768&amp;height=432&amp;quality=85\" media=\"(min-width: 768px)\" \/><source srcset=\"https:\/\/www.infobae.com\/resizer\/v2\/5AHVRUTEEVDS7II5RQSQYZV7YI.jpg?auth=441dad22fddf88f8c6dea1ed5467aceae94e5bbd632fe8fbd393c3e004f462a7&amp;smart=true&amp;width=577&amp;height=325&amp;quality=85\" media=\"(min-width: 580px)\" \/><source srcset=\"https:\/\/www.infobae.com\/resizer\/v2\/5AHVRUTEEVDS7II5RQSQYZV7YI.jpg?auth=441dad22fddf88f8c6dea1ed5467aceae94e5bbd632fe8fbd393c3e004f462a7&amp;smart=true&amp;width=420&amp;height=236&amp;quality=85\" media=\"(min-width: 350px)\" \/><source srcset=\"https:\/\/www.infobae.com\/resizer\/v2\/5AHVRUTEEVDS7II5RQSQYZV7YI.jpg?auth=441dad22fddf88f8c6dea1ed5467aceae94e5bbd632fe8fbd393c3e004f462a7&amp;smart=true&amp;width=350&amp;height=197&amp;quality=85\" media=\"(min-width: 80px)\" \/><\/picture>\n<div style=\"width: 1930px\" class=\"wp-caption alignnone\"><img loading=\"lazy\" decoding=\"async\" class=\"global-image\" src=\"https:\/\/www.infobae.com\/resizer\/v2\/5AHVRUTEEVDS7II5RQSQYZV7YI.jpg?auth=441dad22fddf88f8c6dea1ed5467aceae94e5bbd632fe8fbd393c3e004f462a7&amp;smart=true&amp;width=350&amp;height=197&amp;quality=85\" alt=\"Mayito Flaco buscado por la DEA\" width=\"1920\" height=\"1080\" \/><p class=\"wp-caption-text\">Ismael Zambada Sicairos, alias El Mayito Flaco, es quien estar\u00eda detr\u00e1s de la ofensiva de la facci\u00f3n tras el secuestro y entrega de su padre. Imagen: Infobae<\/p><\/div>\n<p>Seg\u00fan datos del centro de investigaci\u00f3n\u00a0<i>InSight Crime<\/i>, opera desde\u00a0<b>Culiac\u00e1n<\/b>\u00a0y es el principal art\u00edfice de la guerra contra\u00a0<b>\u201cLos Chapitos\u201d\u00a0<\/b>que ha dejado miles de muertos en el estado. La\u00a0<b>DEA<\/b>\u00a0lo tiene como objetivo prioritario y permanece pr\u00f3fugo. Sobre su cabeza existe una recompensa de 15 millones de d\u00f3lares, lanzada por el gobierno estadounidense.<\/p>\n<\/div>\n<\/div>\n<div class=\"ad_4 ad-wrapper dfpAd ad-1-al-6 ad-text ad-component-container\" data-ad-wrapper=\"arcad\" data-ad-type=\"ad_4\" data-ad-slot=\"infobae\/mexico\/nota\/ad_4\" data-ad-container=\"dfp\" data-ad-slot-name=\"infobae\/mexico\/nota\/ad_4\"><\/div>\n<div data-ad-wrapper=\"arcad\" data-ad-type=\"ad_4\" data-ad-slot=\"infobae\/mexico\/nota\/ad_4\" data-ad-container=\"dfp\" data-ad-slot-name=\"infobae\/mexico\/nota\/ad_4\"><img loading=\"lazy\" decoding=\"async\" class=\"\" src=\"https:\/\/www.infobae.com\/resizer\/v2\/6CR7YNGO2BAVVMFU7OE7IHLSAU.jpg?auth=84e41cf0b62b7472e99472acede89d2d64314896fdf41642c6c69f8a86ec4041&amp;smart=true&amp;width=350&amp;height=196&amp;quality=85\" alt=\"Mayito Gordo C\u00e1rtel de Sinaloa Mayo Zambada Ismael Zambada Imperial (Foto: Especial)\" width=\"1102\" height=\"617\" \/><\/div>\n<div data-ad-wrapper=\"arcad\" data-ad-type=\"ad_4\" data-ad-slot=\"infobae\/mexico\/nota\/ad_4\" data-ad-container=\"dfp\" data-ad-slot-name=\"infobae\/mexico\/nota\/ad_4\">\n<p class=\"paragraph\" data-mrf-recirculation=\"Links inline\"><b>Ismael Zambada Imperial<\/b>, alias\u00a0<a title=\"https:\/\/www.infobae.com\/mexico\/2026\/07\/09\/el-mayito-gordo-se-habria-fugado-de-eeuu-y-regresado-a-mexico-para-pelear-contra-los-chapitos-segun-luis-chaparro\/\" href=\"https:\/\/www.infobae.com\/mexico\/2026\/07\/09\/el-mayito-gordo-se-habria-fugado-de-eeuu-y-regresado-a-mexico-para-pelear-contra-los-chapitos-segun-luis-chaparro\/\" target=\"_blank\" rel=\"noopener noreferrer\" data-mrf-link=\"https:\/\/www.infobae.com\/mexico\/2026\/07\/09\/el-mayito-gordo-se-habria-fugado-de-eeuu-y-regresado-a-mexico-para-pelear-contra-los-chapitos-segun-luis-chaparro\/\"><b>\u201cEl Mayito Gordo\u201d<\/b><\/a>, hijo de\u00a0<b>Margarita Imperial L\u00f3pez<\/b>, tuvo un recorrido distinto. Detenido en\u00a0<b>Culiac\u00e1n<\/b>\u00a0en 2014 por la Marina, fue extraditado a\u00a0<b>San Diego<\/b>\u00a0cinco a\u00f1os despu\u00e9s. En 2022 lleg\u00f3 a un acuerdo con la justicia estadounidense: se declar\u00f3 culpable, pag\u00f3 el decomiso de 5 millones de d\u00f3lares y recuper\u00f3 la libertad bajo supervisi\u00f3n en\u00a0<b>California<\/b>.<\/p>\n<p class=\"paragraph\" data-mrf-recirculation=\"Links inline\">Recientemente el periodista<b>\u00a0Luis Chaparro<\/b>\u00a0report\u00f3 en\u00a0<i>Pie de Nota<\/i>\u00a0que\u00a0<b>Zambada Imperial\u00a0<\/b>habr\u00eda cruzado de regreso a\u00a0<b>M\u00e9xico<\/b>\u00a0en mayo de 2026, en violaci\u00f3n de las condiciones de su libertad supervisada, para incorporarse a los combates en\u00a0<b>Durango<\/b>\u00a0junto a la familia\u00a0<b>Cabrera Sarabia<\/b>, aliada de\u00a0<b>\u201cLos Mayos\u201d.<\/b><\/p>\n<\/div>\n<div class=\"ad_5 ad-wrapper dfpAd ad-1-al-6 ad-text ad-component-container\" data-ad-wrapper=\"arcad\" data-ad-type=\"ad_5\" data-ad-slot=\"infobae\/mexico\/nota\/ad_5\" data-ad-container=\"dfp\" data-ad-slot-name=\"infobae\/mexico\/nota\/ad_5\">\n<p class=\"paragraph\" data-mrf-recirculation=\"Links inline\">En junio de 2026, im\u00e1genes de c\u00e1maras de vigilancia en un mercado de\u00a0<b>Yautepec<\/b>,\u00a0<b>Morelos<\/b>, circularon en redes sociales con la afirmaci\u00f3n de que hab\u00eda sido detenido. El Registro Nacional de Detenciones desminti\u00f3 la versi\u00f3n: el arrestado fue\u00a0<b>Jovany Santa Cruz Molina<\/b>, alias\u00a0<b>\u201cLa Mu\u00f1eca\u201d<\/b>, se\u00f1alado por su presunto v\u00ednculo con el homicidio de dos colaboradores de la jefa de Gobierno de la Ciudad de M\u00e9xico\u00a0<b>Clara Brugada<\/b>. Esa confusi\u00f3n volvi\u00f3 a poner los ojos sobre\u00a0<b>\u201cEl Mayito Gordo\u201d<\/b>.<\/p>\n<h2 id=\"serafin-coopero-y-&quot;el-chavo&quot;-se-declaro-culpable-en-san-diego\" class=\"text-align-left vertical-align-top line-height-100 header headline-class-h2 headline\">Seraf\u00edn cooper\u00f3 y \u201cEl Chavo\u201d se declar\u00f3 culpable en San Diego<\/h2>\n<p class=\"paragraph\" data-mrf-recirculation=\"Links inline\"><b>Seraf\u00edn Zambada Ortiz<\/b>,\u00a0<b>\u201cEl Sera\u201d<\/b>, hijo de\u00a0<b>Leticia Ortiz Hern\u00e1ndez<\/b>, naci\u00f3 en 1990 en\u00a0<b>San Diego<\/b>,\u00a0<b>California.\u00a0<\/b>Seg\u00fan los datos disponibles, es el \u00fanico del clan con nacionalidad estadounidense. Estudi\u00f3 Agronom\u00eda en la Universidad Aut\u00f3noma de Sinaloa antes de seguir los pasos de su padre. Agentes de la\u00a0<b>DEA<\/b>\u00a0lo detuvieron en el cruce fronterizo de Nogales en noviembre de 2013. Se declar\u00f3 culpable de conspiraci\u00f3n para importar coca\u00edna y marihuana, y sali\u00f3 libre en 2018 tras cooperar con el Departamento de Justicia de Estados Unidos, con una condena reducida a cinco a\u00f1os.<\/p>\n<p data-mrf-recirculation=\"Links inline\"><img loading=\"lazy\" decoding=\"async\" class=\"\" src=\"https:\/\/www.infobae.com\/resizer\/v2\/ZCRIPYP4WRBX3KCTTXT7LCYNTY.png?auth=33609e3bd6801710f422421f96521e77b4d07120101590d2fd09e1bc0dca6de3&amp;smart=true&amp;width=350&amp;height=197&amp;quality=85\" alt=\"Seraf\u00edn Zambada Ortiz, hijo de 'El Mayo'\" width=\"789\" height=\"444\" \/><\/p>\n<p class=\"paragraph\" data-mrf-recirculation=\"Links inline\">Su regreso a\u00a0<b>M\u00e9xico<\/b>\u00a0lo puso de nuevo en los titulares. El 25 de abril de 2022, un tr\u00e1iler impact\u00f3 el veh\u00edculo en que viajaba en la carretera Sonoyta-Caborca, en\u00a0<b>Sonora<\/b>. Presuntamente fue intervenido quir\u00fargicamente de urgencia en un hospital privado de\u00a0<b>Hermosillo<\/b>\u00a0y trasladado en avi\u00f3n a\u00a0<b>Culiac\u00e1n<\/b>\u00a0en estado grave. La mujer que lo acompa\u00f1aba, identificada como\u00a0<b>Norma<\/b>, muri\u00f3 en el traslado al hospital. Algunos medios reportaron que hab\u00eda contra\u00eddo matrimonio recientemente con\u00a0<b>Zambada Ortiz.<\/b><\/p>\n<p class=\"paragraph\" data-mrf-recirculation=\"Links inline\"><b>Teresa Zambada Ortiz<\/b>, hermana de\u00a0<b>Seraf\u00edn<\/b>\u00a0e hija tambi\u00e9n de\u00a0<b>Leticia Ortiz Hern\u00e1ndez<\/b>, mantuvo un perfil discreto. Su nombre apareci\u00f3 en el expediente judicial de su esposo:\u00a0<b>Juan Carlos F\u00e9lix Gast\u00e9lum<\/b>,<b>\u00a0\u201cEl Chavo F\u00e9lix\u201d<\/b>, se\u00f1alado como uno de los principales operadores de Los Mayos.<\/p>\n<div class=\"visual__image\"><picture><source srcset=\"https:\/\/www.infobae.com\/resizer\/v2\/3MMSSYHVBVAV7JSTOTXUB5SQ4A.jpg?auth=294073f1faf05086d12a235318d1b09d6afd2289f66c142d2c30a124d803b753&amp;smart=true&amp;width=992&amp;height=558&amp;quality=85\" media=\"(min-width: 1000px)\" \/><source srcset=\"https:\/\/www.infobae.com\/resizer\/v2\/3MMSSYHVBVAV7JSTOTXUB5SQ4A.jpg?auth=294073f1faf05086d12a235318d1b09d6afd2289f66c142d2c30a124d803b753&amp;smart=true&amp;width=768&amp;height=432&amp;quality=85\" media=\"(min-width: 768px)\" \/><source srcset=\"https:\/\/www.infobae.com\/resizer\/v2\/3MMSSYHVBVAV7JSTOTXUB5SQ4A.jpg?auth=294073f1faf05086d12a235318d1b09d6afd2289f66c142d2c30a124d803b753&amp;smart=true&amp;width=577&amp;height=325&amp;quality=85\" media=\"(min-width: 580px)\" \/><source srcset=\"https:\/\/www.infobae.com\/resizer\/v2\/3MMSSYHVBVAV7JSTOTXUB5SQ4A.jpg?auth=294073f1faf05086d12a235318d1b09d6afd2289f66c142d2c30a124d803b753&amp;smart=true&amp;width=420&amp;height=236&amp;quality=85\" media=\"(min-width: 350px)\" \/><source srcset=\"https:\/\/www.infobae.com\/resizer\/v2\/3MMSSYHVBVAV7JSTOTXUB5SQ4A.jpg?auth=294073f1faf05086d12a235318d1b09d6afd2289f66c142d2c30a124d803b753&amp;smart=true&amp;width=350&amp;height=197&amp;quality=85\" media=\"(min-width: 80px)\" \/><img loading=\"lazy\" decoding=\"async\" class=\"global-image\" src=\"https:\/\/www.infobae.com\/resizer\/v2\/3MMSSYHVBVAV7JSTOTXUB5SQ4A.jpg?auth=294073f1faf05086d12a235318d1b09d6afd2289f66c142d2c30a124d803b753&amp;smart=true&amp;width=350&amp;height=197&amp;quality=85\" alt=\"\u00bfQui\u00e9n es Teresita Zambada, hija de El Mayo Zambada y esposa de El Chavo F\u00e9lix? (X\/@illicitinv)\" width=\"1920\" height=\"1080\" \/><\/picture>Fotograf\u00eda de Teresa y su esposo, El &#8211;Chavo F\u00e9lix. (X\/@illicitinv)<\/div>\n<p class=\"paragraph\" data-mrf-recirculation=\"Links inline\">El 26 de junio de 2026,<b>\u00a0F\u00e9lix Gast\u00e9lum<\/b>\u00a0se declar\u00f3 culpable ante una corte federal de\u00a0<b>San Diego<\/b>\u00a0de narcotr\u00e1fico y lavado de dinero. Admiti\u00f3 haber coordinado la producci\u00f3n de metanfetamina en\u00a0<b>Sinaloa<\/b>\u00a0y\u00a0<b>Durango<\/b>. Su sentencia est\u00e1 programada para marzo de 2027.<\/p>\n<p class=\"paragraph\" data-mrf-recirculation=\"Links inline\"><b>Ana Mar\u00eda Zambada Lara<\/b>, hija de\u00a0<b>Alicia Lara Camberos<\/b>, es la menos documentada del \u00e1rbol familiar. De los seis hijos restantes no se conocen identidades, madres ni v\u00ednculo con el c\u00e1rtel.<\/p>\n<p class=\"paragraph\" data-mrf-recirculation=\"Links inline\">En conclusi\u00f3n, el clan que\u00a0<b>Zambada Garc\u00eda<\/b>\u00a0construy\u00f3 en paralelo al c\u00e1rtel sigue activo: un hijo pr\u00f3fugo conduce la guerra en\u00a0<b>Sinaloa<\/b>, otro habr\u00eda vuelto a\u00a0<b>M\u00e9xico<\/b>\u00a0a pelear, una hija fue bajada de un helic\u00f3ptero de la\u00a0<b>Marina<\/b>\u00a0y su yerno negoci\u00f3 su culpabilidad en<b>\u00a0San Diego.<\/b><\/p>\n<p class=\"paragraph\" data-mrf-recirculation=\"Links inline\">En 2010, cuando el periodista\u00a0<b>Julio Scherer Garc\u00eda<\/b>\u00a0lo entrevist\u00f3 en las monta\u00f1as del<b>\u00a0Tri\u00e1ngulo Dorado<\/b>\u00a0para\u00a0<i>Proceso<\/i>,\u00a0<b>\u201cEl Mayo\u201d<\/b>\u00a0lo anticip\u00f3:\u00a0<i>\u201cEl narco est\u00e1 en la sociedad, metido en sus entra\u00f1as. Si me agarran o me matan, nada cambia\u201d.<\/i><\/p>\n<\/div>\n<div data-ad-wrapper=\"arcad\" data-ad-type=\"inline\" data-ad-slot=\"infobae\/mexico\/nota\/inline\" data-ad-container=\"dfp\" data-ad-slot-name=\"infobae\/mexico\/nota\/inline\">\n<p data-mrf-recirculation=\"Links inline\">Con informaci\u00f3n de Infobae<\/p>\n<\/div>\n","protected":false},"excerpt":{"rendered":"<p>Un memorando judicial revel\u00f3 que tuvo 16 hijos con cinco mujeres distintas, varios de ellos con procesos penales y al menos uno activo en la guerra por el control del C\u00e1rtel de Sinaloa. Por Juan Castillo Ismael\u00a0\u201cEl Mayo\u201d\u00a0Zambada\u00a0Garc\u00eda\u00a0lleg\u00f3 al mundo del narcotr\u00e1fico a los 19 a\u00f1os sembrando marihuana en las monta\u00f1as de\u00a0Sinaloa. M\u00e1s de medio siglo despu\u00e9s, el cofundador del\u00a0C\u00e1rtel de Sinaloa\u00a0aguarda este 20 de julio su sentencia en la corte federal de\u00a0Brooklyn,\u00a0Nueva York, tras haberse declarado\u00a0culpable\u00a0en agosto de 2025. Detr\u00e1s de \u00e9l qued\u00f3 una familia de proporciones inusuales incluso para el mundo del crimen organizado: 16 hijos con cinco [&hellip;]<\/p>\n","protected":false},"author":3,"featured_media":102720,"comment_status":"open","ping_status":"open","sticky":false,"template":"","format":"standard","meta":{"_jetpack_newsletter_access":"","_jetpack_dont_email_post_to_subs":false,"_jetpack_newsletter_tier_id":0,"_jetpack_memberships_contains_paywalled_content":false,"_jetpack_feature_clip_id":0,"_jetpack_memberships_contains_paid_content":false,"footnotes":"","jetpack_publicize_message":"","jetpack_publicize_feature_enabled":true,"jetpack_social_post_already_shared":true,"jetpack_social_options":{"image_generator_settings":{"template":"highway","default_image_id":0,"font":"","enabled":false},"version":2},"jetpack_post_was_ever_published":false},"categories":[90,89],"tags":[],"class_list":["post-149758","post","type-post","status-publish","format-standard","has-post-thumbnail","hentry","category-estatal","category-internacional","post--single"],"jetpack_publicize_connections":[],"jetpack_featured_media_url":"https:\/\/ovelanalista.com\/wp-content\/uploads\/2024\/09\/Captura-de-Pantalla-2024-09-03-a-las-9.26.35.png","jetpack_sharing_enabled":true,"_links":{"self":[{"href":"https:\/\/ovelanalista.com\/index.php?rest_route=\/wp\/v2\/posts\/149758","targetHints":{"allow":["GET"]}}],"collection":[{"href":"https:\/\/ovelanalista.com\/index.php?rest_route=\/wp\/v2\/posts"}],"about":[{"href":"https:\/\/ovelanalista.com\/index.php?rest_route=\/wp\/v2\/types\/post"}],"author":[{"embeddable":true,"href":"https:\/\/ovelanalista.com\/index.php?rest_route=\/wp\/v2\/users\/3"}],"replies":[{"embeddable":true,"href":"https:\/\/ovelanalista.com\/index.php?rest_route=%2Fwp%2Fv2%2Fcomments&post=149758"}],"version-history":[{"count":2,"href":"https:\/\/ovelanalista.com\/index.php?rest_route=\/wp\/v2\/posts\/149758\/revisions"}],"predecessor-version":[{"id":149768,"href":"https:\/\/ovelanalista.com\/index.php?rest_route=\/wp\/v2\/posts\/149758\/revisions\/149768"}],"wp:featuredmedia":[{"embeddable":true,"href":"https:\/\/ovelanalista.com\/index.php?rest_route=\/wp\/v2\/media\/102720"}],"wp:attachment":[{"href":"https:\/\/ovelanalista.com\/index.php?rest_route=%2Fwp%2Fv2%2Fmedia&parent=149758"}],"wp:term":[{"taxonomy":"category","embeddable":true,"href":"https:\/\/ovelanalista.com\/index.php?rest_route=%2Fwp%2Fv2%2Fcategories&post=149758"},{"taxonomy":"post_tag","embeddable":true,"href":"https:\/\/ovelanalista.com\/index.php?rest_route=%2Fwp%2Fv2%2Ftags&post=149758"}],"curies":[{"name":"wp","href":"https:\/\/api.w.org\/{rel}","templated":true}]}}