{"id":149759,"date":"2026-07-20T12:30:42","date_gmt":"2026-07-20T19:30:42","guid":{"rendered":"https:\/\/ovelanalista.com\/?p=149759"},"modified":"2026-07-20T09:05:43","modified_gmt":"2026-07-20T16:05:43","slug":"sentencia-de-el-mayo-zambada-hoy-este-es-el-castigo-que-recibe-el-lider-del-cartel-de-sinaloa","status":"publish","type":"post","link":"https:\/\/ovelanalista.com\/?p=149759","title":{"rendered":"Sentencia de &#8216;El Mayo&#8217; Zambada Hoy: Este Es el Castigo que Recibe el L\u00edder del C\u00e1rtel de Sinaloa"},"content":{"rendered":"<p>Este es el castigo que enfrentar\u00e1 Ismael &#8216;El Mayo&#8217; Zambada en EUA, luego de su declaraci\u00f3n de culpabilidad.<\/p>\n<section class=\"grid-layout col-span-full grid-paddings\">\n<section class=\"grid-center-layout bg-text-50 border border-text-50 rounded-m px-s pt-s pb-2xl dark-card dark:border-secondary-300 dark:bg-secondary-300 dark:text-secondary-50 mb-5 sm:mb-2xl\">\n<h2 class=\"text-2xl italic font-normal leading-5xl tracking-[-0.25px] text-secondary-600 dark:text-secondary-50 font-noto-serif mb-3 lg:mb-4\">Destacado<\/h2>\n<p class=\"text-secondary-600 dark:text-secondary-100 font-noto-serif font-normal tracking-normal lg:text-m lg:leading-2xl [text-box-trim:trim-both] [text-box-edge:cap_alphabetic] text-s leading-l\">Ismael &#8216;El Mayo&#8217; Zambada recibe cadena perpetua y debe pagar 15 mil millones de d\u00f3lares tras su declaraci\u00f3n de culpabilidad en Nueva York. Conoce m\u00e1s sobre la sentencia del l\u00edder del C\u00e1rtel de Sinaloa.<\/p>\n<\/section>\n<\/section>\n<section class=\"grid-layout col-span-full grid-paddings\">\n<div class=\"lexical-content grid-layout col-span-full\">\n<p class=\"font-noto-serif text-secondary-600 dark:text-white text-base font-normal leading-5 lg:text-m lg:leading-2xl mb-5 grid-center-layout\">Este lunes, 20 de julio de 2026, se realiz\u00f3 la audiencia de sentencia de\u00a0<strong>Ismael &#8216;<\/strong><strong><em>El Mayo<\/em><\/strong><strong>&#8216; Zambada<\/strong>, en una corte de Nueva York, Estados Unidos de Am\u00e9rica (EUA).<\/p>\n<div id=\"teads-container\" class=\"teads-container grid-center-layout\"><\/div>\n<p class=\"font-noto-serif text-secondary-600 dark:text-white text-base font-normal leading-5 lg:text-m lg:leading-2xl mb-5 grid-center-layout\">Cabe recordar que hace unos d\u00edas, la Fiscal\u00eda pidi\u00f3 a un juez de Nueva York que ordene el decomiso de 15,000 millones de d\u00f3lares al narcotraficante mexicano tras su declaraci\u00f3n de culpabilidad.<\/p>\n<p class=\"font-noto-serif text-secondary-600 dark:text-white text-base font-normal leading-5 lg:text-m lg:leading-2xl mb-5 grid-center-layout\">Seg\u00fan la moci\u00f3n dirigida en una carta al juez del caso, Brian M. Cogan, la Fiscal\u00eda solicit\u00f3 una sentencia de cadena perpetua y esa confiscaci\u00f3n multimillonaria, &#8220;como fue acordado en la declaraci\u00f3n de culpabilidad&#8221;.<\/p>\n<h2 class=\"text-secondary-600 dark:text-white font-franklingothic-demi text-2xl leading-4xl tracking-[0.048px] sm:text-3xl sm:leading-4xl sm:tracking-[0.052px] lg:text-4xl lg:leading-5xl lg:tracking-[0.056px] [text-box-trim:trim-both] [text-box-edge:cap_alphabetic] grid-center-layout mb-5 sm:mb-3 lg:mb-4 xl:mb-5\">Sentencia de &#8216;El Mayo&#8217; Zambada<\/h2>\n<p class=\"font-noto-serif text-secondary-600 dark:text-white text-base font-normal leading-5 lg:text-m lg:leading-2xl mb-5 grid-center-layout\"><strong>Ismael &#8216;<\/strong><strong><em>El Mayo<\/em><\/strong><strong>&#8216; Zambada,<\/strong>\u00a0de 76 a\u00f1os y considerado durante d\u00e9cadas uno de los principales l\u00edderes del C\u00e1rtel de Sinaloa, se declar\u00f3 culpable en agosto de 2025 de diversos delitos relacionados con narcotr\u00e1fico y delincuencia organizada, por lo que hoy se emiti\u00f3 su sentencia.<\/p>\n<p class=\"font-noto-serif text-secondary-600 dark:text-white text-base font-normal leading-5 lg:text-m lg:leading-2xl mb-5 grid-center-layout\">El juez Brian M. Cogan dict\u00f3 cadena perpetua a\u00a0<strong>&#8216;<\/strong><strong><em>El Mayo<\/em><\/strong><strong>&#8216; Zambada,<\/strong>\u00a0adem\u00e1s deber\u00e1 pagar 15 mil millones de d\u00f3lares.<\/p>\n<p class=\"font-noto-serif text-secondary-600 dark:text-white text-base font-normal leading-5 lg:text-m lg:leading-2xl mb-5 grid-center-layout\">\u201cAcepto mi castigo, no estoy aqu\u00ed para pedir compasi\u00f3n. Estoy aqu\u00ed para aceptar mi responsabilidad y pedir perd\u00f3n\u201d, dijo Zambada al leer una carta.<\/p>\n<p><em>Informaci\u00f3n en desarrollo&#8230;<\/em><\/p>\n<p>Con informaci\u00f3n de N+<\/p>\n<\/div>\n<\/section>\n","protected":false},"excerpt":{"rendered":"<p>Este es el castigo que enfrentar\u00e1 Ismael &#8216;El Mayo&#8217; Zambada en EUA, luego de su declaraci\u00f3n de culpabilidad. Destacado Ismael &#8216;El Mayo&#8217; Zambada recibe cadena perpetua y debe pagar 15 mil millones de d\u00f3lares tras su declaraci\u00f3n de culpabilidad en Nueva York. Conoce m\u00e1s sobre la sentencia del l\u00edder del C\u00e1rtel de Sinaloa. Este lunes, 20 de julio de 2026, se realiz\u00f3 la audiencia de sentencia de\u00a0Ismael &#8216;El Mayo&#8216; Zambada, en una corte de Nueva York, Estados Unidos de Am\u00e9rica (EUA). Cabe recordar que hace unos d\u00edas, la Fiscal\u00eda pidi\u00f3 a un juez de Nueva York que ordene el decomiso [&hellip;]<\/p>\n","protected":false},"author":3,"featured_media":149764,"comment_status":"open","ping_status":"open","sticky":false,"template":"","format":"standard","meta":{"_jetpack_newsletter_access":"","_jetpack_dont_email_post_to_subs":false,"_jetpack_newsletter_tier_id":0,"_jetpack_memberships_contains_paywalled_content":false,"_jetpack_feature_clip_id":0,"_jetpack_memberships_contains_paid_content":false,"footnotes":"","jetpack_publicize_message":"","jetpack_publicize_feature_enabled":true,"jetpack_social_post_already_shared":true,"jetpack_social_options":{"image_generator_settings":{"template":"highway","default_image_id":0,"font":"","enabled":false},"version":2},"jetpack_post_was_ever_published":false},"categories":[90,89],"tags":[],"class_list":["post-149759","post","type-post","status-publish","format-standard","has-post-thumbnail","hentry","category-estatal","category-internacional","post--single"],"jetpack_publicize_connections":[],"jetpack_featured_media_url":"https:\/\/ovelanalista.com\/wp-content\/uploads\/2026\/07\/Captura-de-pantalla-2026-07-20-a-las-9.05.20-a.m.png","jetpack_sharing_enabled":true,"_links":{"self":[{"href":"https:\/\/ovelanalista.com\/index.php?rest_route=\/wp\/v2\/posts\/149759","targetHints":{"allow":["GET"]}}],"collection":[{"href":"https:\/\/ovelanalista.com\/index.php?rest_route=\/wp\/v2\/posts"}],"about":[{"href":"https:\/\/ovelanalista.com\/index.php?rest_route=\/wp\/v2\/types\/post"}],"author":[{"embeddable":true,"href":"https:\/\/ovelanalista.com\/index.php?rest_route=\/wp\/v2\/users\/3"}],"replies":[{"embeddable":true,"href":"https:\/\/ovelanalista.com\/index.php?rest_route=%2Fwp%2Fv2%2Fcomments&post=149759"}],"version-history":[{"count":1,"href":"https:\/\/ovelanalista.com\/index.php?rest_route=\/wp\/v2\/posts\/149759\/revisions"}],"predecessor-version":[{"id":149765,"href":"https:\/\/ovelanalista.com\/index.php?rest_route=\/wp\/v2\/posts\/149759\/revisions\/149765"}],"wp:featuredmedia":[{"embeddable":true,"href":"https:\/\/ovelanalista.com\/index.php?rest_route=\/wp\/v2\/media\/149764"}],"wp:attachment":[{"href":"https:\/\/ovelanalista.com\/index.php?rest_route=%2Fwp%2Fv2%2Fmedia&parent=149759"}],"wp:term":[{"taxonomy":"category","embeddable":true,"href":"https:\/\/ovelanalista.com\/index.php?rest_route=%2Fwp%2Fv2%2Fcategories&post=149759"},{"taxonomy":"post_tag","embeddable":true,"href":"https:\/\/ovelanalista.com\/index.php?rest_route=%2Fwp%2Fv2%2Ftags&post=149759"}],"curies":[{"name":"wp","href":"https:\/\/api.w.org\/{rel}","templated":true}]}}