{"id":151734,"date":"2026-08-21T00:16:25","date_gmt":"2026-08-21T07:16:25","guid":{"rendered":"https:\/\/ovelanalista.com\/?p=151734"},"modified":"2026-08-28T00:20:08","modified_gmt":"2026-08-28T07:20:08","slug":"legal-y-con-apego-a-derecho-el-regreso-del-gobernador-ruben-rocha-antonio-menendez","status":"publish","type":"post","link":"https:\/\/ovelanalista.com\/?p=151734","title":{"rendered":"\u201cLegal y con apego a derecho el regreso del Gobernador Rub\u00e9n Rocha\u201d: Antonio Men\u00e9ndez."},"content":{"rendered":"<p><img loading=\"lazy\" decoding=\"async\" class=\"alignnone  wp-image-150671\" src=\"https:\/\/ovelanalista.com\/wp-content\/uploads\/2026\/08\/WhatsApp-Image-2026-08-07-at-12.51.46-PM-300x100.jpeg\" alt=\"\" width=\"798\" height=\"266\" srcset=\"https:\/\/ovelanalista.com\/wp-content\/uploads\/2026\/08\/WhatsApp-Image-2026-08-07-at-12.51.46-PM-300x100.jpeg 300w, https:\/\/ovelanalista.com\/wp-content\/uploads\/2026\/08\/WhatsApp-Image-2026-08-07-at-12.51.46-PM-1024x342.jpeg 1024w, https:\/\/ovelanalista.com\/wp-content\/uploads\/2026\/08\/WhatsApp-Image-2026-08-07-at-12.51.46-PM-768x257.jpeg 768w, https:\/\/ovelanalista.com\/wp-content\/uploads\/2026\/08\/WhatsApp-Image-2026-08-07-at-12.51.46-PM-400x134.jpeg 400w, https:\/\/ovelanalista.com\/wp-content\/uploads\/2026\/08\/WhatsApp-Image-2026-08-07-at-12.51.46-PM-750x251.jpeg 750w, https:\/\/ovelanalista.com\/wp-content\/uploads\/2026\/08\/WhatsApp-Image-2026-08-07-at-12.51.46-PM-1140x381.jpeg 1140w, https:\/\/ovelanalista.com\/wp-content\/uploads\/2026\/08\/WhatsApp-Image-2026-08-07-at-12.51.46-PM.jpeg 1251w\" sizes=\"auto, (max-width: 798px) 100vw, 798px\" \/><\/p>\n<p><strong><em>El Alcalde de Ahome consider\u00f3 que ahora corresponde continuar trabajando por Sinaloa y afirm\u00f3 que la evaluaci\u00f3n de los gobiernos debe centrarse en los resultados\u2026<\/em><\/strong><\/p>\n<p><strong>Los Mochis, Ahome, Sinaloa. A 21 de agosto de 2026.-\u00a0<\/strong>El Presidente Municipal de Ahome, Antonio Men\u00e9ndez de Llano Berm\u00fadez, consider\u00f3 que el regreso de Rub\u00e9n Rocha Moya a sus funciones como Gobernador de Sinaloa es una decisi\u00f3n legal y apegada a derecho, luego del periodo en que permaneci\u00f3 separado del cargo mediante licencia.<\/p>\n<p>El Alcalde se\u00f1al\u00f3 que Rocha Moya tom\u00f3 en su momento la decisi\u00f3n de apartarse temporalmente de sus funciones para ponerse a disposici\u00f3n ante cualquier investigaci\u00f3n o se\u00f1alamiento que pudiera existir.<\/p>\n<p>\u201cDel mismo modo como el Gobernador decidi\u00f3, en un acto de gran responsabilidad y de transparencia, pedir licencia a su encargo por ese n\u00famero de d\u00edas para ponerse a disposici\u00f3n y ver si hab\u00eda alguna investigaci\u00f3n, pues ahora regresa al encargo para el cual le fue conferido constitucionalmente\u201d, expres\u00f3.<\/p>\n<p>Men\u00e9ndez de Llano Berm\u00fadez indic\u00f3 que el periodo de alrededor de 100 d\u00edas fue suficiente para que cualquier indicio, prueba o se\u00f1alamiento pudiera ser atendido por las instancias correspondientes.<\/p>\n<p>Agreg\u00f3 que, bajo esas circunstancias, corresponde respetar la determinaci\u00f3n del mandatario estatal de retomar sus responsabilidades al frente del Ejecutivo sinaloense.<\/p>\n<p>&nbsp;<\/p>\n<figure class=\"wp-block-image size-large\"><img loading=\"lazy\" decoding=\"async\" class=\"wp-image-67474\" src=\"https:\/\/www.ahome.gob.mx\/wp-content\/uploads\/2026\/08\/WhatsApp-Image-2026-08-21-at-11.33.44-AM-1024x768.jpeg\" sizes=\"auto, (max-width: 1024px) 100vw, 1024px\" srcset=\"https:\/\/www.ahome.gob.mx\/wp-content\/uploads\/2026\/08\/WhatsApp-Image-2026-08-21-at-11.33.44-AM-1024x768.jpeg 1024w, https:\/\/www.ahome.gob.mx\/wp-content\/uploads\/2026\/08\/WhatsApp-Image-2026-08-21-at-11.33.44-AM-300x225.jpeg 300w, https:\/\/www.ahome.gob.mx\/wp-content\/uploads\/2026\/08\/WhatsApp-Image-2026-08-21-at-11.33.44-AM-150x113.jpeg 150w, https:\/\/www.ahome.gob.mx\/wp-content\/uploads\/2026\/08\/WhatsApp-Image-2026-08-21-at-11.33.44-AM-768x576.jpeg 768w, https:\/\/www.ahome.gob.mx\/wp-content\/uploads\/2026\/08\/WhatsApp-Image-2026-08-21-at-11.33.44-AM.jpeg 1280w\" alt=\"\" width=\"1024\" height=\"768\" \/><\/figure>\n","protected":false},"excerpt":{"rendered":"<p>El Alcalde de Ahome consider\u00f3 que ahora corresponde continuar trabajando por Sinaloa y afirm\u00f3 que la evaluaci\u00f3n de los gobiernos debe centrarse en los resultados\u2026 Los Mochis, Ahome, Sinaloa. A 21 de agosto de 2026.-\u00a0El Presidente Municipal de Ahome, Antonio Men\u00e9ndez de Llano Berm\u00fadez, consider\u00f3 que el regreso de Rub\u00e9n Rocha Moya a sus funciones como Gobernador de Sinaloa es una decisi\u00f3n legal y apegada a derecho, luego del periodo en que permaneci\u00f3 separado del cargo mediante licencia. El Alcalde se\u00f1al\u00f3 que Rocha Moya tom\u00f3 en su momento la decisi\u00f3n de apartarse temporalmente de sus funciones para ponerse a disposici\u00f3n [&hellip;]<\/p>\n","protected":false},"author":3,"featured_media":151739,"comment_status":"open","ping_status":"open","sticky":false,"template":"","format":"standard","meta":{"_jetpack_newsletter_access":"","_jetpack_dont_email_post_to_subs":false,"_jetpack_newsletter_tier_id":0,"_jetpack_memberships_contains_paywalled_content":false,"_jetpack_feature_clip_id":0,"_jetpack_memberships_contains_paid_content":false,"footnotes":"","jetpack_publicize_message":"","jetpack_publicize_feature_enabled":true,"jetpack_social_post_already_shared":true,"jetpack_social_options":{"image_generator_settings":{"template":"highway","default_image_id":0,"font":"","enabled":false},"version":2},"jetpack_post_was_ever_published":false},"categories":[85],"tags":[],"class_list":["post-151734","post","type-post","status-publish","format-standard","has-post-thumbnail","hentry","category-sinaloa-norte","post--single"],"jetpack_publicize_connections":[],"jetpack_featured_media_url":"https:\/\/ovelanalista.com\/wp-content\/uploads\/2026\/08\/WhatsApp-Image-2026-08-21-at-11.33.44-AM-1.jpeg","jetpack_sharing_enabled":true,"_links":{"self":[{"href":"https:\/\/ovelanalista.com\/index.php?rest_route=\/wp\/v2\/posts\/151734","targetHints":{"allow":["GET"]}}],"collection":[{"href":"https:\/\/ovelanalista.com\/index.php?rest_route=\/wp\/v2\/posts"}],"about":[{"href":"https:\/\/ovelanalista.com\/index.php?rest_route=\/wp\/v2\/types\/post"}],"author":[{"embeddable":true,"href":"https:\/\/ovelanalista.com\/index.php?rest_route=\/wp\/v2\/users\/3"}],"replies":[{"embeddable":true,"href":"https:\/\/ovelanalista.com\/index.php?rest_route=%2Fwp%2Fv2%2Fcomments&post=151734"}],"version-history":[{"count":1,"href":"https:\/\/ovelanalista.com\/index.php?rest_route=\/wp\/v2\/posts\/151734\/revisions"}],"predecessor-version":[{"id":151740,"href":"https:\/\/ovelanalista.com\/index.php?rest_route=\/wp\/v2\/posts\/151734\/revisions\/151740"}],"wp:featuredmedia":[{"embeddable":true,"href":"https:\/\/ovelanalista.com\/index.php?rest_route=\/wp\/v2\/media\/151739"}],"wp:attachment":[{"href":"https:\/\/ovelanalista.com\/index.php?rest_route=%2Fwp%2Fv2%2Fmedia&parent=151734"}],"wp:term":[{"taxonomy":"category","embeddable":true,"href":"https:\/\/ovelanalista.com\/index.php?rest_route=%2Fwp%2Fv2%2Fcategories&post=151734"},{"taxonomy":"post_tag","embeddable":true,"href":"https:\/\/ovelanalista.com\/index.php?rest_route=%2Fwp%2Fv2%2Ftags&post=151734"}],"curies":[{"name":"wp","href":"https:\/\/api.w.org\/{rel}","templated":true}]}}