{"id":151839,"date":"2026-08-31T09:19:53","date_gmt":"2026-08-31T16:19:53","guid":{"rendered":"https:\/\/ovelanalista.com\/?p=151839"},"modified":"2026-08-31T09:19:53","modified_gmt":"2026-08-31T16:19:53","slug":"sociedad-enferma-tiene-tdah","status":"publish","type":"post","link":"https:\/\/ovelanalista.com\/?p=151839","title":{"rendered":"Sociedad enferma..\u00bfTiene TDAH?"},"content":{"rendered":"<p><strong>TRANSICION<\/strong><\/p>\n<p>El Poder de La Cruz<br \/>\nSi la Cruz salv\u00f3 a la humanidad hace 2 mil a\u00f1os, en el 2027 te puede salvar de nuevo. Vota cruzado, no le des todo el poder a un solo partido. Vota por quien t\u00fa quieras pero haz la cruz de tu salvaci\u00f3n.<\/p>\n<p><strong>Oswaldo Villase\u00f1or<\/strong><br \/>\n<strong>@oswaldovillase<\/strong><\/p>\n<p>Ver a Mario Delgado \u201cFarmear aura\u201d acompa\u00f1ado de otro ni\u00f1o o joven, mostr\u00f3 mucho m\u00e1s que un juego de tendencia global. Mostr\u00f3 el verdadero rostro de la educaci\u00f3n en M\u00e9xico.<\/p>\n<p>\u00bfLogr\u00f3 empat\u00eda o validaci\u00f3n con el sector juvenil el Secretario de Educaci\u00f3n en M\u00e9xico? Puede ser que si, eso es justo lo que buscan los jovenes que practican este nuevo movimiento. Validaci\u00f3n social.<\/p>\n<p>\u00bfEduc\u00f3 o ayud\u00f3 a educar a los j\u00f3venes de hoy Mario Delgado al Farmear Aura? Desde luego que No.<\/p>\n<p>Est\u00e1 tendencia global, consume tiempo y atenci\u00f3n de ni\u00f1os y j\u00f3venes<br \/>\nen un contenido vac\u00edo o semi-vac\u00edo. Horas mirando clips de gente caminando en c\u00e1mara lenta o \u201cno reaccionando\u201d no construyen conocimiento, oficio ni pensamiento cr\u00edtico. Eso es justo lo que Mario Delgado, el Secretario de Educaci\u00f3n en M\u00e9xico promovi\u00f3.<\/p>\n<p>En un pa\u00eds donde pasa de todo y no pasa nada, mantener distra\u00edda a la gente se ha convertido en el mejor instrumento y m\u00e9todo de dominaci\u00f3n social por parte de gobiernos que abusan frente a sus gobernados en su propia cara, saquean al pa\u00eds, no rinden cuentas y tampoco dan resultados, al fin y al cabo el pueblo no puede sostener la mirada y se encuentra completamente distra\u00eddo.<\/p>\n<p>La sociedad est\u00e1 enferma, diagnosticar\u00eda cualquier m\u00e9dico neurocirujano. \u00bfY qu\u00e9 tiene?\u00a0 Padece trastorno por d\u00e9ficit de atenci\u00f3n e hiperactividad (TDAH), un trastorno del neurodesarrollo que afecta la capacidad de sostener la atenci\u00f3n, regular los impulsos y organizar el esfuerzo hacia objetivos a mediano y largo plazo.<\/p>\n<p>\u00bfEso padece la sociedad mexicana? Tal parece que si. Veamos el diagn\u00f3stico cl\u00ednico.<\/p>\n<p>1.-Imag\u00ednese a un ni\u00f1o de ocho o nueve a\u00f1os sentado frente a una tarea importante. Tiene el l\u00e1piz en la mano, el cuaderno abierto y una instrucci\u00f3n clara: resolver un problema que exige concentraci\u00f3n sostenida. Al poco rato, sin embargo, su atenci\u00f3n se escapa. Mira por la ventana, juega con el borrador, se levanta a buscar algo, regresa, se distrae con un ruido lejano, vuelve a intentarlo unos segundos y otra vez se dispersa. No es que no sepa que la tarea importa. Es que su sistema neuronal le dificulta mantener el foco el tiempo suficiente para llevarla a cabo. Esa condici\u00f3n se conoce como trastorno por d\u00e9ficit de atenci\u00f3n e hiperactividad (TDAH), un trastorno del neurodesarrollo que afecta la capacidad de sostener la atenci\u00f3n, regular los impulsos y organizar el esfuerzo hacia objetivos a mediano y largo plazo.<\/p>\n<p>2.-\u00bfSe le hace conocido este caso? En muchos hogares mexicanos y en las escuelas es muy com\u00fan y conocido. El ni\u00f1o o joven sabe lo que tiene que hacer, sabe el problema que tiene enfrente, pero no lo resuelve. Su mente y pensamiento est\u00e1 disperso y distra\u00eddo en cosas sin importancia. No es solo Farmear aura. Est\u00e1 distra\u00eddo con tanto esc\u00e1ndalo que cambia con rapidez y hace olvidar al anterior. Prefiere vivir la vida de otra gente exitosa y conocerla, que conocer y vivir en su entorno real. El solo se dedica a ver, pero no reacciona ni hace nada nada por resolver y cambiar su entorno para vivir mejor.<\/p>\n<p>3.-Ahora imagine a una sociedad entera sentada frente a problemas estructurales que no son menores: corrupci\u00f3n end\u00e9mica, debilidad institucional, centralizaci\u00f3n del poder p\u00fablico, saqueo del dinero p\u00fablico, desigualdad profunda, violencia, sistema educativo que no logra formar las capacidades que el pa\u00eds necesita y se enfoca m\u00e1s en ideologizar con la izquierda, informalidad econ\u00f3mica masiva, una econom\u00eda que no crece, inversiones que se ahuyentan y no generan empleo por falta de certidumbre legal y una relaci\u00f3n deteriorada entre ciudadanos e instituciones, solo por mencionar algunos.<\/p>\n<p>Esos problemas no son noticia de un d\u00eda. Son, en muchos casos, d\u00e9cadas de acumulaci\u00f3n de las mismas pr\u00e1cticas, pero que hoy se han agravado. Y, sin embargo, la atenci\u00f3n colectiva se comporta de manera inquietantemente similar a la del ni\u00f1o del ejemplo que padece el trastorno del Deficit de Atenci\u00f3n.<\/p>\n<p>4.-La sociedad mexicana contempor\u00e1nea muestra una marcada dificultad para sostener el inter\u00e9s en lo estructural. Cada esc\u00e1ndalo ocupa los titulares unos d\u00edas, genera indignaci\u00f3n en redes, produce memes, declaraciones y hashtags\u2026 y luego se diluye.<\/p>\n<p>Aparece otro hecho, otra pol\u00e9mica, otro personaje, otra distracci\u00f3n. La mirada se desv\u00eda con facilidad hacia lo inmediato, lo espectacular o lo emocionalmente f\u00e1cil de consumir.<\/p>\n<p>Frente a sus narices, el gobierno cambi\u00f3 leyes que lo empoder\u00f3 y dej\u00f3 vulnerable al pueblo. \u00bfQu\u00e9 hizo el pueblo? Nada, estaba distra\u00eddo en otras cosas.<\/p>\n<p>Frente a sus narices, el gobierno tom\u00f3 el dinero de los fondos de pensiones, los de estabilizaci\u00f3n, el de vivienda -2 billones de pesos que es dinero de los trabajadores- el de las afores, saqueo 600 mil millones en el Huachicol fiscal, se ali\u00f3 con el narco para ganar elecciones, someter a la gente y muchas otras cosas. \u00bfY qu\u00e9 hizo el pueblo? Nada, estaba distra\u00eddo.<\/p>\n<p>Los problemas de fondo, le pasan desapercibidos frente a sus narices a la gente y no les presta la atenci\u00f3n debida. A lo mucho, escriben un tuit, reenv\u00edan un meme y luego siguen con el siguiente tema o esc\u00e1ndalo.<\/p>\n<p>As\u00ed est\u00e1 la sociedad mexicana. Sabe lo que pasa, sabe que le afecta y sabe que lo tiene que hacer, pero se distrae y no hace nada.<\/p>\n<p>5.-Desde luego el caso del ni\u00f1o y el de la sociedad es solo un s\u00edmil para intentar explicar que es lo pasa en la conducta de la gran mayor\u00eda de los mexicanos.<\/p>\n<p>El TDAH es una condici\u00f3n neurobiol\u00f3gica con bases gen\u00e9ticas y de desarrollo cerebral; la apat\u00eda social es un fen\u00f3meno cultural, pol\u00edtico y medi\u00e1tico. No tienen comparaci\u00f3n.<\/p>\n<p>6.-Sin embargo, la analog\u00eda sirve para iluminar un patr\u00f3n: la incapacidad recurrente del pueblo de mantener la atenci\u00f3n colectiva el tiempo suficiente para pasar de la queja a la comprensi\u00f3n profunda y de la comprensi\u00f3n a la acci\u00f3n sostenida.<\/p>\n<p>En el ni\u00f1o, la dificultad de atenci\u00f3n se manifiesta en saltos constantes de un est\u00edmulo a otro. En la sociedad, se observa en la velocidad con que se abandona un tema complejo por el siguiente entretenimiento o el siguiente ultraje.<\/p>\n<p>7.-La hiperactividad social aparece en la sobreproducci\u00f3n de opiniones expresadas en las redes sociales, en la polarizaci\u00f3n r\u00e1pida, en la necesidad de reaccionar antes de haber entendido. La impulsividad se traduce en respuestas emocionales intensas pero de corta duraci\u00f3n, incapaces de construir coaliciones o pol\u00edticas de largo aliento.<\/p>\n<p>8.-M\u00e9xico y el mexicano, no carece de informaci\u00f3n ni de an\u00e1lisis. Existen investigaciones, datos oficiales, periodismo de investigaci\u00f3n y voces cr\u00edticas. Lo que escasea es la capacidad colectiva de sostener la mirada sobre esos datos el tiempo necesario para que generen consecuencias. El pueblo est\u00e1 distra\u00eddo y eso provoca una aparente apat\u00eda, que solo le llama la atenci\u00f3n y lo ubica en la realidad cuando la v\u00edctima es el.<\/p>\n<p>9.-Como el ni\u00f1o que sabe que debe estudiar pero no logra quedarse quieto, la sociedad parece reconocer la gravedad de sus problemas estructurales y, al mismo tiempo, se distrae con facilidad ante cualquier est\u00edmulo m\u00e1s inmediato o m\u00e1s simple.<\/p>\n<p>El ni\u00f1o distra\u00eddo no es incapaz de aprender. Simplemente necesita condiciones y herramientas distintas para lograrlo. La sociedad mexicana tampoco est\u00e1 condenada a la apat\u00eda. Pero mientras siga comport\u00e1ndose como quien se sienta frente a la tarea m\u00e1s importante de su vida y, a los pocos minutos, se levanta a mirar por la ventana, los problemas estructurales\u00a0 que padece el pa\u00eds y le afectan al mismo pueblo, seguir\u00e1n ah\u00ed: abiertos\u00a0 y esperando una atenci\u00f3n de un pueblo que no logra sostener la mirada en ellos.\u200b\u200b\u200b\u200b\u200b\u200b\u200b\u200b\u200b\u200b\u200b\u200b\u200b\u200b\u200b\u200b\u200b\u200b\u200b\u200b\u200b\u200b\u200b\u200b<wbr \/>\u200b\u200b\u200b\u200b\u200b\u200b\u200b\u200b\u200b\u200b\u200b\u200b\u200b\u200b\u200b\u200b\u200b\u200b\u200b\u200b<br \/>\n\u00bfO usted qu\u00e9 piensa?<br \/>\nHabr\u00e1 que estar pendientes.<br \/>\nPASO A PASITO.-Lleg\u00f3 la hora cr\u00edtica para Morena y para el Senador Enrique Inzunza. Ambos saben que la decisi\u00f3n de separarse nada m\u00e1s de la fracci\u00f3n de Morena no basta.<br \/>\nSi Enrique Inzunza se presenta a la sesi\u00f3n el d\u00eda primero de septiembre, le provocar\u00e1 un fuerte conflicto binacional a M\u00e9xico con Estados Unidos, igual que el provoc\u00f3 Rub\u00e9n Rocha con su regreso. La suerte de ambos es la misma.<br \/>\n\u00bfY si se presenta? Morena lo va a desaforar?<br \/>\nMorena tendr\u00e1 ya su plenaria pero la anuncia que ser\u00e1 a puertas cerradas y sin acceso a medios de comunicaci\u00f3n. Ufff.<br \/>\nSi que deben estar gruesos los conflictos que se traen.<br \/>\nPASITO CH\u00c9VERE.-<br \/>\nS\u00edguenos En:<br \/>\nOvelanalista.com<br \/>\nTwitteer.- @oswaldo villase<br \/>\nFacebook.-OV El Analista<br \/>\nTelevisi\u00f3n.<br \/>\nMegacanal canal 151 y 1151 de lunes a viernes de 1:30 a 2 de la tarde y s\u00e1bados de 11 a 12.<br \/>\nRADIO<br \/>\nConexi\u00f3n Sinaloa con Gabriel Cota<br \/>\nCDMX y todo el pa\u00eds.<br \/>\nIndice\u00a0<a href=\"http:\/\/xn--poltico-9ya.com\/\" target=\"_blank\" rel=\"noopener noreferrer\" data-saferedirecturl=\"https:\/\/www.google.com\/url?q=http:\/\/xn--poltico-9ya.com&amp;source=gmail&amp;ust=1788279276173000&amp;usg=AOvVaw0xVejlBN659yPl4jhfdAmt\">pol\u00edtico.com<\/a>.<br \/>\nLa Pol\u00edtica OnLine.com<br \/>\nLa Aurora de M\u00e9xico.com<br \/>\nEl Arsenal.Net<br \/>\nWhatsApp. 6681640391 m\u00e1ndanos un mensaje y recibe nuestra informaci\u00f3n.<\/p>\n","protected":false},"excerpt":{"rendered":"<p>TRANSICION El Poder de La Cruz Si la Cruz salv\u00f3 a la humanidad hace 2 mil a\u00f1os, en el 2027 te puede salvar de nuevo. Vota cruzado, no le des todo el poder a un solo partido. Vota por quien t\u00fa quieras pero haz la cruz de tu salvaci\u00f3n. Oswaldo Villase\u00f1or @oswaldovillase Ver a Mario Delgado \u201cFarmear aura\u201d acompa\u00f1ado de otro ni\u00f1o o joven, mostr\u00f3 mucho m\u00e1s que un juego de tendencia global. Mostr\u00f3 el verdadero rostro de la educaci\u00f3n en M\u00e9xico. \u00bfLogr\u00f3 empat\u00eda o validaci\u00f3n con el sector juvenil el Secretario de Educaci\u00f3n en M\u00e9xico? Puede ser que si, [&hellip;]<\/p>\n","protected":false},"author":3,"featured_media":139858,"comment_status":"open","ping_status":"open","sticky":false,"template":"","format":"standard","meta":{"_jetpack_newsletter_access":"","_jetpack_dont_email_post_to_subs":false,"_jetpack_newsletter_tier_id":0,"_jetpack_memberships_contains_paywalled_content":false,"_jetpack_feature_clip_id":0,"_jetpack_memberships_contains_paid_content":false,"footnotes":"","jetpack_publicize_message":"","jetpack_publicize_feature_enabled":true,"jetpack_social_post_already_shared":true,"jetpack_social_options":{"image_generator_settings":{"template":"highway","default_image_id":0,"font":"","enabled":false},"version":2},"jetpack_post_was_ever_published":false},"categories":[91],"tags":[],"class_list":["post-151839","post","type-post","status-publish","format-standard","has-post-thumbnail","hentry","category-transicion","post--single"],"jetpack_publicize_connections":[],"jetpack_featured_media_url":"https:\/\/ovelanalista.com\/wp-content\/uploads\/2026\/02\/WhatsApp-Image-2026-02-03-at-10.59.53-AM.jpeg","jetpack_sharing_enabled":true,"_links":{"self":[{"href":"https:\/\/ovelanalista.com\/index.php?rest_route=\/wp\/v2\/posts\/151839","targetHints":{"allow":["GET"]}}],"collection":[{"href":"https:\/\/ovelanalista.com\/index.php?rest_route=\/wp\/v2\/posts"}],"about":[{"href":"https:\/\/ovelanalista.com\/index.php?rest_route=\/wp\/v2\/types\/post"}],"author":[{"embeddable":true,"href":"https:\/\/ovelanalista.com\/index.php?rest_route=\/wp\/v2\/users\/3"}],"replies":[{"embeddable":true,"href":"https:\/\/ovelanalista.com\/index.php?rest_route=%2Fwp%2Fv2%2Fcomments&post=151839"}],"version-history":[{"count":1,"href":"https:\/\/ovelanalista.com\/index.php?rest_route=\/wp\/v2\/posts\/151839\/revisions"}],"predecessor-version":[{"id":151840,"href":"https:\/\/ovelanalista.com\/index.php?rest_route=\/wp\/v2\/posts\/151839\/revisions\/151840"}],"wp:featuredmedia":[{"embeddable":true,"href":"https:\/\/ovelanalista.com\/index.php?rest_route=\/wp\/v2\/media\/139858"}],"wp:attachment":[{"href":"https:\/\/ovelanalista.com\/index.php?rest_route=%2Fwp%2Fv2%2Fmedia&parent=151839"}],"wp:term":[{"taxonomy":"category","embeddable":true,"href":"https:\/\/ovelanalista.com\/index.php?rest_route=%2Fwp%2Fv2%2Fcategories&post=151839"},{"taxonomy":"post_tag","embeddable":true,"href":"https:\/\/ovelanalista.com\/index.php?rest_route=%2Fwp%2Fv2%2Ftags&post=151839"}],"curies":[{"name":"wp","href":"https:\/\/api.w.org\/{rel}","templated":true}]}}