{"id":151845,"date":"2026-08-31T09:32:28","date_gmt":"2026-08-31T16:32:28","guid":{"rendered":"https:\/\/ovelanalista.com\/?p=151845"},"modified":"2026-08-31T09:32:28","modified_gmt":"2026-08-31T16:32:28","slug":"rocha-consolido-a-imelda-graciela-se-esta-tardando-claudia-achica-libertades","status":"publish","type":"post","link":"https:\/\/ovelanalista.com\/?p=151845","title":{"rendered":"Rocha consolid\u00f3 a Imelda: Graciela se est\u00e1 tardando: Claudia achica libertades"},"content":{"rendered":"<div><strong>DOMINGRILLA<\/strong><\/div>\n<div><\/div>\n<div><\/div>\n<div><strong>FRANCISCO CHIQUETE<\/strong><\/div>\n<div><\/div>\n<div>Iron\u00edas de la pol\u00edtica; Rub\u00e9n Rocha hizo todo lo que pudo por cerrarle el paso a Imelda Castro, y al final fue ese encono el que consolid\u00f3 a la senadora. Instalada ya en la candidatura al gobierno de Sinaloa.<\/div>\n<div>El entonces mandatario ensay\u00f3 todo. Le ech\u00f3 mont\u00f3n, ironiz\u00f3 en p\u00fablico sobre sus aspiraciones. Le ech\u00f3 encima la jaur\u00eda de golpeadores en redes sociales, hizo lobby en las c\u00fapulas de Morena, hasta que al mundo le qued\u00f3 claro que Imelda no era la candidata del gobernador.<\/div>\n<div>Tras los lamentables acontecimientos de la semana anterior, en Palacio Nacional y en Morena mismo entendieron que una candidatura cercana a Rocha habr\u00eda sido un suicidio, y la postulaci\u00f3n de Imelda entr\u00f3 como cuchillo caliente en mantequilla.<\/div>\n<div>No importa que por tres meses la legisladora hubiese guardado silencio en torno a la situaci\u00f3n legal de Rocha, ni que se hubiese sumado al coro de \u201cNo hay pruebas\u201d y hasta del \u201cno est\u00e1s solo\u201d. Los rechazos del gobernador la invistieron de idoneidad.<\/div>\n<div>Dio resultados pmoner el lomo durante cinco a\u00f1os, sobre todo los \u00faltimos dos en que se pretendi\u00f3 amarrar a Enrique Inzunza y a Juan de Dios G\u00e1mez como delfines.<\/div>\n<div>Nada dijo ella sobre las irregularidades que todo Sinaloa conoc\u00eda, pero esa disciplina le rindi\u00f3 frutos.<\/div>\n<div>A ver si le dura esa suerte, porque su debut en la televisi\u00f3n fue desafortunado. Le preguntaron en el programa de Ciro por la econom\u00eda de Culiac\u00e1n y sostuvo que se va recuperando. Que \u201ctuvimos un evento pero ya vamos saliendo\u201d. Malos diagn\u00f3sticos llevan a malas soluciones, y seguir defendiendo a un mal gobierno porque es de la 4T, es un mal negocio, sobre todo para Sinaloa.<\/div>\n<div>\u00bfCU\u00c1NDO EMPIEZA?<\/div>\n<div>Graciela Dom\u00ednguez Nava logr\u00f3 la gubernatura interina porque acredit\u00f3 que, perteneciendo al establo pol\u00edtico de Rocha, se alcanz\u00f3 a distanciar, lo que le permite acreditar cierto equilibrio. Su pasado rochista ayuda a atemperar la derrota del exgobernador, y su nueva independencia le permite ofrecer cambios.<\/div>\n<div>Pero \u00e9stos debieron ser inmediatos. Llegar cambiando a los secretarios de finanzas, de gobierno y de obras p\u00fablicas, para romper vicios y sacudirse influencias como la de Enrique Inzunza C\u00e1zares, a quien se segu\u00eda rindiendo cuentas desde la secretar\u00eda general.<\/div>\n<div>Entre m\u00e1s tarde, m\u00e1s r\u00e1pido se desgasta el bono de credibilidad que le da la ca\u00edda de Rocha.<\/div>\n<div>Por supuesto, con la salida de los funcionarios debe darse tambi\u00e9n la de quienes gobernaban en los pasillos del tercer piso.<\/div>\n<div>Graciela Dom\u00ednguez Nava es la tercera rosarense que llega a la\u00a0 gubernatura en los tiempos actuales.<\/div>\n<div>Se recuerda\u00a0 el accidentado periodo de don Enrique P\u00e9rez Arce, el poeta jurista que despach\u00f3 de 1950 a 1953, y fue echado por grillas de los j\u00f3venes diputados Antonio Toledo Corro y Leopoldo S\u00e1nchez Celis. Lo acusaban, como a Joe Biden, de quedarse dormido en los eventos.<\/div>\n<div>El otro es, por supuesto, Juan Sigfrido Mill\u00e1n Liz\u00e1rraga, quien al contrario de P\u00e9rez Arce, tuvo la sagacidad necesaria para sortear los obst\u00e1culos que le pusieron desde la c\u00fapula gubernamental.<\/div>\n<div>Graciela ha sido una especie de bur\u00f3crata en la carrera partidista, siempre en la izquierda. Sus puestos p\u00fablicos hab\u00edan sido diputaciones pluris hasta que Rocha la puso en Sepyc.<\/div>\n<div>Ah\u00ed se pele\u00f3 con el gremio magisterial por cuestiones ideol\u00f3gicas, y ante el riesgo de una paralizaci\u00f3n general, el gobernador pact\u00f3 con el SNTE. Ah\u00ed vino el enojo de Graciela. La separaci\u00f3n real se dio cuando Feliciano Castro Mel\u00e9ndrez fue removido de la secretar\u00eda general de gobierno por disposici\u00f3n remota de Enrique Inzurza. El grupo se dio por defenestrado.<\/div>\n<div>Se trata de una mujer con mucho car\u00e1cter que nunca ha sido acusada de nada. Honesta y talachera, s\u00f3lo algo dogm\u00e1tica.<\/div>\n<div>Su oferta es brindar piso parejo para todos. Dif\u00edcil en tiempos de un partido predominante acostumbrado a tomarlo todo.<\/div>\n<div>CLAUDIA, LA RESTRICTIVA<\/div>\n<div>Ya quedaron aprobados los lineamientos con que Morena y el gobierno pretenden controlar a medios electr\u00f3nicos y redes sociales, bajo la m\u00e1scara de \u201cdefensa de derechos de las audiencias\u201d.<\/div>\n<div>Ahora est\u00e1n por aparecer las limitaciones a los derechos de quienes tienen doble nacionalidad.<\/div>\n<div>Pasaron y est\u00e1n vigentes las leyes que destrozaron el sistema de acceso a la informaci\u00f3n p\u00fablica y los organismos aut\u00f3nomos en general, y acabaron con el efecto colectivo de los amparos, entre muchas otras cosas.<\/div>\n<div>Lo de la doble nacionalidad se empalma con la amenaza de anular las elecciones en que el gobierno pierda bajo el pretexto de \u201cinfluencias extranjeras\u201d.<\/div>\n<div>Muchos pensamos que siendo una cient\u00edfica, Claudia airear\u00eda el sistema pol\u00edtico, que abrir\u00eda el pa\u00eds a la modernidad, pero es todo lo contrario.<\/div>\n<div>El viernes por cierto, abord\u00f3 lo de una restricci\u00f3n m\u00e1s: evitar que los ni\u00f1os usen el celular en clases. La propuesta no es mala, pero la se\u00f1ora presidenta dijo que los alumnos deben volver al papel y la pluma. Los pa\u00edses se mueven ya no a la digitalizaci\u00f3n, sino a la inteligencia artificial y nuestra presidenta casi nos manda al uso del canutero.<\/div>\n<div>S\u00f3lo cheque: todas sus reformas son para restringir derechos.<\/div>\n<div>Y hay quien le ayude: el INE y el TRIFE le prohibieron a Somos M\u00e9xico, el nuevo partido, llamarse Somos M\u00e9xico, usar el color rosa y el logotipo que se hab\u00edan creado.<\/div>\n<div>Alguna vez el PRI oblig\u00f3 a un nuevo partido a salir en gris, porque hab\u00edan escogido unos colores parecidos a los del partido en el poder.<\/div>\n<div>Pero dicen que no son iguales.<\/div>\n<div><\/div>\n<div>EPIGRAMA<\/div>\n<div>Se separa Erique Inzunza del grupo parlamentario de Morena, pero no de Morena.<\/div>\n<div><\/div>\n<div>Impune de duro cuero,<\/div>\n<div>con rispidez de cadillo\/<\/div>\n<div>aferr\u00e1base al fuero\/<\/div>\n<div>de Morena en el\u2026 codillo.<\/div>\n","protected":false},"excerpt":{"rendered":"<p>DOMINGRILLA FRANCISCO CHIQUETE Iron\u00edas de la pol\u00edtica; Rub\u00e9n Rocha hizo todo lo que pudo por cerrarle el paso a Imelda Castro, y al final fue ese encono el que consolid\u00f3 a la senadora. Instalada ya en la candidatura al gobierno de Sinaloa. El entonces mandatario ensay\u00f3 todo. Le ech\u00f3 mont\u00f3n, ironiz\u00f3 en p\u00fablico sobre sus aspiraciones. Le ech\u00f3 encima la jaur\u00eda de golpeadores en redes sociales, hizo lobby en las c\u00fapulas de Morena, hasta que al mundo le qued\u00f3 claro que Imelda no era la candidata del gobernador. Tras los lamentables acontecimientos de la semana anterior, en Palacio Nacional y [&hellip;]<\/p>\n","protected":false},"author":3,"featured_media":51785,"comment_status":"open","ping_status":"open","sticky":false,"template":"","format":"standard","meta":{"_jetpack_newsletter_access":"","_jetpack_dont_email_post_to_subs":false,"_jetpack_newsletter_tier_id":0,"_jetpack_memberships_contains_paywalled_content":false,"_jetpack_feature_clip_id":0,"_jetpack_memberships_contains_paid_content":false,"footnotes":"","jetpack_publicize_message":"","jetpack_publicize_feature_enabled":true,"jetpack_social_post_already_shared":true,"jetpack_social_options":{"image_generator_settings":{"template":"highway","default_image_id":0,"font":"","enabled":false},"version":2},"jetpack_post_was_ever_published":false},"categories":[104],"tags":[],"class_list":["post-151845","post","type-post","status-publish","format-standard","has-post-thumbnail","hentry","category-columnistas-estatales","post--single"],"jetpack_publicize_connections":[],"jetpack_featured_media_url":"https:\/\/ovelanalista.com\/wp-content\/uploads\/2022\/09\/DOMINGRILLA-1.png","jetpack_sharing_enabled":true,"_links":{"self":[{"href":"https:\/\/ovelanalista.com\/index.php?rest_route=\/wp\/v2\/posts\/151845","targetHints":{"allow":["GET"]}}],"collection":[{"href":"https:\/\/ovelanalista.com\/index.php?rest_route=\/wp\/v2\/posts"}],"about":[{"href":"https:\/\/ovelanalista.com\/index.php?rest_route=\/wp\/v2\/types\/post"}],"author":[{"embeddable":true,"href":"https:\/\/ovelanalista.com\/index.php?rest_route=\/wp\/v2\/users\/3"}],"replies":[{"embeddable":true,"href":"https:\/\/ovelanalista.com\/index.php?rest_route=%2Fwp%2Fv2%2Fcomments&post=151845"}],"version-history":[{"count":1,"href":"https:\/\/ovelanalista.com\/index.php?rest_route=\/wp\/v2\/posts\/151845\/revisions"}],"predecessor-version":[{"id":151846,"href":"https:\/\/ovelanalista.com\/index.php?rest_route=\/wp\/v2\/posts\/151845\/revisions\/151846"}],"wp:featuredmedia":[{"embeddable":true,"href":"https:\/\/ovelanalista.com\/index.php?rest_route=\/wp\/v2\/media\/51785"}],"wp:attachment":[{"href":"https:\/\/ovelanalista.com\/index.php?rest_route=%2Fwp%2Fv2%2Fmedia&parent=151845"}],"wp:term":[{"taxonomy":"category","embeddable":true,"href":"https:\/\/ovelanalista.com\/index.php?rest_route=%2Fwp%2Fv2%2Fcategories&post=151845"},{"taxonomy":"post_tag","embeddable":true,"href":"https:\/\/ovelanalista.com\/index.php?rest_route=%2Fwp%2Fv2%2Ftags&post=151845"}],"curies":[{"name":"wp","href":"https:\/\/api.w.org\/{rel}","templated":true}]}}