{"id":151850,"date":"2026-08-31T11:30:07","date_gmt":"2026-08-31T18:30:07","guid":{"rendered":"https:\/\/ovelanalista.com\/?p=151850"},"modified":"2026-08-31T10:39:50","modified_gmt":"2026-08-31T17:39:50","slug":"crece-la-informalidad-laboral-en-sinaloa-689-mil-personas-trabajan-sin-prestaciones","status":"publish","type":"post","link":"https:\/\/ovelanalista.com\/?p=151850","title":{"rendered":"Crece la informalidad laboral en Sinaloa: 689 mil personas trabajan sin prestaciones"},"content":{"rendered":"<header class=\"post-header\">La informalidad laboral creci\u00f3 en Sinaloa durante el segundo trimestre de 2026, mientras se perdieron 44 mil empleos y aument\u00f3 el trabajo por cuenta propia.<\/p>\n<p><strong>Daniel Villaman<\/strong><\/p>\n<p>Durante el\u00a0<strong>segundo trimestre de 2026<\/strong>, mientras la<strong>\u00a0econom\u00eda del estado<\/strong>\u00a0enfrenta los efectos de una prolongada crisis de violencia y una menor actividad empresarial, menos personas logran conservar un<strong>\u00a0empleo formal<\/strong>\u00a0y buscan en la informalidad una alternativa para\u00a0<strong>obtener ingresos.<\/strong><\/p>\n<p>Los datos de la Encuesta Nacional de Ocupaci\u00f3n y Empleo (ENOE) muestran que la informalidad laboral alcanz\u00f3 al\u00a0<strong>49 por ciento de la poblaci\u00f3n ocupada entre abril y junio de este a\u00f1o,<\/strong>\u00a0mientras que el n\u00famero total de personas ocupadas se redujo en 44 mil respecto al mismo periodo de 2025.<\/p>\n<p><strong>En otras palabras, Sinaloa tiene menos personas trabajando y una mayor proporci\u00f3n de ellas lo hace en condiciones informales.<\/strong><\/p>\n<p>La\u00a0<strong>poblaci\u00f3n ocupada<\/strong>\u00a0pas\u00f3 de aproximadamente 1.449 millones a 1.405 millones de personas en un a\u00f1o. Al mismo tiempo, quienes se encontraban en alg\u00fan esquema de informalidad aumentaron de 675 mil a 689 mil trabajadores.<\/p>\n<p>Durante el segundo trimestre de 2026\u00a0<strong>se perdieron alrededor de 65 mil empleos subordinados y remunerados,<\/strong>\u00a0mientras que el n\u00famero de trabajadores por cuenta propia aument\u00f3 en aproximadamente 25 mil personas.<\/p>\n<p>El cambio es particularmente visible en el sector comercio, una de las actividades m\u00e1s importantes para la econom\u00eda estatal, al ser uno los que m\u00e1s fuerza laboral concentran. En t\u00e9rminos anuales, este sector registr\u00f3 una reducci\u00f3n de\u00a0<strong>25 mil personas ocupadas.<\/strong><\/p>\n<p>El resultado es un mercado laboral en el que una parte de los trabajadores que pierde un\u00a0<strong>empleo asalariado<\/strong>\u00a0termina recurriendo al\u00a0<strong>autoempleo<\/strong>, peque\u00f1os negocios o actividades realizadas desde los hogares para mantener sus ingresos.<\/p>\n<p>La dimensi\u00f3n del fen\u00f3meno se refleja tambi\u00e9n en el sector informal, que pas\u00f3 de unas 318 mil personas en el segundo trimestre de 2025 a 375 mil en el mismo periodo de 2026:\u00a0<strong>un aumento de 57 mil trabajadores.<\/strong><\/p>\n<p>Esto significa que cada vez m\u00e1s personas dependen de actividades que no cuentan con seguridad social, prestaciones laborales o la certidumbre que ofrece un empleo formal.<\/p>\n<h2>El aumento de la informalidad ya se siente en las calles<\/h2>\n<p>&nbsp;<\/p>\n<p><strong>Jos\u00e9 Hern\u00e1ndez Ram\u00edrez<\/strong>, presidente de Artesanos y Comerciantes de Sinaloa, cuyos agremiados se dedican en buena parte al\u00a0<strong>comercio en v\u00eda p\u00fablica<\/strong>, asegur\u00f3 en entrevista para ESPEJO que ha sido evidente el aumento de personas que buscan un espacio en la informalidad, en el contexto del deterioro econ\u00f3mico que atraviesa el estado. Su comentario se basa, particularmente, en las observaciones de la asociaci\u00f3n en la ciudad de\u00a0<strong>Culiac\u00e1n<\/strong>.<\/p>\n<blockquote><p>\u201c<strong>S\u00ed ha habido mucho aumento, ha habido m\u00e1s competencia en la cuesti\u00f3n comercial<\/strong>. S\u00ed ha perjudicado al local que ya estaba trabajando. Por eso es el llamado a las autoridades a que nos organicemos, que hagamos mesas de trabajo, para ver qu\u00e9 soluci\u00f3n le damos\u201d, coment\u00f3.<\/p><\/blockquote>\n<p>&nbsp;<\/p>\n<p>Para Hern\u00e1ndez, este fen\u00f3meno se deriva directamente de la inseguridad que prevalece en la entidad, la cual ha provocado\u00a0<strong>p\u00e9rdida de empleos y desplazamiento forzado<\/strong>\u00a0de personas que se han visto obligadas a abandonar sus comunidades de origen y trasladarse a los centros urbanos ante la violencia generada por el conflicto entre grupos del crimen organizado, que se ha extendido por distintas regiones del estado.<\/p>\n<blockquote><p>\u201cEsa gente busca una oportunidad de supervivencia. Hoy en d\u00eda, se vive un clima de inseguridad muy fuerte y la gente busca una oportunidad en el comercio ambulante.\u00a0<strong>Yo creo que esa gente s\u00ed merece una oportunidad<\/strong>\u201c, asegura.<\/p><\/blockquote>\n<p>&nbsp;<\/p>\n<p>Hizo especial \u00e9nfasis en la necesidad de llevar el tema a la mesa de toma de decisiones de pol\u00edtica p\u00fablica, al considerar que las condiciones de\u00a0<strong>precariedad y vulnerabilidad<\/strong>\u00a0que se agudizan en Sinaloa podr\u00edan contribuir a\u00a0<strong>perpetuar la criminalidad<\/strong>\u00a0en el estado.<\/p>\n<h2>La guerra interna del C\u00e1rtel de Sinaloa golpea a una econom\u00eda ya debilitada<\/h2>\n<p>&nbsp;<\/p>\n<p>Desde septiembre de 2024, el estado permanece inmerso en una espiral delictiva, producto del estallido de la guerra interna dentro del\u00a0<strong>C\u00e1rtel de Sinaloa<\/strong>, que ya se prolonga por m\u00e1s de 23 meses.<\/p>\n<p>Durante casi dos a\u00f1os, comerciantes, empresas, trabajadores y consumidores han enfrentado interrupciones en sus actividades,\u00a0<strong>cambios en los horarios<\/strong>\u00a0de operaci\u00f3n,\u00a0<strong>afectaciones a las cadenas de suministro<\/strong>\u00a0y una\u00a0<strong>mayor incertidumbre<\/strong>\u00a0para invertir y contratar personal.<\/p>\n<p>La crisis econ\u00f3mica tampoco se limita al mercado laboral.\u00a0<strong>En los \u00faltimos meses, Sinaloa ha acumulado p\u00e9rdidas de empleos formales<\/strong>, una reducci\u00f3n en el n\u00famero de patrones registrados ante el IMSS y un aumento de la poblaci\u00f3n que busca trabajo.<\/p>\n<p>El aumento de la\u00a0<strong>informalidad ocurre dentro de un escenario econ\u00f3mico<\/strong>\u00a0marcado por la contracci\u00f3n de actividades productivas, el cierre o debilitamiento de negocios y la incertidumbre provocada por la inseguridad.<\/p>\n<p>Con informaci\u00f3n de Espejo<\/p>\n<\/header>\n","protected":false},"excerpt":{"rendered":"<p>La informalidad laboral creci\u00f3 en Sinaloa durante el segundo trimestre de 2026, mientras se perdieron 44 mil empleos y aument\u00f3 el trabajo por cuenta propia. Daniel Villaman Durante el\u00a0segundo trimestre de 2026, mientras la\u00a0econom\u00eda del estado\u00a0enfrenta los efectos de una prolongada crisis de violencia y una menor actividad empresarial, menos personas logran conservar un\u00a0empleo formal\u00a0y buscan en la informalidad una alternativa para\u00a0obtener ingresos. Los datos de la Encuesta Nacional de Ocupaci\u00f3n y Empleo (ENOE) muestran que la informalidad laboral alcanz\u00f3 al\u00a049 por ciento de la poblaci\u00f3n ocupada entre abril y junio de este a\u00f1o,\u00a0mientras que el n\u00famero total de personas [&hellip;]<\/p>\n","protected":false},"author":3,"featured_media":114758,"comment_status":"open","ping_status":"open","sticky":false,"template":"","format":"standard","meta":{"_jetpack_newsletter_access":"","_jetpack_dont_email_post_to_subs":false,"_jetpack_newsletter_tier_id":0,"_jetpack_memberships_contains_paywalled_content":false,"_jetpack_feature_clip_id":0,"_jetpack_memberships_contains_paid_content":false,"footnotes":"","jetpack_publicize_message":"","jetpack_publicize_feature_enabled":true,"jetpack_social_post_already_shared":true,"jetpack_social_options":{"image_generator_settings":{"template":"highway","default_image_id":0,"font":"","enabled":false},"version":2},"jetpack_post_was_ever_published":false},"categories":[90],"tags":[],"class_list":["post-151850","post","type-post","status-publish","format-standard","has-post-thumbnail","hentry","category-estatal","post--single"],"jetpack_publicize_connections":[],"jetpack_featured_media_url":"https:\/\/ovelanalista.com\/wp-content\/uploads\/2025\/02\/comercios-cln.webp","jetpack_sharing_enabled":true,"_links":{"self":[{"href":"https:\/\/ovelanalista.com\/index.php?rest_route=\/wp\/v2\/posts\/151850","targetHints":{"allow":["GET"]}}],"collection":[{"href":"https:\/\/ovelanalista.com\/index.php?rest_route=\/wp\/v2\/posts"}],"about":[{"href":"https:\/\/ovelanalista.com\/index.php?rest_route=\/wp\/v2\/types\/post"}],"author":[{"embeddable":true,"href":"https:\/\/ovelanalista.com\/index.php?rest_route=\/wp\/v2\/users\/3"}],"replies":[{"embeddable":true,"href":"https:\/\/ovelanalista.com\/index.php?rest_route=%2Fwp%2Fv2%2Fcomments&post=151850"}],"version-history":[{"count":1,"href":"https:\/\/ovelanalista.com\/index.php?rest_route=\/wp\/v2\/posts\/151850\/revisions"}],"predecessor-version":[{"id":151861,"href":"https:\/\/ovelanalista.com\/index.php?rest_route=\/wp\/v2\/posts\/151850\/revisions\/151861"}],"wp:featuredmedia":[{"embeddable":true,"href":"https:\/\/ovelanalista.com\/index.php?rest_route=\/wp\/v2\/media\/114758"}],"wp:attachment":[{"href":"https:\/\/ovelanalista.com\/index.php?rest_route=%2Fwp%2Fv2%2Fmedia&parent=151850"}],"wp:term":[{"taxonomy":"category","embeddable":true,"href":"https:\/\/ovelanalista.com\/index.php?rest_route=%2Fwp%2Fv2%2Fcategories&post=151850"},{"taxonomy":"post_tag","embeddable":true,"href":"https:\/\/ovelanalista.com\/index.php?rest_route=%2Fwp%2Fv2%2Ftags&post=151850"}],"curies":[{"name":"wp","href":"https:\/\/api.w.org\/{rel}","templated":true}]}}