{"id":151851,"date":"2026-08-31T10:14:59","date_gmt":"2026-08-31T17:14:59","guid":{"rendered":"https:\/\/ovelanalista.com\/?p=151851"},"modified":"2026-08-31T10:14:59","modified_gmt":"2026-08-31T17:14:59","slug":"gobernadora-de-sinaloa-ofrece-proteccion-a-la-activista-alma-rosa-rojo-tras-ataque-a-balazos","status":"publish","type":"post","link":"https:\/\/ovelanalista.com\/?p=151851","title":{"rendered":"Gobernadora de Sinaloa ofrece protecci\u00f3n a la activista Alma Rosa Rojo tras ataque a balazos"},"content":{"rendered":"<p class=\"[font-family:'Manrope',Helvetica] text-black text-[12px] lg:text-[14px] tracking-[0.36px] lg:tracking-[0.42px] w-full\" data-testid=\"text-article-excerpt\">Graciela Dom\u00ednguez Nava reafirm\u00f3 su apoyo a los colectivos de buscadoras, tras la agresi\u00f3n sufrida este s\u00e1bado en Culiac\u00e1n por la activista y su hija, quienes ya fueron dadas de alta.<\/p>\n<p data-testid=\"text-article-excerpt\">El\u00a0<strong>ataque a la madre buscadora<\/strong>\u00a0<a href=\"https:\/\/grupoanimal.mx\/estados\/atacan-balazos-madre-buscadora-alma-rosa-rojo-culiacan\" target=\"_blank\" rel=\"noopener\"><strong>Alma Rosa Rojo<\/strong><\/a>\u00a0y su hija el s\u00e1bado en Culiac\u00e1n, Sinaloa, es \u201cuna alerta que se tiene que seguir atendiendo\u201d, manifest\u00f3 la gobernadora interina,\u00a0<strong>Graciela Dom\u00ednguez Nava<\/strong>.<\/p>\n<p>\u201cHe hablado con la compa\u00f1era Alma Rosa, ella tiene todo nuestro apoyo; saludamos que afortunadamente no pas\u00f3 a mayores, pero por supuesto que es una alerta que nosotros tenemos que seguir atendiendo\u201d, manifest\u00f3 Dom\u00ednguez Nava en entrevista durante un recorrido el mediod\u00eda de este domingo en el mercado municipal Jos\u00e9 Mar\u00eda Pino Su\u00e1rez, en el centro de Mazatl\u00e1n.<\/p>\n<p>\u201cLas buscadoras realizan un trabajo muy, muy sensible y muy humano, muy importante, y\u00a0<strong>les he reiterado que cuentan con nuestro apoyo siempre<\/strong>\u201d, dijo la funcionaria.<\/p>\n<figure id=\"attachment_401314\" class=\"wp-caption aligncenter\" aria-describedby=\"caption-attachment-401314\">\n<p><div id=\"attachment_401314\" style=\"width: 1034px\" class=\"wp-caption aligncenter\"><img loading=\"lazy\" decoding=\"async\" aria-describedby=\"caption-attachment-401314\" class=\"wp-image-401314 size-large\" src=\"https:\/\/grupoanimal.mx\/api\/image-proxy?url=https%3A%2F%2Fgrupoanimal.sfo3.cdn.digitaloceanspaces.com%2Fuploads%2F2026%2F08%2Fsinaloa-graciela-dominguez-1-1024x683.webp\" alt=\"\" width=\"1024\" height=\"683\" \/><p id=\"caption-attachment-401314\" class=\"wp-caption-text\">La gobernadora interina de Sinaloa, Graciela Dom\u00ednguez Nava. Foto: Noroeste\/Carlos Zatar\u00e1in<\/p><\/div><\/figure>\n<p>&nbsp;<\/p>\n<p>Dijo que ya se reuni\u00f3 con varios colectivos de b\u00fasqueda en la entidad y reiter\u00f3 que la disposici\u00f3n del gobierno del estado siempre va a estar para ellos, el \u201cdi\u00e1logo abierto, franco y directo\u201d, porque de manera conjunta se tiene que\u00a0<strong>seguir apoyando a familiares de desaparecidos<\/strong>.<\/p>\n<p>\u201cEl apoyo para ellas estar\u00e1 presente, con ellas he trabajado en otros espacios y, por supuesto, que vamos a seguir apoyando desde una parte humana, que es lo que requerimos\u201d, continu\u00f3 la gobernadora.<\/p>\n<p>Sobre el\u00a0<strong>estado de Alma Rosa Rojo y su hija<\/strong>, la mandataria inform\u00f3: \u201cEst\u00e1 bien, ella fue dada de alta anoche, est\u00e1 bien y tiene toda nuestra protecci\u00f3n, s\u00ed (tambi\u00e9n su hija fue dada de alta); la acompa\u00f1aba su hija, su nieta; afortunadamente est\u00e1 muy bien, fueron atendidos por parte de IMSS Bienestar, una atenci\u00f3n inmediata y est\u00e1 muy bien ella\u201d.<\/p>\n<div class=\"in-content text-center mB15\">\n<figure id=\"attachment_401313\" class=\"wp-caption aligncenter\" aria-describedby=\"caption-attachment-401313\">\n<p><div id=\"attachment_401313\" style=\"width: 1034px\" class=\"wp-caption aligncenter\"><img loading=\"lazy\" decoding=\"async\" aria-describedby=\"caption-attachment-401313\" class=\"wp-image-401313 size-large\" src=\"https:\/\/grupoanimal.mx\/api\/image-proxy?url=https%3A%2F%2Fgrupoanimal.sfo3.cdn.digitaloceanspaces.com%2Fuploads%2F2026%2F08%2Fdominguez-graciela-sinaloa-1024x683.webp\" alt=\"\" width=\"1024\" height=\"683\" \/><p id=\"caption-attachment-401313\" class=\"wp-caption-text\">Graciela Dom\u00ednguez coment\u00f3 que las v\u00edctimas recibir\u00e1n el m\u00e1ximo apoyo de parte de ella y el gobierno ante esta situaci\u00f3n. Foto: Noroeste\/Carlos Zatar\u00e1in<\/p><\/div><\/figure>\n<p>La\u00a0<strong>madre buscadora Alma Rosa Rojo y su hija Yesenia resultaron heridas tras ser atacadas a balazos<\/strong>\u00a0la tarde de este s\u00e1bado mientras circulaban a bordo de un veh\u00edculo en la colonia Estela Ortiz de Toledo, al surponiente de Culiac\u00e1n, Sinaloa.<\/p>\n<p>En el veh\u00edculo\u00a0<strong>tambi\u00e9n viajaban tres menores de edad<\/strong>, nietos de Alma Rosa, quienes habr\u00edan sufrido una crisis nerviosa.<\/p>\n<p>La\u00a0<strong>agresi\u00f3n ocurri\u00f3 alrededor de las 13:30 horas sobre la avenida Jes\u00fas Silva Herzog<\/strong>, entre Maximiliano G\u00e1mez y Rosendo Rodr\u00edguez, cuando la familia de la\u00a0<strong>fundadora del colectivo de b\u00fasqueda Voces Unidas por la Vida<\/strong>\u00a0circulaba en un veh\u00edculo.<\/p>\n<p>De acuerdo con los primeros reportes, un\u00a0<strong>grupo armado dispar\u00f3 en repetidas ocasiones contra el autom\u00f3vil<\/strong>. Los impactos alcanzaron la carrocer\u00eda y los cristales de la unidad.<\/p>\n<p>Despu\u00e9s de la agresi\u00f3n, vecinos del sector resguardaron a las menores en un domicilio, mientras se solicitaba el apoyo de los cuerpos de emergencia.<\/p>\n<p>Minutos despu\u00e9s llegaron param\u00e9dicos de Cruz Roja y personal de Rescate Urbano y Urgencias B\u00e1sicas del Grupo GERUM, quienes atendieron a los menores de edad.<\/p>\n<p>El \u00e1rea fue acordonada por elementos de la Secretar\u00eda de la Defensa Nacional, Polic\u00eda Estatal Preventiva, Polic\u00eda Municipal y Polic\u00eda de Investigaci\u00f3n, quienes acudieron para recabar informaci\u00f3n sobre el ataque.<\/p>\n<p>En el sitio fueron localizados al menos\u00a0<strong>ocho casquillos de arma larga<\/strong>.<\/p>\n<p>Alma Rosa Rojo se convirti\u00f3 en buscadora tras la\u00a0<strong>desaparici\u00f3n de su hermano Miguel \u00c1ngel Rojo<\/strong>\u00a0el 4 de julio de 2009 y fund\u00f3 el colectivo Voces Unidas por la Vida.<\/p>\n<p>Con informaci\u00f3n de Animal Pol\u00edtico<\/p>\n<\/div>\n","protected":false},"excerpt":{"rendered":"<p>Graciela Dom\u00ednguez Nava reafirm\u00f3 su apoyo a los colectivos de buscadoras, tras la agresi\u00f3n sufrida este s\u00e1bado en Culiac\u00e1n por la activista y su hija, quienes ya fueron dadas de alta. El\u00a0ataque a la madre buscadora\u00a0Alma Rosa Rojo\u00a0y su hija el s\u00e1bado en Culiac\u00e1n, Sinaloa, es \u201cuna alerta que se tiene que seguir atendiendo\u201d, manifest\u00f3 la gobernadora interina,\u00a0Graciela Dom\u00ednguez Nava. \u201cHe hablado con la compa\u00f1era Alma Rosa, ella tiene todo nuestro apoyo; saludamos que afortunadamente no pas\u00f3 a mayores, pero por supuesto que es una alerta que nosotros tenemos que seguir atendiendo\u201d, manifest\u00f3 Dom\u00ednguez Nava en entrevista durante un recorrido [&hellip;]<\/p>\n","protected":false},"author":3,"featured_media":151855,"comment_status":"open","ping_status":"open","sticky":false,"template":"","format":"standard","meta":{"_jetpack_newsletter_access":"","_jetpack_dont_email_post_to_subs":false,"_jetpack_newsletter_tier_id":0,"_jetpack_memberships_contains_paywalled_content":false,"_jetpack_feature_clip_id":0,"_jetpack_memberships_contains_paid_content":false,"footnotes":"","jetpack_publicize_message":"","jetpack_publicize_feature_enabled":true,"jetpack_social_post_already_shared":true,"jetpack_social_options":{"image_generator_settings":{"template":"highway","default_image_id":0,"font":"","enabled":false},"version":2},"jetpack_post_was_ever_published":false},"categories":[90],"tags":[],"class_list":["post-151851","post","type-post","status-publish","format-standard","has-post-thumbnail","hentry","category-estatal","post--single"],"jetpack_publicize_connections":[],"jetpack_featured_media_url":"https:\/\/ovelanalista.com\/wp-content\/uploads\/2026\/08\/image-proxy-7.webp","jetpack_sharing_enabled":true,"_links":{"self":[{"href":"https:\/\/ovelanalista.com\/index.php?rest_route=\/wp\/v2\/posts\/151851","targetHints":{"allow":["GET"]}}],"collection":[{"href":"https:\/\/ovelanalista.com\/index.php?rest_route=\/wp\/v2\/posts"}],"about":[{"href":"https:\/\/ovelanalista.com\/index.php?rest_route=\/wp\/v2\/types\/post"}],"author":[{"embeddable":true,"href":"https:\/\/ovelanalista.com\/index.php?rest_route=\/wp\/v2\/users\/3"}],"replies":[{"embeddable":true,"href":"https:\/\/ovelanalista.com\/index.php?rest_route=%2Fwp%2Fv2%2Fcomments&post=151851"}],"version-history":[{"count":1,"href":"https:\/\/ovelanalista.com\/index.php?rest_route=\/wp\/v2\/posts\/151851\/revisions"}],"predecessor-version":[{"id":151856,"href":"https:\/\/ovelanalista.com\/index.php?rest_route=\/wp\/v2\/posts\/151851\/revisions\/151856"}],"wp:featuredmedia":[{"embeddable":true,"href":"https:\/\/ovelanalista.com\/index.php?rest_route=\/wp\/v2\/media\/151855"}],"wp:attachment":[{"href":"https:\/\/ovelanalista.com\/index.php?rest_route=%2Fwp%2Fv2%2Fmedia&parent=151851"}],"wp:term":[{"taxonomy":"category","embeddable":true,"href":"https:\/\/ovelanalista.com\/index.php?rest_route=%2Fwp%2Fv2%2Fcategories&post=151851"},{"taxonomy":"post_tag","embeddable":true,"href":"https:\/\/ovelanalista.com\/index.php?rest_route=%2Fwp%2Fv2%2Ftags&post=151851"}],"curies":[{"name":"wp","href":"https:\/\/api.w.org\/{rel}","templated":true}]}}