{"id":151852,"date":"2026-08-31T11:00:56","date_gmt":"2026-08-31T18:00:56","guid":{"rendered":"https:\/\/ovelanalista.com\/?p=151852"},"modified":"2026-08-31T10:37:35","modified_gmt":"2026-08-31T17:37:35","slug":"ejercito-blinda-escuelas-por-regreso-a-clases-en-sinaloa-vigilan-planteles-tras-amenaza-en-colegio-privado-de-culiacan","status":"publish","type":"post","link":"https:\/\/ovelanalista.com\/?p=151852","title":{"rendered":"Ej\u00e9rcito blinda escuelas por regreso a clases en Sinaloa: vigilan planteles tras amenaza en colegio privado de Culiac\u00e1n"},"content":{"rendered":"<h2 class=\"article-subheadline text-align-left\">Polic\u00edas estatales y municipales se sumaron al operativo desplegado este lunes en escuelas de los 20 municipios.<\/h2>\n<p class=\"display_flex authors-name-txt-ctn\"><strong>Por <span class=\"author-name\">Andr\u00e9s Garc\u00eda S.<\/span><\/strong><\/p>\n<p class=\"paragraph\" data-paragraph-number=\"1\" data-mrf-recirculation=\"Links inline\">El\u00a0<b>regreso a clases en Sinaloa<\/b>, este lunes 31 de agosto, inici\u00f3 con un despliegue de elementos del\u00a0<b>Ej\u00e9rcito<\/b>, polic\u00edas estatales y municipales y otras corporaciones de seguridad en las inmediaciones de planteles educativos de los\u00a0<b>20 municipios del estado<\/b>, inform\u00f3 la Secretar\u00eda de Seguridad P\u00fablica.<\/p>\n<div class=\"marfeel-recommender marfeel-recommender-1\">\n<div class=\"recommended-card__image-container\">\n<p class=\"paragraph\" data-paragraph-number=\"2\" data-mrf-recirculation=\"Links inline\">La vigilancia fue instalada con motivo del inicio del ciclo escolar\u00a0<b>2026-2027<\/b>, mientras agentes de vialidad fueron colocados en las zonas de mayor concentraci\u00f3n vehicular para agilizar la circulaci\u00f3n durante los horarios de entrada y salida.<\/p>\n<p class=\"paragraph\" data-paragraph-number=\"3\" data-mrf-recirculation=\"Links inline\">El operativo ocurri\u00f3 horas despu\u00e9s de que un colegio privado de Culiac\u00e1n fuera\u00a0<b>blanco de una amenaza<\/b>. Durante la noche del domingo 30 de agosto, sujetos desconocidos llegaron a bordo de un veh\u00edculo al\u00a0<b>Colegio Ingl\u00e9s de Durango<\/b>, ubicado sobre el bulevar Villas del R\u00edo, en el fraccionamiento del mismo nombre.<\/p>\n<p class=\"paragraph\" data-paragraph-number=\"4\" data-mrf-recirculation=\"Links inline\">Los individuos dejaron una\u00a0<b>corona f\u00fanebre<\/b>\u00a0frente al plantel y realizaron una pinta con aerosol negro en una de las<b>\u00a0bardas de la fachada.<\/b>\u00a0El mensaje fue considerado intimidatorio por las autoridades.<\/p>\n<p class=\"paragraph\" data-paragraph-number=\"5\" data-mrf-recirculation=\"Links inline\">El reporte fue recibido a trav\u00e9s del n\u00famero de emergencias 911, por lo que elementos del\u00a0<b>Grupo Interinstitucional\u00a0<\/b>acudieron al lugar. Los agentes retiraron la corona y establecieron un\u00a0<b>punto de vigilancia permanente<\/b>\u00a0frente al colegio. No se reportaron personas agredidas durante el incidente.<\/p>\n<p data-paragraph-number=\"5\" data-mrf-recirculation=\"Links inline\">Hasta el cierre de esta nota, las autoridades no han informado\u00a0<b>qui\u00e9n coloc\u00f3 la ofrenda<\/b>\u00a0ni cu\u00e1l fue el motivo de la amenaza. Tampoco han establecido p\u00fablicamente una relaci\u00f3n entre este hecho y el operativo implementado por el regreso a clases.<\/p>\n<p data-paragraph-number=\"5\" data-mrf-recirculation=\"Links inline\"><img loading=\"lazy\" decoding=\"async\" class=\"\" src=\"https:\/\/www.infobae.com\/resizer\/v2\/ONYU5VKF3BAOHPRIC6KX44ILKQ.jpg?auth=bbb6278aa45fa8f5103a2d6d0bf2c89359d888e4bacfd13a90ebd051c229670e&amp;smart=true&amp;width=350&amp;height=240&amp;quality=85\" alt=\"La noche del domingo, sujetos desconocidos dejaron una corona f\u00fanebre frente al Colegio Ingl\u00e9s de Durango y realizaron una pinta con aerosol negro en una de las bardas de la fachada. (Cr\u00e9dito: redes sociales)\" width=\"770\" height=\"528\" \/><\/p>\n<h2 id=\"culiacan-bajo-presion-por-la-disputa-criminal\" class=\"text-align-left vertical-align-top line-height-100 header headline-class-h2 headline\">Culiac\u00e1n, bajo presi\u00f3n por la disputa criminal<\/h2>\n<p class=\"paragraph\" data-paragraph-number=\"7\" data-mrf-recirculation=\"Links inline\">El despliegue ocurre mientras<b>\u00a0Sinaloa mantiene una crisis de seguridad\u00a0<\/b>vinculada con la confrontaci\u00f3n entre las facciones de\u00a0<b>Los Chapitos<\/b>\u00a0y\u00a0<b>Los Mayos<\/b>, ambas relacionadas con el C\u00e1rtel de Sinaloa.<\/p>\n<p class=\"paragraph\" data-paragraph-number=\"8\" data-mrf-recirculation=\"Links inline\">La disputa se intensific\u00f3 en septiembre de 2024, despu\u00e9s de la detenci\u00f3n de\u00a0<b>Ismael El Mayo Zambada<\/b>\u00a0en Estados Unidos. Desde entonces, Culiac\u00e1n y otros municipios han registrado<b>\u00a0enfrentamientos, homicidios, desapariciones, bloqueos y ataques armados<\/b>\u00a0relacionados con la pugna entre ambas estructuras.<\/p>\n<p class=\"paragraph\" data-paragraph-number=\"9\" data-mrf-recirculation=\"Links inline\">La capital del estado ha concentrado buena parte de estos hechos. Durante agosto se han registrado<b>\u00a0distintos episodios violentos en Culiac\u00e1n<\/b>, incluido un ataque armado frente al Palacio de Gobierno ocurrido el\u00a0<b>16 de agosto,<\/b>\u00a0que dej\u00f3\u00a0<b>dos personas muertas<\/b>.<\/p>\n<p class=\"paragraph\" data-paragraph-number=\"10\" data-mrf-recirculation=\"Links inline\">El s\u00e1bado 29 de agosto, un d\u00eda antes de la amenaza contra el colegio, Alma Rosa Rojo Medina, fundadora del colectivo de b\u00fasqueda Voces Unidas por la Vida, fue\u00a0<b>atacada a balazos<\/b>\u00a0junto con una de sus hijas en\u00a0<b>Culiac\u00e1n.<\/b><\/p>\n<div class=\"visual__image\"><picture><source srcset=\"https:\/\/www.infobae.com\/resizer\/v2\/JZ3Y3PSNKRH5HA4QLIVZNU4FIA.jpeg?auth=d87c323b45e8b16a61eca3f043bb7bd5fabb9e2c9c57e0dd02f32dd5081ec4df&amp;smart=true&amp;width=992&amp;height=661&amp;quality=85\" media=\"(min-width: 1000px)\" \/><source srcset=\"https:\/\/www.infobae.com\/resizer\/v2\/JZ3Y3PSNKRH5HA4QLIVZNU4FIA.jpeg?auth=d87c323b45e8b16a61eca3f043bb7bd5fabb9e2c9c57e0dd02f32dd5081ec4df&amp;smart=true&amp;width=768&amp;height=512&amp;quality=85\" media=\"(min-width: 768px)\" \/><source srcset=\"https:\/\/www.infobae.com\/resizer\/v2\/JZ3Y3PSNKRH5HA4QLIVZNU4FIA.jpeg?auth=d87c323b45e8b16a61eca3f043bb7bd5fabb9e2c9c57e0dd02f32dd5081ec4df&amp;smart=true&amp;width=577&amp;height=385&amp;quality=85\" media=\"(min-width: 580px)\" \/><source srcset=\"https:\/\/www.infobae.com\/resizer\/v2\/JZ3Y3PSNKRH5HA4QLIVZNU4FIA.jpeg?auth=d87c323b45e8b16a61eca3f043bb7bd5fabb9e2c9c57e0dd02f32dd5081ec4df&amp;smart=true&amp;width=420&amp;height=280&amp;quality=85\" media=\"(min-width: 350px)\" \/><source srcset=\"https:\/\/www.infobae.com\/resizer\/v2\/JZ3Y3PSNKRH5HA4QLIVZNU4FIA.jpeg?auth=d87c323b45e8b16a61eca3f043bb7bd5fabb9e2c9c57e0dd02f32dd5081ec4df&amp;smart=true&amp;width=350&amp;height=233&amp;quality=85\" media=\"(min-width: 80px)\" \/><\/picture><\/div>\n<div><img loading=\"lazy\" decoding=\"async\" class=\"\" src=\"https:\/\/www.infobae.com\/resizer\/v2\/JZ3Y3PSNKRH5HA4QLIVZNU4FIA.jpeg?auth=d87c323b45e8b16a61eca3f043bb7bd5fabb9e2c9c57e0dd02f32dd5081ec4df&amp;smart=true&amp;width=350&amp;height=233&amp;quality=85\" alt=\"Sinaloa inici\u00f3 el ciclo escolar 2026-2027 en medio de la disputa entre las facciones de Los Chapitos y Los Mayos, que desde septiembre de 2024 ha provocado una ola de violencia en el estado. (Cr\u00e9dito: Secretar\u00eda de Seguridad P\u00fablica de Sinaloa)\" width=\"765\" height=\"509\" \/><\/div>\n<\/div>\n<\/div>\n<div><\/div>\n<div>\n<p class=\"paragraph\" data-paragraph-number=\"11\" data-mrf-recirculation=\"Links inline\">La violencia ha llevado a las autoridades a mantener una\u00a0<b>presencia permanente de fuerzas federales y estatales<\/b>\u00a0en distintos puntos de la ciudad y del estado.<\/p>\n<h2 id=\"seguridad-alrededor-de-los-planteles\" class=\"text-align-left vertical-align-top line-height-100 header headline-class-h2 headline\">Seguridad alrededor de los planteles<\/h2>\n<p class=\"paragraph\" data-paragraph-number=\"12\" data-mrf-recirculation=\"Links inline\">Como parte del dispositivo de este lunes, elementos de las distintas corporaciones fueron desplegados en las inmediaciones de escuelas para\u00a0<b>vigilar los accesos<\/b>\u00a0y las zonas cercanas durante el regreso de estudiantes, docentes y personal administrativo.<\/p>\n<p class=\"paragraph\" data-paragraph-number=\"13\" data-mrf-recirculation=\"Links inline\">El despliegue coloca a las\u00a0<b>escuelas dentro del dispositivo de seguridad estatal\u00a0<\/b>en un momento particularmente sensible para Sinaloa, donde la\u00a0<b>violencia criminal\u00a0<\/b>ha obligado a mantener operativos permanentes en distintos municipios.<\/p>\n<p class=\"paragraph\" data-paragraph-number=\"14\" data-mrf-recirculation=\"Links inline\">La cobertura de este operativo alcanza los 20 municipios de Sinaloa y contempla tambi\u00e9n<b>\u00a0labores de vialidad<\/b>\u00a0debido al incremento del tr\u00e1nsito generado por el regreso a las aulas.<\/p>\n<p class=\"paragraph\" data-paragraph-number=\"15\" data-mrf-recirculation=\"Links inline\">Las autoridades recomendaron a los automovilistas salir con anticipaci\u00f3n, conducir con precauci\u00f3n y respetar los se\u00f1alamientos para evitar accidentes durante las horas de mayor circulaci\u00f3n. El<b>\u00a0n\u00famero de emergencias 911\u00a0<\/b>permanece disponible para recibir reportes de la poblaci\u00f3n.<\/p>\n<p data-paragraph-number=\"15\" data-mrf-recirculation=\"Links inline\">\n<\/div>\n<div class=\"marfeel-recommender marfeel-recommender-1\">\n<div class=\"recommended-card__image-container\">\n<div><\/div>\n<p data-paragraph-number=\"5\" data-mrf-recirculation=\"Links inline\">Con informaci\u00f3n de Infobae<\/p>\n<\/div>\n<\/div>\n","protected":false},"excerpt":{"rendered":"<p>Polic\u00edas estatales y municipales se sumaron al operativo desplegado este lunes en escuelas de los 20 municipios. Por Andr\u00e9s Garc\u00eda S. El\u00a0regreso a clases en Sinaloa, este lunes 31 de agosto, inici\u00f3 con un despliegue de elementos del\u00a0Ej\u00e9rcito, polic\u00edas estatales y municipales y otras corporaciones de seguridad en las inmediaciones de planteles educativos de los\u00a020 municipios del estado, inform\u00f3 la Secretar\u00eda de Seguridad P\u00fablica. La vigilancia fue instalada con motivo del inicio del ciclo escolar\u00a02026-2027, mientras agentes de vialidad fueron colocados en las zonas de mayor concentraci\u00f3n vehicular para agilizar la circulaci\u00f3n durante los horarios de entrada y salida. El [&hellip;]<\/p>\n","protected":false},"author":3,"featured_media":151859,"comment_status":"open","ping_status":"open","sticky":false,"template":"","format":"standard","meta":{"_jetpack_newsletter_access":"","_jetpack_dont_email_post_to_subs":false,"_jetpack_newsletter_tier_id":0,"_jetpack_memberships_contains_paywalled_content":false,"_jetpack_feature_clip_id":0,"_jetpack_memberships_contains_paid_content":false,"footnotes":"","jetpack_publicize_message":"","jetpack_publicize_feature_enabled":true,"jetpack_social_post_already_shared":true,"jetpack_social_options":{"image_generator_settings":{"template":"highway","default_image_id":0,"font":"","enabled":false},"version":2},"jetpack_post_was_ever_published":false},"categories":[84],"tags":[],"class_list":["post-151852","post","type-post","status-publish","format-standard","has-post-thumbnail","hentry","category-sinaloa-centro","post--single"],"jetpack_publicize_connections":[],"jetpack_featured_media_url":"https:\/\/ovelanalista.com\/wp-content\/uploads\/2026\/08\/Captura-de-pantalla-2026-08-31-a-las-10.36.15-a.m.png","jetpack_sharing_enabled":true,"_links":{"self":[{"href":"https:\/\/ovelanalista.com\/index.php?rest_route=\/wp\/v2\/posts\/151852","targetHints":{"allow":["GET"]}}],"collection":[{"href":"https:\/\/ovelanalista.com\/index.php?rest_route=\/wp\/v2\/posts"}],"about":[{"href":"https:\/\/ovelanalista.com\/index.php?rest_route=\/wp\/v2\/types\/post"}],"author":[{"embeddable":true,"href":"https:\/\/ovelanalista.com\/index.php?rest_route=\/wp\/v2\/users\/3"}],"replies":[{"embeddable":true,"href":"https:\/\/ovelanalista.com\/index.php?rest_route=%2Fwp%2Fv2%2Fcomments&post=151852"}],"version-history":[{"count":1,"href":"https:\/\/ovelanalista.com\/index.php?rest_route=\/wp\/v2\/posts\/151852\/revisions"}],"predecessor-version":[{"id":151860,"href":"https:\/\/ovelanalista.com\/index.php?rest_route=\/wp\/v2\/posts\/151852\/revisions\/151860"}],"wp:featuredmedia":[{"embeddable":true,"href":"https:\/\/ovelanalista.com\/index.php?rest_route=\/wp\/v2\/media\/151859"}],"wp:attachment":[{"href":"https:\/\/ovelanalista.com\/index.php?rest_route=%2Fwp%2Fv2%2Fmedia&parent=151852"}],"wp:term":[{"taxonomy":"category","embeddable":true,"href":"https:\/\/ovelanalista.com\/index.php?rest_route=%2Fwp%2Fv2%2Fcategories&post=151852"},{"taxonomy":"post_tag","embeddable":true,"href":"https:\/\/ovelanalista.com\/index.php?rest_route=%2Fwp%2Fv2%2Ftags&post=151852"}],"curies":[{"name":"wp","href":"https:\/\/api.w.org\/{rel}","templated":true}]}}