{"id":151854,"date":"2026-08-31T10:30:24","date_gmt":"2026-08-31T17:30:24","guid":{"rendered":"https:\/\/ovelanalista.com\/?p=151854"},"modified":"2026-08-31T10:28:03","modified_gmt":"2026-08-31T17:28:03","slug":"__trashed-3","status":"publish","type":"post","link":"https:\/\/ovelanalista.com\/?p=151854","title":{"rendered":"Tres de cada cuatro escuelas de Sinaloa no est\u00e1n adaptadas para estudiantes con discapacidad"},"content":{"rendered":"<div class=\"Summary_summary__gpJTn\">\n<p class=\"Typography_text-xl__yFuoP Typography_weight-normal__pqUbH\">74.5% de los planteles educativos de Sinaloa no cuenta con infraestructura adaptada para estudiantes con discapacidad.<\/p>\n<div id=\"ev-content\" class=\"\">\n<p class=\"Typography_text-l__QLRR8 Typography_weight-bold__uT6mq\"><strong>Josemiguel Souza<\/strong><\/p>\n<p class=\"Typography_text-default__P3otY Typography_weight-normal__pqUbH Typography_text-default__P3otY Typography_weight-normal__pqUbH\"><b class=\"bold\">Culiac\u00e1n, Sin.-<\/b>\u00a0Este lunes inicia el ciclo escolar\u00a0<b class=\"bold\">2026-2027<\/b> y, con ello, uno de los principales retos pendientes para el sistema educativo de Sinaloa: lograr que sus planteles sean verdaderamente inclusivos y accesibles para todos los alumnos.<\/p>\n<p class=\"Typography_text-default__P3otY Typography_weight-normal__pqUbH Typography_text-default__P3otY Typography_weight-normal__pqUbH\">Las estad\u00edsticas m\u00e1s recientes del\u00a0<b class=\"bold\">INEGI<\/b>\u00a0registran\u00a0<b class=\"bold\">13 mil 675 personas<\/b>\u00a0de entre 5 y 19 a\u00f1os con dificultades de movilidad, una poblaci\u00f3n que requiere condiciones adecuadas para desplazarse y desarrollarse dentro de los espacios educativos.<\/p>\n<p class=\"Typography_text-default__P3otY Typography_weight-normal__pqUbH Typography_text-default__P3otY Typography_weight-normal__pqUbH\">Sin embargo, la infraestructura de los planteles representa una de las principales barreras. De los\u00a0<b class=\"bold\">6 mil 219 planteles educativos<\/b>\u00a0que existen en Sinaloa, \u00fanicamente\u00a0<b class=\"bold\">mil 587<\/b>\u00a0cuentan con infraestructura adaptada para personas con discapacidad.<\/p>\n<p class=\"Typography_text-default__P3otY Typography_weight-normal__pqUbH Typography_text-default__P3otY Typography_weight-normal__pqUbH\">Esto significa que apenas el\u00a0<b class=\"bold\">25.5 por ciento<\/b>\u00a0de las escuelas dispone de infraestructura adaptada, mientras que alrededor del\u00a0<b class=\"bold\">74.5 por ciento<\/b>\u00a0no cuenta con este tipo de adecuaciones.<\/p>\n<p class=\"Typography_text-default__P3otY Typography_weight-normal__pqUbH Typography_text-default__P3otY Typography_weight-normal__pqUbH\">Mientras el sistema educativo mantiene este reto pendiente, Sinaloa atraviesa adem\u00e1s un proceso de definici\u00f3n en torno al presupuesto p\u00fablico para el pr\u00f3ximo a\u00f1o.<\/p>\n<h3 class=\"Typography_text-xl__yFuoP Typography_weight-normal__pqUbH SubHead_sub-head__PVEMA\">El balance<\/h3>\n<p class=\"Typography_text-default__P3otY Typography_weight-normal__pqUbH Typography_text-default__P3otY Typography_weight-normal__pqUbH\"><b class=\"bold\">Nuria Alejandra Gonz\u00e1lez Elizalde<\/b>, directora de\u00a0<b class=\"bold\">Mexicanos Primero Sinaloa<\/b>, explic\u00f3 que, como parte del balance educativo correspondiente al ciclo escolar\u00a0<b class=\"bold\">2025-2026<\/b>, la organizaci\u00f3n identific\u00f3 diversas carencias mediante solicitudes de acceso a la informaci\u00f3n.<\/p>\n<p class=\"Typography_text-default__P3otY Typography_weight-normal__pqUbH Typography_text-default__P3otY Typography_weight-normal__pqUbH\">Entre ellas, se\u00f1al\u00f3 que\u00a0<b class=\"bold\">19 por ciento<\/b>\u00a0de las escuelas carece de agua potable,\u00a0<b class=\"bold\">5 por ciento<\/b>\u00a0no cuenta con energ\u00eda el\u00e9ctrica,\u00a0<b class=\"bold\">13 por ciento<\/b>\u00a0no dispone de espacios adecuados para el lavado de manos y\u00a0<b class=\"bold\">15 por ciento<\/b>\u00a0carece de sanitarios independientes.<\/p>\n<figure class=\"Picture_picture__jeuFM\"><img loading=\"lazy\" decoding=\"async\" class=\"Image_image__tzQM0 seedtag\" src=\"https:\/\/oem.com.mx\/elsoldesinaloa\/img\/31784753\/1787927136\/BASE_LANDSCAPE\/1200\/image.webp\" sizes=\"auto, (max-width: 124px) 124px, (max-width: 240px) 240px, (max-width: 360px) 360px, (max-width: 480px) 480px, (max-width: 768px) 768px, (max-width: 1024px) 1024px, (max-width: 1200px) 1200px\" srcset=\"https:\/\/oem.com.mx\/elsoldesinaloa\/img\/31784753\/1787927136\/BASE_LANDSCAPE\/16\/image.webp 16w, https:\/\/oem.com.mx\/elsoldesinaloa\/img\/31784753\/1787927136\/BASE_LANDSCAPE\/32\/image.webp 32w, https:\/\/oem.com.mx\/elsoldesinaloa\/img\/31784753\/1787927136\/BASE_LANDSCAPE\/48\/image.webp 48w, https:\/\/oem.com.mx\/elsoldesinaloa\/img\/31784753\/1787927136\/BASE_LANDSCAPE\/64\/image.webp 64w, https:\/\/oem.com.mx\/elsoldesinaloa\/img\/31784753\/1787927136\/BASE_LANDSCAPE\/96\/image.webp 96w, https:\/\/oem.com.mx\/elsoldesinaloa\/img\/31784753\/1787927136\/BASE_LANDSCAPE\/124\/image.webp 124w, https:\/\/oem.com.mx\/elsoldesinaloa\/img\/31784753\/1787927136\/BASE_LANDSCAPE\/128\/image.webp 128w, https:\/\/oem.com.mx\/elsoldesinaloa\/img\/31784753\/1787927136\/BASE_LANDSCAPE\/240\/image.webp 240w, https:\/\/oem.com.mx\/elsoldesinaloa\/img\/31784753\/1787927136\/BASE_LANDSCAPE\/256\/image.webp 256w, https:\/\/oem.com.mx\/elsoldesinaloa\/img\/31784753\/1787927136\/BASE_LANDSCAPE\/360\/image.webp 360w, https:\/\/oem.com.mx\/elsoldesinaloa\/img\/31784753\/1787927136\/BASE_LANDSCAPE\/384\/image.webp 384w, https:\/\/oem.com.mx\/elsoldesinaloa\/img\/31784753\/1787927136\/BASE_LANDSCAPE\/480\/image.webp 480w, https:\/\/oem.com.mx\/elsoldesinaloa\/img\/31784753\/1787927136\/BASE_LANDSCAPE\/768\/image.webp 768w, https:\/\/oem.com.mx\/elsoldesinaloa\/img\/31784753\/1787927136\/BASE_LANDSCAPE\/1024\/image.webp 1024w, https:\/\/oem.com.mx\/elsoldesinaloa\/img\/31784753\/1787927136\/BASE_LANDSCAPE\/1200\/image.webp 1200w\" alt=\"Educaci\u00f3n de dif\u00edcil acceso\" width=\"1200\" height=\"675\" aria-description=\"Educaci\u00f3n de dif\u00edcil acceso\" data-nimg=\"1\" \/><figcaption><span class=\"Typography_text-default__P3otY Typography_weight-normal__pqUbH Typography_text-xs__Hgkfb Typography_weight-normal__pqUbH\">Fallas en servicios b\u00e1sicos y sanitarios limitan el desarrollo escolar en la entidad.<\/span>\u00a0\/\u00a0<span class=\"Typography_text-default__P3otY Typography_weight-normal__pqUbH Typography_text-xs__Hgkfb Typography_weight-normal__pqUbH\">Foto: Iv\u00e1n Medina | El Sol de Sinaloa<\/span><\/figcaption><\/figure>\n<p class=\"Typography_text-default__P3otY Typography_weight-normal__pqUbH Typography_text-default__P3otY Typography_weight-normal__pqUbH\">Uno de los mayores pendientes, agreg\u00f3, se encuentra en materia de inclusi\u00f3n para estudiantes con discapacidad.\u00a0<b class=\"bold\">Gonz\u00e1lez Elizalde<\/b>\u00a0se\u00f1al\u00f3 que\u00a0<b class=\"bold\">73 por ciento<\/b>\u00a0de los planteles no cuenta con instalaciones adaptadas para personas con discapacidad, mientras que\u00a0<b class=\"bold\">85 por ciento<\/b>\u00a0carece de materiales adaptados.<\/p>\n<p class=\"Typography_text-default__P3otY Typography_weight-normal__pqUbH Typography_text-default__P3otY Typography_weight-normal__pqUbH\"><i class=\"italic\">\u201cSin duda alguna que Sinaloa enfrenta este reto de reducir estas barreras que afectan con una mayor intensidad a los estudiantes en condiciones de vulnerabilidad\u201d<\/i>, sostuvo.<\/p>\n<p class=\"Typography_text-default__P3otY Typography_weight-normal__pqUbH Typography_text-default__P3otY Typography_weight-normal__pqUbH\">La directora de\u00a0<b class=\"bold\">Mexicanos Primero Sinaloa<\/b>\u00a0consider\u00f3 que no existen elementos para pensar que el pr\u00f3ximo ciclo escolar comenzar\u00e1 con condiciones diferentes a las identificadas durante el periodo que concluy\u00f3.<\/p>\n<h3 class=\"Typography_text-xl__yFuoP Typography_weight-normal__pqUbH SubHead_sub-head__PVEMA\">Problema presupuestal<\/h3>\n<p class=\"Typography_text-default__P3otY Typography_weight-normal__pqUbH Typography_text-default__P3otY Typography_weight-normal__pqUbH\">A las deficiencias de infraestructura se suma la reducci\u00f3n presupuestal en programas dirigidos a atender a estudiantes en condiciones de mayor vulnerabilidad.<\/p>\n<p class=\"Typography_text-default__P3otY Typography_weight-normal__pqUbH Typography_text-default__P3otY Typography_weight-normal__pqUbH\"><b class=\"bold\">Gonz\u00e1lez Elizalde<\/b>\u00a0indic\u00f3 que, de acuerdo con el an\u00e1lisis realizado por la organizaci\u00f3n al presupuesto de egresos de\u00a0<b class=\"bold\">2026<\/b>, los recursos destinados al\u00a0<b class=\"bold\">Programa de Fortalecimiento de los Servicios de Educaci\u00f3n Especial<\/b>\u00a0disminuyeron\u00a0<b class=\"bold\">36.2 por ciento<\/b>\u00a0respecto al a\u00f1o anterior, mientras que los apoyos dirigidos a estudiantes migrantes tuvieron una reducci\u00f3n de\u00a0<b class=\"bold\">3.4 por ciento<\/b>.<\/p>\n<figure class=\"Picture_picture__jeuFM\"><img loading=\"lazy\" decoding=\"async\" class=\"Image_image__tzQM0 seedtag\" src=\"https:\/\/oem.com.mx\/elsoldesinaloa\/img\/31784752\/1787927179\/BASE_LANDSCAPE\/1200\/image.webp\" sizes=\"auto, (max-width: 124px) 124px, (max-width: 240px) 240px, (max-width: 360px) 360px, (max-width: 480px) 480px, (max-width: 768px) 768px, (max-width: 1024px) 1024px, (max-width: 1200px) 1200px\" srcset=\"https:\/\/oem.com.mx\/elsoldesinaloa\/img\/31784752\/1787927179\/BASE_LANDSCAPE\/16\/image.webp 16w, https:\/\/oem.com.mx\/elsoldesinaloa\/img\/31784752\/1787927179\/BASE_LANDSCAPE\/32\/image.webp 32w, https:\/\/oem.com.mx\/elsoldesinaloa\/img\/31784752\/1787927179\/BASE_LANDSCAPE\/48\/image.webp 48w, https:\/\/oem.com.mx\/elsoldesinaloa\/img\/31784752\/1787927179\/BASE_LANDSCAPE\/64\/image.webp 64w, https:\/\/oem.com.mx\/elsoldesinaloa\/img\/31784752\/1787927179\/BASE_LANDSCAPE\/96\/image.webp 96w, https:\/\/oem.com.mx\/elsoldesinaloa\/img\/31784752\/1787927179\/BASE_LANDSCAPE\/124\/image.webp 124w, https:\/\/oem.com.mx\/elsoldesinaloa\/img\/31784752\/1787927179\/BASE_LANDSCAPE\/128\/image.webp 128w, https:\/\/oem.com.mx\/elsoldesinaloa\/img\/31784752\/1787927179\/BASE_LANDSCAPE\/240\/image.webp 240w, https:\/\/oem.com.mx\/elsoldesinaloa\/img\/31784752\/1787927179\/BASE_LANDSCAPE\/256\/image.webp 256w, https:\/\/oem.com.mx\/elsoldesinaloa\/img\/31784752\/1787927179\/BASE_LANDSCAPE\/360\/image.webp 360w, https:\/\/oem.com.mx\/elsoldesinaloa\/img\/31784752\/1787927179\/BASE_LANDSCAPE\/384\/image.webp 384w, https:\/\/oem.com.mx\/elsoldesinaloa\/img\/31784752\/1787927179\/BASE_LANDSCAPE\/480\/image.webp 480w, https:\/\/oem.com.mx\/elsoldesinaloa\/img\/31784752\/1787927179\/BASE_LANDSCAPE\/768\/image.webp 768w, https:\/\/oem.com.mx\/elsoldesinaloa\/img\/31784752\/1787927179\/BASE_LANDSCAPE\/1024\/image.webp 1024w, https:\/\/oem.com.mx\/elsoldesinaloa\/img\/31784752\/1787927179\/BASE_LANDSCAPE\/1200\/image.webp 1200w\" alt=\"Educaci\u00f3n de dif\u00edcil acceso\" width=\"1200\" height=\"675\" aria-description=\"Educaci\u00f3n de dif\u00edcil acceso\" data-nimg=\"1\" \/><figcaption><span class=\"Typography_text-default__P3otY Typography_weight-normal__pqUbH Typography_text-xs__Hgkfb Typography_weight-normal__pqUbH\">Colectivos ciudadanos llaman a rehabilitar rampas e infraestructura en escuelas p\u00fablicas.<\/span>\u00a0\/\u00a0<span class=\"Typography_text-default__P3otY Typography_weight-normal__pqUbH Typography_text-xs__Hgkfb Typography_weight-normal__pqUbH\">Foto: Iv\u00e1n Medina | El Sol de Sinaloa<\/span><\/figcaption><\/figure>\n<p class=\"Typography_text-default__P3otY Typography_weight-normal__pqUbH Typography_text-default__P3otY Typography_weight-normal__pqUbH\">Para\u00a0<b class=\"bold\">Mexicanos Primero Sinaloa<\/b>, estos datos evidencian la necesidad de modificar la orientaci\u00f3n de los recursos p\u00fablicos y las pol\u00edticas educativas para atender prioritariamente a quienes enfrentan mayores obst\u00e1culos para ingresar, permanecer y aprender dentro de las escuelas.<\/p>\n<p class=\"Typography_text-default__P3otY Typography_weight-normal__pqUbH Typography_text-default__P3otY Typography_weight-normal__pqUbH\"><i class=\"italic\">\u201cEl desaf\u00edo es orientar recursos y pol\u00edticas hacia quienes enfrentan mayores obst\u00e1culos para acceder, participar, permanecer y aprender en la escuela\u201d<\/i>, afirm\u00f3.<\/p>\n<p class=\"Typography_text-default__P3otY Typography_weight-normal__pqUbH Typography_text-default__P3otY Typography_weight-normal__pqUbH\"><b class=\"bold\">Gonz\u00e1lez Elizalde<\/b>\u00a0consider\u00f3 que el inicio de una nueva etapa en el\u00a0<b class=\"bold\">Gobierno de Sinaloa<\/b>\u00a0representa una oportunidad para atender estos pendientes, particularmente ante la llegada de\u00a0<b class=\"bold\">Graciela Dom\u00ednguez Nava<\/b>, quien anteriormente se desempe\u00f1\u00f3 como titular de la\u00a0<b class=\"bold\">Secretar\u00eda de Educaci\u00f3n P\u00fablica y Cultura (SEPyC)<\/b>.<\/p>\n<h3 class=\"Typography_text-xl__yFuoP Typography_weight-normal__pqUbH SubHead_sub-head__PVEMA\">Tema com\u00fan<\/h3>\n<p class=\"Typography_text-default__P3otY Typography_weight-normal__pqUbH Typography_text-default__P3otY Typography_weight-normal__pqUbH\">Para\u00a0<b class=\"bold\">Jos\u00e9 Mar\u00eda Figueroa<\/b>, integrante de la asociaci\u00f3n civil\u00a0<b class=\"bold\">Somos Hoy Por Ti para la Discapacidad<\/b>, la falta de infraestructura adecuada es un problema que ya han intentado gestionar ante la\u00a0<b class=\"bold\">Secretar\u00eda de Educaci\u00f3n P\u00fablica<\/b>, aunque hasta ahora no han obtenido los resultados esperados.<\/p>\n<p class=\"Typography_text-default__P3otY Typography_weight-normal__pqUbH Typography_text-default__P3otY Typography_weight-normal__pqUbH\"><i class=\"italic\">\u201cNosotros vamos y pintamos las rampas que hay, pero vemos que en muchas escuelas no hay o est\u00e1n en mal estado. Est\u00e1 muy mal que los menores no puedan transitar con bien por sus propias escuelas\u201d<\/i>, consider\u00f3.<\/p>\n<p class=\"Typography_text-default__P3otY Typography_weight-normal__pqUbH Typography_text-default__P3otY Typography_weight-normal__pqUbH\">El integrante de la asociaci\u00f3n se\u00f1al\u00f3 que las condiciones de accesibilidad no deber\u00edan ser un elemento secundario dentro de los planteles, debido a que una rampa inexistente o deteriorada puede convertirse en una barrera para que un estudiante pueda desplazarse de manera independiente por su propia escuela.<\/p>\n<h3 class=\"Typography_text-xl__yFuoP Typography_weight-normal__pqUbH SubHead_sub-head__PVEMA\">Un nuevo ciclo<\/h3>\n<p class=\"Typography_text-default__P3otY Typography_weight-normal__pqUbH Typography_text-default__P3otY Typography_weight-normal__pqUbH\">La discusi\u00f3n del presupuesto estatal para\u00a0<b class=\"bold\">2027<\/b>\u00a0ser\u00e1 uno de los momentos clave para determinar si estas condiciones comienzan a modificarse.<\/p>\n<p class=\"Typography_text-default__P3otY Typography_weight-normal__pqUbH Typography_text-default__P3otY Typography_weight-normal__pqUbH\">Tanto\u00a0<b class=\"bold\">Mexicanos Primero Sinaloa<\/b>\u00a0como la asociaci\u00f3n civil\u00a0<b class=\"bold\">Somos Hoy Por Ti para la Discapacidad<\/b> han se\u00f1alado la necesidad de que las autoridades atiendan las barreras que enfrentan los estudiantes con discapacidad y destinen recursos suficientes para mejorar las condiciones de los planteles.<\/p>\n<p>Con informaci\u00f3n de El Sol de Sinaloa<\/p>\n<\/div>\n<\/div>\n","protected":false},"excerpt":{"rendered":"<p>74.5% de los planteles educativos de Sinaloa no cuenta con infraestructura adaptada para estudiantes con discapacidad. Josemiguel Souza Culiac\u00e1n, Sin.-\u00a0Este lunes inicia el ciclo escolar\u00a02026-2027 y, con ello, uno de los principales retos pendientes para el sistema educativo de Sinaloa: lograr que sus planteles sean verdaderamente inclusivos y accesibles para todos los alumnos. Las estad\u00edsticas m\u00e1s recientes del\u00a0INEGI\u00a0registran\u00a013 mil 675 personas\u00a0de entre 5 y 19 a\u00f1os con dificultades de movilidad, una poblaci\u00f3n que requiere condiciones adecuadas para desplazarse y desarrollarse dentro de los espacios educativos. Sin embargo, la infraestructura de los planteles representa una de las principales barreras. De los\u00a06 [&hellip;]<\/p>\n","protected":false},"author":3,"featured_media":151857,"comment_status":"open","ping_status":"open","sticky":false,"template":"","format":"standard","meta":{"_jetpack_newsletter_access":"","_jetpack_dont_email_post_to_subs":false,"_jetpack_newsletter_tier_id":0,"_jetpack_memberships_contains_paywalled_content":false,"_jetpack_feature_clip_id":0,"_jetpack_memberships_contains_paid_content":false,"footnotes":"","jetpack_publicize_message":"","jetpack_publicize_feature_enabled":true,"jetpack_social_post_already_shared":true,"jetpack_social_options":{"image_generator_settings":{"template":"highway","default_image_id":0,"font":"","enabled":false},"version":2},"jetpack_post_was_ever_published":false},"categories":[90],"tags":[],"class_list":["post-151854","post","type-post","status-publish","format-standard","has-post-thumbnail","hentry","category-estatal","post--single"],"jetpack_publicize_connections":[],"jetpack_featured_media_url":"https:\/\/ovelanalista.com\/wp-content\/uploads\/2026\/08\/image-69-1.webp","jetpack_sharing_enabled":true,"_links":{"self":[{"href":"https:\/\/ovelanalista.com\/index.php?rest_route=\/wp\/v2\/posts\/151854","targetHints":{"allow":["GET"]}}],"collection":[{"href":"https:\/\/ovelanalista.com\/index.php?rest_route=\/wp\/v2\/posts"}],"about":[{"href":"https:\/\/ovelanalista.com\/index.php?rest_route=\/wp\/v2\/types\/post"}],"author":[{"embeddable":true,"href":"https:\/\/ovelanalista.com\/index.php?rest_route=\/wp\/v2\/users\/3"}],"replies":[{"embeddable":true,"href":"https:\/\/ovelanalista.com\/index.php?rest_route=%2Fwp%2Fv2%2Fcomments&post=151854"}],"version-history":[{"count":1,"href":"https:\/\/ovelanalista.com\/index.php?rest_route=\/wp\/v2\/posts\/151854\/revisions"}],"predecessor-version":[{"id":151858,"href":"https:\/\/ovelanalista.com\/index.php?rest_route=\/wp\/v2\/posts\/151854\/revisions\/151858"}],"wp:featuredmedia":[{"embeddable":true,"href":"https:\/\/ovelanalista.com\/index.php?rest_route=\/wp\/v2\/media\/151857"}],"wp:attachment":[{"href":"https:\/\/ovelanalista.com\/index.php?rest_route=%2Fwp%2Fv2%2Fmedia&parent=151854"}],"wp:term":[{"taxonomy":"category","embeddable":true,"href":"https:\/\/ovelanalista.com\/index.php?rest_route=%2Fwp%2Fv2%2Fcategories&post=151854"},{"taxonomy":"post_tag","embeddable":true,"href":"https:\/\/ovelanalista.com\/index.php?rest_route=%2Fwp%2Fv2%2Ftags&post=151854"}],"curies":[{"name":"wp","href":"https:\/\/api.w.org\/{rel}","templated":true}]}}