{"id":151862,"date":"2026-08-31T12:30:39","date_gmt":"2026-08-31T19:30:39","guid":{"rendered":"https:\/\/ovelanalista.com\/?p=151862"},"modified":"2026-08-31T10:49:13","modified_gmt":"2026-08-31T17:49:13","slug":"cae-empleo-formal-en-10-estados-sinaloa-concentra-la-mayor-perdida","status":"publish","type":"post","link":"https:\/\/ovelanalista.com\/?p=151862","title":{"rendered":"Cae empleo formal en 10 estados; Sinaloa concentra la mayor p\u00e9rdida"},"content":{"rendered":"<div class=\"Summary_summary__gpJTn\">\n<p class=\"Typography_text-xl__yFuoP Typography_weight-normal__pqUbH\">En el pa\u00eds se han creado poco m\u00e1s de 243 mil plazas formales en lo que va de 2026, pero Guerrero, Michoac\u00e1n, Morelos, Nayarit, Quintana Roo, Sinaloa, Tamaulipas, Tlaxcala, Yucat\u00e1n y Zacatecas registran retrocesos.<\/p>\n<p class=\"Typography_text-l__QLRR8 Typography_weight-bold__uT6mq\">Juan Luis Ramos \/ El Sol de M\u00e9xico<\/p>\n<p class=\"Typography_text-default__P3otY Typography_weight-normal__pqUbH Typography_text-default__P3otY Typography_weight-normal__pqUbH\">En lo que va del a\u00f1o se han creado en el pa\u00eds poco m\u00e1s de\u00a0<b class=\"bold\">243 mil empleos formales<\/b>, seg\u00fan registros del<b class=\"bold\"><a class=\"AnnotatedMarkup_link__sO9N0 external_link\" href=\"https:\/\/www.oem.com.mx\/elsoldemexico\/finanzas\/el-empleo-formal-en-julio-alcanzo-22-7-millones-de-personas-31510251\" target=\"_blank\" rel=\"nofollow noopener\">IMSS<\/a><\/b>; sin embargo, la generaci\u00f3n de plazas no ha sido uniforme y\u00a0<b class=\"bold\">10 entidades registran una disminuci\u00f3n<\/b>\u00a0frente al cierre de\u00a0<b class=\"bold\">2025<\/b>.<\/p>\n<div id=\"evNotifier\"><\/div>\n<p class=\"Typography_text-default__P3otY Typography_weight-normal__pqUbH Typography_text-default__P3otY Typography_weight-normal__pqUbH\">Guerrero, Michoac\u00e1n, Morelos, Nayarit, Quintana Roo, Sinaloa, Tamaulipas, Tlaxcala, Yucat\u00e1n y Zacatecas han visto una disminuci\u00f3n en las\u00a0<b class=\"bold\">plazas formales<\/b>\u00a0entre el cierre de 2025 y julio pasado.<\/p>\n<div class=\"integration-container w-full\"><\/div>\n<p class=\"Typography_text-default__P3otY Typography_weight-normal__pqUbH Typography_text-default__P3otY Typography_weight-normal__pqUbH\">Los datos del instituto destacan el caso de<a class=\"AnnotatedMarkup_link__sO9N0 external_link\" href=\"https:\/\/www.oem.com.mx\/elsoldemexico\/finanzas\/sinaloa-el-estado-donde-mas-crecio-la-pobreza-laboral-31757142\" target=\"_blank\" rel=\"nofollow noopener\"><b class=\"bold\">Sinaloa<\/b>,<\/a>\u00a0que en los siete meses que van\u00a0<b class=\"bold\">de 2026 ha visto la p\u00e9rdida de 32 mil 399 puestos formales.<\/b><\/p>\n<\/div>\n<p><img loading=\"lazy\" decoding=\"async\" class=\"alignnone  wp-image-151867\" src=\"https:\/\/ovelanalista.com\/wp-content\/uploads\/2026\/08\/Captura-de-pantalla-2026-08-31-a-las-10.46.30-a.m-300x219.png\" alt=\"\" width=\"763\" height=\"557\" srcset=\"https:\/\/ovelanalista.com\/wp-content\/uploads\/2026\/08\/Captura-de-pantalla-2026-08-31-a-las-10.46.30-a.m-300x219.png 300w, https:\/\/ovelanalista.com\/wp-content\/uploads\/2026\/08\/Captura-de-pantalla-2026-08-31-a-las-10.46.30-a.m-1024x749.png 1024w, https:\/\/ovelanalista.com\/wp-content\/uploads\/2026\/08\/Captura-de-pantalla-2026-08-31-a-las-10.46.30-a.m-768x562.png 768w, https:\/\/ovelanalista.com\/wp-content\/uploads\/2026\/08\/Captura-de-pantalla-2026-08-31-a-las-10.46.30-a.m-1536x1123.png 1536w, https:\/\/ovelanalista.com\/wp-content\/uploads\/2026\/08\/Captura-de-pantalla-2026-08-31-a-las-10.46.30-a.m-400x293.png 400w, https:\/\/ovelanalista.com\/wp-content\/uploads\/2026\/08\/Captura-de-pantalla-2026-08-31-a-las-10.46.30-a.m-750x549.png 750w, https:\/\/ovelanalista.com\/wp-content\/uploads\/2026\/08\/Captura-de-pantalla-2026-08-31-a-las-10.46.30-a.m-1140x834.png 1140w, https:\/\/ovelanalista.com\/wp-content\/uploads\/2026\/08\/Captura-de-pantalla-2026-08-31-a-las-10.46.30-a.m.png 1556w\" sizes=\"auto, (max-width: 763px) 100vw, 763px\" \/><\/p>\n<p class=\"Typography_text-default__P3otY Typography_weight-normal__pqUbH Typography_text-default__P3otY Typography_weight-normal__pqUbH\">Al estado del Pac\u00edfico norte le siguen\u00a0<b class=\"bold\">Tlaxcala, Yucat\u00e1n, Morelos y Michoac\u00e1n\u00a0<\/b>como las\u00a0<b class=\"bold\">entidades con mayor p\u00e9rdida de trabajos<\/b>\u00a0con seguridad social y prestaciones.<\/p>\n<p class=\"Typography_text-default__P3otY Typography_weight-normal__pqUbH Typography_text-default__P3otY Typography_weight-normal__pqUbH\">De acuerdo con\u00a0<b class=\"bold\">ManpowerGroup<\/b>, la diferencia en la\u00a0<b class=\"bold\">creaci\u00f3n de empleos<\/b>\u00a0entre los estados se debe a que el\u00a0<b class=\"bold\">mercado laboral\u00a0<\/b>y las\u00a0<b class=\"bold\">actividades econ\u00f3micas<\/b>\u00a0en el pa\u00eds no son homog\u00e9neas, y cada regi\u00f3n y entidad federativa cuenta con su propia estructura productiva, que depende de industrias,\u00a0<b class=\"bold\">ciclos econ\u00f3micos\u00a0<\/b>y niveles de inversi\u00f3n diferentes.<\/p>\n<p>\u201cMientras algunas entidades aprovechan sectores como\u00a0<b class=\"bold\">manufactura, automotriz, log\u00edstica\u00a0<\/b>y servicios especializados, otras tienen una mayor exposici\u00f3n a actividades estacionales como el<b class=\"bold\"><a class=\"AnnotatedMarkup_link__sO9N0 external_link\" href=\"https:\/\/www.oem.com.mx\/elsoldemexico\/finanzas\/cae-empleo-en-junio-de-2026-pese-al-mundial-31270245\" target=\"_blank\" rel=\"nofollow noopener\">\u00a0turismo<\/a><\/b>\u00a0o a sectores que actualmente enfrentan una menor din\u00e1mica\u201d, dijo a\u00a0<b class=\"bold\">El Sol de M\u00e9xico<\/b>\u00a0<b class=\"bold\">Beatriz Robles<\/b>, directora de Operaciones de\u00a0<b class=\"bold\">Manpower para Am\u00e9rica Latina.<\/b><\/p>\n<p class=\"Typography_text-default__P3otY Typography_weight-normal__pqUbH Typography_text-default__P3otY Typography_weight-normal__pqUbH\">As\u00ed, a\u00f1adi\u00f3 la experta, los datos del\u00a0<b class=\"bold\">IMSS<\/b>\u00a0muestran una\u00a0<b class=\"bold\">combinaci\u00f3n de factores<\/b>\u00a0que explican por qu\u00e9 algunos estados tienen una mayor dependencia de actividades como\u00a0<b class=\"bold\">turismo, agricultura, comercio<\/b>\u00a0o servicios, que pueden presentar comportamientos estacionales y ser m\u00e1s sensibles a cambios en la demanda econ\u00f3mica. En otros casos, hay una\u00a0<b class=\"bold\">menor actividad econ\u00f3mica\u00a0<\/b>o condiciones que est\u00e1n retrasando nuevas\u00a0<b class=\"bold\">inversiones<\/b>\u00a0y decisiones de contrataci\u00f3n, sobre todo en sectores como la\u00a0<b class=\"bold\">manufactura<\/b>.<\/p>\n<p class=\"Typography_text-default__P3otY Typography_weight-normal__pqUbH Typography_text-default__P3otY Typography_weight-normal__pqUbH\">De acuerdo con los datos del IMSS, los\u00a0<b class=\"bold\">sectores agroalimentario y comercio muestran ca\u00eddas en el empleo formal a nivel nacional\u00a0<\/b>en lo que va del a\u00f1o, que se acentuaron en estados como\u00a0<b class=\"bold\">Sinaloa, Veracruz y Michoac\u00e1n<\/b>.<\/p>\n<p class=\"Typography_text-default__P3otY Typography_weight-normal__pqUbH Typography_text-default__P3otY Typography_weight-normal__pqUbH\">En el caso de las\u00a0<b class=\"bold\"><a class=\"AnnotatedMarkup_link__sO9N0 external_link\" href=\"https:\/\/www.oem.com.mx\/elsoldemexico\/finanzas\/actividad-economica-retrocede-en-12-estados-en-primer-trimestredel-2026-31344447\" target=\"_blank\" rel=\"nofollow noopener\">actividades agr\u00edcolas<\/a><\/b>, la directiva de Manpower se\u00f1al\u00f3 que existe un componente importante de estacionalidad, por lo que\u00a0<b class=\"bold\">las necesidades de mano de obra pueden cambiar de acuerdo con los ciclos agr\u00edcolas<\/b>, las\u00a0<b class=\"bold\">cosechas<\/b>, las\u00a0<b class=\"bold\">condiciones clim\u00e1ticas<\/b>\u00a0y la demanda de determinados productos.<\/p>\n<p class=\"Typography_text-default__P3otY Typography_weight-normal__pqUbH Typography_text-default__P3otY Typography_weight-normal__pqUbH\">Robles apunt\u00f3 que los datos del IMSS muestran que\u00a0<b class=\"bold\">M\u00e9xico mantiene demanda de talento<\/b>, pero que est\u00e1 cambiando de ubicaci\u00f3n, de sector y, sobre todo, de habilidades.<\/p>\n<p class=\"Typography_text-default__P3otY Typography_weight-normal__pqUbH Typography_text-default__P3otY Typography_weight-normal__pqUbH\">\u201cEl reto para empresas y trabajadores ser\u00e1 lograr que la oferta de talento pueda responder a esas nuevas necesidades\u201d, apunt\u00f3.<\/p>\n<p class=\"Typography_text-default__P3otY Typography_weight-normal__pqUbH Typography_text-default__P3otY Typography_weight-normal__pqUbH\">La directiva descart\u00f3 que haya un\u00a0<b class=\"bold\">mercado laboral\u00a0<\/b>detenido en el pa\u00eds, sino que se est\u00e1\u00a0<b class=\"bold\">transformando<\/b>\u00a0y que las empresas toman\u00a0<b class=\"bold\">decisiones de contrataci\u00f3n con mayor selectividad.<\/b><\/p>\n<p class=\"Typography_text-default__P3otY Typography_weight-normal__pqUbH Typography_text-default__P3otY Typography_weight-normal__pqUbH\">Para el tercer trimestre, Manpower estima que<b class=\"bold\">\u00a0los sectores con mejores perspectivas de empleo<\/b>\u00a0ser\u00e1n el de\u00a0<b class=\"bold\">servicios p\u00fablicos\u00a0<\/b>y\u00a0<b class=\"bold\">recursos naturales<\/b>,\u00a0<b class=\"bold\">automotriz<\/b>,\u00a0<b class=\"bold\">manufactura<\/b>,\u00a0<b class=\"bold\">construcci\u00f3n<\/b>\u00a0y\u00a0<b class=\"bold\">bienes ra\u00edces<\/b>.<\/p>\n<p>Los datos publicados por el IMSS contrastan con la informaci\u00f3n revelada la semana pasada por la\u00a0<b class=\"bold\">Encuesta Nacional de Ocupaci\u00f3n y Empleo (ENOE<\/b>), del<b class=\"bold\">\u00a0Inegi<\/b>, que indic\u00f3 que\u00a0<b class=\"bold\">entre enero y julio el mercado laboral del pa\u00eds acumula una generaci\u00f3n de 377 mil 764 puestos de trabajo<\/b>, impulsados principalmente por el\u00a0<b class=\"bold\"><a class=\"AnnotatedMarkup_link__sO9N0 external_link\" href=\"https:\/\/www.oem.com.mx\/elsoldemexico\/finanzas\/informalidad-alcanza-a-55-de-los-trabajadores-al-segundo-trimestre-de-2026-31732446\" target=\"_blank\" rel=\"nofollow noopener\">sector informal<\/a><\/b><a class=\"AnnotatedMarkup_link__sO9N0 external_link\" href=\"https:\/\/www.oem.com.mx\/elsoldemexico\/finanzas\/informalidad-alcanza-a-55-de-los-trabajadores-al-segundo-trimestre-de-2026-31732446\" target=\"_blank\" rel=\"nofollow noopener\">,<\/a>\u00a0que ha creado\u00a0<b class=\"bold\">1.1 millones de puestos.<\/b><\/p>\n<p>Al respecto, Manpower explic\u00f3 que mientras el\u00a0<b class=\"bold\">IMSS<\/b>\u00a0hace un reporte de los trabajadores que se dan de alta o baja de forma mensual y que tienen una\u00a0<b class=\"bold\">relaci\u00f3n obrero-patronal\u00a0<\/b>con seguridad social, el\u00a0<b class=\"bold\">Inegi\u00a0<\/b>considera todas las\u00a0<b class=\"bold\">modalidades en que una persona genera alguna actividad econ\u00f3mica,<\/b>\u00a0es decir, toma en cuenta otras formas de ocupaci\u00f3n, como el sector p\u00fablico o los trabajadores por cuenta propia.<\/p>\n<p>Con informaci\u00f3n de El Sol de Sinaloa<\/p>\n","protected":false},"excerpt":{"rendered":"<p>En el pa\u00eds se han creado poco m\u00e1s de 243 mil plazas formales en lo que va de 2026, pero Guerrero, Michoac\u00e1n, Morelos, Nayarit, Quintana Roo, Sinaloa, Tamaulipas, Tlaxcala, Yucat\u00e1n y Zacatecas registran retrocesos. Juan Luis Ramos \/ El Sol de M\u00e9xico En lo que va del a\u00f1o se han creado en el pa\u00eds poco m\u00e1s de\u00a0243 mil empleos formales, seg\u00fan registros delIMSS; sin embargo, la generaci\u00f3n de plazas no ha sido uniforme y\u00a010 entidades registran una disminuci\u00f3n\u00a0frente al cierre de\u00a02025. Guerrero, Michoac\u00e1n, Morelos, Nayarit, Quintana Roo, Sinaloa, Tamaulipas, Tlaxcala, Yucat\u00e1n y Zacatecas han visto una disminuci\u00f3n en las\u00a0plazas formales\u00a0entre [&hellip;]<\/p>\n","protected":false},"author":3,"featured_media":151868,"comment_status":"open","ping_status":"open","sticky":false,"template":"","format":"standard","meta":{"_jetpack_newsletter_access":"","_jetpack_dont_email_post_to_subs":false,"_jetpack_newsletter_tier_id":0,"_jetpack_memberships_contains_paywalled_content":false,"_jetpack_feature_clip_id":0,"_jetpack_memberships_contains_paid_content":false,"footnotes":"","jetpack_publicize_message":"","jetpack_publicize_feature_enabled":true,"jetpack_social_post_already_shared":true,"jetpack_social_options":{"image_generator_settings":{"template":"highway","default_image_id":0,"font":"","enabled":false},"version":2},"jetpack_post_was_ever_published":false},"categories":[90],"tags":[],"class_list":["post-151862","post","type-post","status-publish","format-standard","has-post-thumbnail","hentry","category-estatal","post--single"],"jetpack_publicize_connections":[],"jetpack_featured_media_url":"https:\/\/ovelanalista.com\/wp-content\/uploads\/2026\/08\/image-70-1.webp","jetpack_sharing_enabled":true,"_links":{"self":[{"href":"https:\/\/ovelanalista.com\/index.php?rest_route=\/wp\/v2\/posts\/151862","targetHints":{"allow":["GET"]}}],"collection":[{"href":"https:\/\/ovelanalista.com\/index.php?rest_route=\/wp\/v2\/posts"}],"about":[{"href":"https:\/\/ovelanalista.com\/index.php?rest_route=\/wp\/v2\/types\/post"}],"author":[{"embeddable":true,"href":"https:\/\/ovelanalista.com\/index.php?rest_route=\/wp\/v2\/users\/3"}],"replies":[{"embeddable":true,"href":"https:\/\/ovelanalista.com\/index.php?rest_route=%2Fwp%2Fv2%2Fcomments&post=151862"}],"version-history":[{"count":1,"href":"https:\/\/ovelanalista.com\/index.php?rest_route=\/wp\/v2\/posts\/151862\/revisions"}],"predecessor-version":[{"id":151869,"href":"https:\/\/ovelanalista.com\/index.php?rest_route=\/wp\/v2\/posts\/151862\/revisions\/151869"}],"wp:featuredmedia":[{"embeddable":true,"href":"https:\/\/ovelanalista.com\/index.php?rest_route=\/wp\/v2\/media\/151868"}],"wp:attachment":[{"href":"https:\/\/ovelanalista.com\/index.php?rest_route=%2Fwp%2Fv2%2Fmedia&parent=151862"}],"wp:term":[{"taxonomy":"category","embeddable":true,"href":"https:\/\/ovelanalista.com\/index.php?rest_route=%2Fwp%2Fv2%2Fcategories&post=151862"},{"taxonomy":"post_tag","embeddable":true,"href":"https:\/\/ovelanalista.com\/index.php?rest_route=%2Fwp%2Fv2%2Ftags&post=151862"}],"curies":[{"name":"wp","href":"https:\/\/api.w.org\/{rel}","templated":true}]}}