{"id":151866,"date":"2026-08-31T14:00:05","date_gmt":"2026-08-31T21:00:05","guid":{"rendered":"https:\/\/ovelanalista.com\/?p=151866"},"modified":"2026-08-31T10:57:05","modified_gmt":"2026-08-31T17:57:05","slug":"el-fin-del-rochismo-en-sinaloa-morena-reordena-el-poder-con-graciela-dominguez-e-imelda-castro","status":"publish","type":"post","link":"https:\/\/ovelanalista.com\/?p=151866","title":{"rendered":"\u00bfEl fin del rochismo en Sinaloa? Morena reordena el poder con Graciela Dom\u00ednguez e Imelda Castro"},"content":{"rendered":"<div class=\"Summary_summary__gpJTn\">\n<p class=\"Typography_text-xl__yFuoP Typography_weight-normal__pqUbH\">La llegada de Graciela Dom\u00ednguez al Gobierno estatal y el ascenso de Imelda Castro como figura rumbo a 2027 modifican el mapa pol\u00edtico de Morena y marcan distancia con la etapa de Rub\u00e9n Rocha Moya.<\/p>\n<p class=\"Typography_text-l__QLRR8 Typography_weight-bold__uT6mq\"><strong>Mario N\u00fa\u00f1ez<\/strong><\/p>\n<p class=\"Typography_text-default__P3otY Typography_weight-normal__pqUbH Typography_text-default__P3otY Typography_weight-normal__pqUbH\">Culiac\u00e1n, Sin.- De la llegada de\u00a0<b class=\"bold\">Graciela Dom\u00ednguez<\/b>\u00a0al Gobierno estatal al ascenso de\u00a0<b class=\"bold\">Imelda Castro<\/b>\u00a0como figura rumbo a 2027, Morena cerr\u00f3 una semana de definiciones que modifica el mapa pol\u00edtico de Sinaloa y marca distancia con la etapa del gobernador con licencia,\u00a0<b class=\"bold\">Rub\u00e9n Rocha Moya<\/b>.<\/p>\n<p class=\"Typography_text-default__P3otY Typography_weight-normal__pqUbH Typography_text-default__P3otY Typography_weight-normal__pqUbH\">Sinaloa vivi\u00f3 en cuatro d\u00edas uno de los\u00a0<b class=\"bold\">mayores reacomodos pol\u00edticos<\/b> de los \u00faltimos a\u00f1os.<\/p>\n<p class=\"Typography_text-default__P3otY Typography_weight-normal__pqUbH Typography_text-default__P3otY Typography_weight-normal__pqUbH\">El\u00a0<b class=\"bold\">martes 25 de agosto<\/b>, Graciela Dom\u00ednguez Nava subi\u00f3 a la tribuna del Congreso del Estado para rendir protesta como\u00a0<b class=\"bold\">gobernadora interina<\/b>. Dos d\u00edas despu\u00e9s, Morena coloc\u00f3 a Imelda Castro Castro al frente de la\u00a0<b class=\"bold\">Coordinaci\u00f3n Estatal de Defensa de la Transformaci\u00f3n y la Soberan\u00eda Nacional<\/b>.<\/p>\n<p class=\"Typography_text-default__P3otY Typography_weight-normal__pqUbH Typography_text-default__P3otY Typography_weight-normal__pqUbH\">Y este viernes, la nueva coordinadora sali\u00f3 p\u00fablicamente a respaldar a\u00a0<b class=\"bold\">Graciela Dom\u00ednguez<\/b>\u00a0y su proyecto de gobierno.<\/p>\n<p class=\"Typography_text-default__P3otY Typography_weight-normal__pqUbH Typography_text-default__P3otY Typography_weight-normal__pqUbH\">Tres movimientos que, vistos en conjunto, dibujan una\u00a0<b class=\"bold\">nueva etapa para el partido en el poder<\/b>.<\/p>\n<p class=\"Typography_text-default__P3otY Typography_weight-normal__pqUbH Typography_text-default__P3otY Typography_weight-normal__pqUbH\">La salida de\u00a0<b class=\"bold\">Rub\u00e9n Rocha Moya<\/b>\u00a0de la gubernatura dej\u00f3 un\u00a0<b class=\"bold\">vac\u00edo pol\u00edtico<\/b>\u00a0que Morena comenz\u00f3 a llenar r\u00e1pidamente.<\/p>\n<p class=\"Typography_text-default__P3otY Typography_weight-normal__pqUbH Typography_text-default__P3otY Typography_weight-normal__pqUbH\">Primero, con una gobernadora interina que\u00a0<b class=\"bold\">no estar\u00e1 en la boleta de 2027<\/b>\u00a0y que tendr\u00e1 como principal encomienda conducir los \u00faltimos meses del actual sexenio.<\/p>\n<p class=\"Typography_text-default__P3otY Typography_weight-normal__pqUbH Typography_text-default__P3otY Typography_weight-normal__pqUbH\">Despu\u00e9s, con una figura pol\u00edtica que s\u00ed apunta hacia el\u00a0<b class=\"bold\">siguiente proceso electoral<\/b>.<\/p>\n<p class=\"Typography_text-default__P3otY Typography_weight-normal__pqUbH Typography_text-default__P3otY Typography_weight-normal__pqUbH\">El Congreso design\u00f3 a Dom\u00ednguez con\u00a0<b class=\"bold\">31 votos a favor, seis en contra y tres abstenciones<\/b>.<\/p>\n<p class=\"Typography_text-default__P3otY Typography_weight-normal__pqUbH Typography_text-default__P3otY Typography_weight-normal__pqUbH\">Desde la tribuna, la nueva gobernadora de Sinaloa habl\u00f3 de\u00a0<b class=\"bold\">reconstruir la confianza<\/b>\u00a0y convertir la paz y la justicia en una tarea com\u00fan, en un estado marcado por una profunda\u00a0<b class=\"bold\">crisis de seguridad y gobernabilidad<\/b>.<\/p>\n<p class=\"Typography_text-default__P3otY Typography_weight-normal__pqUbH Typography_text-default__P3otY Typography_weight-normal__pqUbH\">El mensaje ten\u00eda una lectura pol\u00edtica evidente: el Gobierno estatal entraba en una\u00a0<b class=\"bold\">etapa distinta<\/b>.<\/p>\n<p class=\"Typography_text-default__P3otY Typography_weight-normal__pqUbH Typography_text-default__P3otY Typography_weight-normal__pqUbH\">Adem\u00e1s, Dom\u00ednguez Nava comenz\u00f3 a marcar su propia ruta. La gobernadora anunci\u00f3 que analizar\u00e1 su gabinete para posibles cambios en la administraci\u00f3n estatal y coloc\u00f3 como prioridades la\u00a0<b class=\"bold\">seguridad<\/b>, la\u00a0<b class=\"bold\">gobernabilidad<\/b>, la recuperaci\u00f3n de la confianza ciudadana y la atenci\u00f3n de los problemas econ\u00f3micos que enfrenta Sinaloa.<\/p>\n<p class=\"Typography_text-default__P3otY Typography_weight-normal__pqUbH Typography_text-default__P3otY Typography_weight-normal__pqUbH\">No era solamente un relevo administrativo; era el\u00a0<b class=\"bold\">primer movimiento visible de una nueva configuraci\u00f3n del poder<\/b>.<\/p>\n<h3 class=\"Typography_text-xl__yFuoP Typography_weight-normal__pqUbH SubHead_sub-head__PVEMA\">El segundo movimiento: Imelda<\/h3>\n<p class=\"Typography_text-default__P3otY Typography_weight-normal__pqUbH Typography_text-default__P3otY Typography_weight-normal__pqUbH\">Mientras Dom\u00ednguez Nava comenzaba a tomar el control del Ejecutivo, Morena resolv\u00eda otra pieza fundamental: qui\u00e9n encabezar\u00eda el proyecto pol\u00edtico rumbo a\u00a0<b class=\"bold\">2027<\/b>. La respuesta fue\u00a0<b class=\"bold\">Imelda Castro<\/b>.<\/p>\n<p class=\"Typography_text-default__P3otY Typography_weight-normal__pqUbH Typography_text-default__P3otY Typography_weight-normal__pqUbH\">La senadora con licencia fue designada como coordinadora estatal de los trabajos de\u00a0<b class=\"bold\">Defensa de la Transformaci\u00f3n y la Soberan\u00eda Nacional<\/b>\u00a0en Sinaloa, una posici\u00f3n que la coloca como la\u00a0<b class=\"bold\">principal figura de Morena para la sucesi\u00f3n gubernamental<\/b>, aunque la candidatura formal todav\u00eda deber\u00e1 pasar por los tiempos y procedimientos electorales correspondientes.<\/p>\n<p class=\"Typography_text-default__P3otY Typography_weight-normal__pqUbH Typography_text-default__P3otY Typography_weight-normal__pqUbH\">El movimiento adquiere mayor relevancia por el momento en que ocurre.<\/p>\n<p class=\"Typography_text-default__P3otY Typography_weight-normal__pqUbH Typography_text-default__P3otY Typography_weight-normal__pqUbH\">Hace apenas unos d\u00edas, el\u00a0<b class=\"bold\">viernes 21 de agosto<\/b>, Rub\u00e9n Rocha Moya intent\u00f3 retomar el control del Gobierno estatal.<\/p>\n<p class=\"Typography_text-default__P3otY Typography_weight-normal__pqUbH Typography_text-default__P3otY Typography_weight-normal__pqUbH\">Su regreso dur\u00f3\u00a0<b class=\"bold\">poco m\u00e1s de un d\u00eda<\/b>\u00a0y termin\u00f3 con una nueva licencia, en medio de presiones pol\u00edticas y del distanciamiento de\u00a0<b class=\"bold\">Morena<\/b>\u00a0y del\u00a0<b class=\"bold\">Gobierno federal<\/b>.<\/p>\n<p class=\"Typography_text-default__P3otY Typography_weight-normal__pqUbH Typography_text-default__P3otY Typography_weight-normal__pqUbH\">Despu\u00e9s de esa crisis, el partido necesitaba enviar una se\u00f1al, y la se\u00f1al fue doble:\u00a0<b class=\"bold\">Graciela en el Gobierno e Imelda en el proyecto electoral<\/b>.<\/p>\n<h3 class=\"Typography_text-xl__yFuoP Typography_weight-normal__pqUbH SubHead_sub-head__PVEMA\">El factor Rocha<\/h3>\n<p class=\"Typography_text-default__P3otY Typography_weight-normal__pqUbH Typography_text-default__P3otY Typography_weight-normal__pqUbH\">Ah\u00ed aparece la palabra que atraviesa toda la semana:\u00a0<b class=\"bold\">rochismo<\/b>.<\/p>\n<p class=\"Typography_text-default__P3otY Typography_weight-normal__pqUbH Typography_text-default__P3otY Typography_weight-normal__pqUbH\">No se trata \u00fanicamente de qui\u00e9n ocupa un cargo. Se trata de qu\u00e9 grupo pol\u00edtico conservar\u00e1 influencia despu\u00e9s de la salida de Rocha Moya.<\/p>\n<p class=\"Typography_text-default__P3otY Typography_weight-normal__pqUbH Typography_text-default__P3otY Typography_weight-normal__pqUbH\">Morena enfrenta ahora el desaf\u00edo de administrar una estructura construida durante casi cinco a\u00f1os alrededor del gobernador con licencia, pero al mismo tiempo necesita presentar una\u00a0<b class=\"bold\">imagen distinta<\/b>\u00a0para enfrentar el proceso de 2027.<\/p>\n<p class=\"Typography_text-default__P3otY Typography_weight-normal__pqUbH Typography_text-default__P3otY Typography_weight-normal__pqUbH\">La llegada de Dom\u00ednguez al Ejecutivo y la designaci\u00f3n de Castro pueden interpretarse como el inicio de ese proceso de\u00a0<b class=\"bold\">reacomodo<\/b>.<\/p>\n<p class=\"Typography_text-default__P3otY Typography_weight-normal__pqUbH Typography_text-default__P3otY Typography_weight-normal__pqUbH\">Pero el mensaje de Imelda durante su conferencia del\u00a0<b class=\"bold\">viernes 29 de agosto<\/b>\u00a0resulta especialmente significativo.<\/p>\n<p class=\"Typography_text-default__P3otY Typography_weight-normal__pqUbH Typography_text-default__P3otY Typography_weight-normal__pqUbH\">En lugar de marcar distancia con la gobernadora, la coordinadora sali\u00f3 a\u00a0<b class=\"bold\">respaldarla<\/b>.<\/p>\n<p class=\"Typography_text-default__P3otY Typography_weight-normal__pqUbH Typography_text-default__P3otY Typography_weight-normal__pqUbH\">Reconoci\u00f3 la trayectoria de Graciela Dom\u00ednguez y sostuvo que cuenta con el perfil para encabezar esta nueva etapa.<\/p>\n<p class=\"Typography_text-default__P3otY Typography_weight-normal__pqUbH Typography_text-default__P3otY Typography_weight-normal__pqUbH\">Tambi\u00e9n adelant\u00f3 su respaldo al\u00a0<b class=\"bold\">plan de gobernabilidad y seguridad<\/b>\u00a0que prepara la mandataria.<\/p>\n<p class=\"Typography_text-default__P3otY Typography_weight-normal__pqUbH Typography_text-default__P3otY Typography_weight-normal__pqUbH\">El respaldo tiene peso pol\u00edtico porque Imelda no habl\u00f3 como una espectadora: habl\u00f3 como la mujer que Morena acaba de colocar al frente de su\u00a0<b class=\"bold\">proyecto estatal rumbo a 2027<\/b>.<\/p>\n<p class=\"Typography_text-default__P3otY Typography_weight-normal__pqUbH Typography_text-default__P3otY Typography_weight-normal__pqUbH\">Y al respaldar a Graciela, envi\u00f3 tambi\u00e9n otro mensaje: la transici\u00f3n dentro de Morena no necesariamente tendr\u00e1 que traducirse en una ruptura entre quienes hoy ocupan los principales espacios de decisi\u00f3n.<\/p>\n<h3 class=\"Typography_text-xl__yFuoP Typography_weight-normal__pqUbH SubHead_sub-head__PVEMA\">Una nueva relaci\u00f3n de poder<\/h3>\n<p class=\"Typography_text-default__P3otY Typography_weight-normal__pqUbH Typography_text-default__P3otY Typography_weight-normal__pqUbH\">La \u00faltima semana de agosto comenz\u00f3 con un Gobierno estatal sin certeza sobre qui\u00e9n lo encabezar\u00eda y termina con\u00a0<b class=\"bold\">dos figuras perfectamente ubicadas en el nuevo tablero<\/b>.<\/p>\n<p class=\"Typography_text-default__P3otY Typography_weight-normal__pqUbH Typography_text-default__P3otY Typography_weight-normal__pqUbH\"><b class=\"bold\">Graciela Dom\u00ednguez tiene el Ejecutivo; Imelda Castro tiene la conducci\u00f3n pol\u00edtica de Morena rumbo a 2027.<\/b><\/p>\n<p class=\"Typography_text-default__P3otY Typography_weight-normal__pqUbH Typography_text-default__P3otY Typography_weight-normal__pqUbH\">Rocha Moya tiene licencia y su regreso a Palacio de Gobierno qued\u00f3 pol\u00edticamente sepultado por una\u00a0<b class=\"bold\">nueva solicitud de separaci\u00f3n del cargo<\/b>.<\/p>\n<p class=\"Typography_text-default__P3otY Typography_weight-normal__pqUbH Typography_text-default__P3otY Typography_weight-normal__pqUbH\">Y el partido enfrenta ahora el reto de reorganizar a su estructura sin provocar una\u00a0<b class=\"bold\">fractura interna<\/b>.<\/p>\n<p class=\"Typography_text-default__P3otY Typography_weight-normal__pqUbH Typography_text-default__P3otY Typography_weight-normal__pqUbH\">Por eso, m\u00e1s que una simple sucesi\u00f3n de nombramientos, lo ocurrido esta semana representa el inicio de una\u00a0<b class=\"bold\">nueva distribuci\u00f3n del poder en Sinaloa<\/b>.<\/p>\n<p class=\"Typography_text-default__P3otY Typography_weight-normal__pqUbH Typography_text-default__P3otY Typography_weight-normal__pqUbH\">El rochismo no desapareci\u00f3 de un d\u00eda para otro; sus cuadros siguen ocupando espacios en el\u00a0<b class=\"bold\">Gobierno<\/b>\u00a0y en el\u00a0<b class=\"bold\">Congreso<\/b>.<\/p>\n<p class=\"Typography_text-default__P3otY Typography_weight-normal__pqUbH Typography_text-default__P3otY Typography_weight-normal__pqUbH\">Incluso dentro de Morena existen voces y grupos que construyeron su trayectoria pol\u00edtica al lado del gobernador con licencia.<\/p>\n<p class=\"Typography_text-default__P3otY Typography_weight-normal__pqUbH Typography_text-default__P3otY Typography_weight-normal__pqUbH\">Pero algo s\u00ed cambi\u00f3: la\u00a0<b class=\"bold\">conducci\u00f3n pol\u00edtica ya no gira alrededor de Rocha<\/b>.<\/p>\n<p class=\"Typography_text-default__P3otY Typography_weight-normal__pqUbH Typography_text-default__P3otY Typography_weight-normal__pqUbH\">El martes, Graciela Dom\u00ednguez asumi\u00f3 el Gobierno; el jueves, Morena coloc\u00f3 a Imelda Castro como su principal figura pol\u00edtica rumbo a 2027, y comenzaron a aparecer las primeras se\u00f1ales de\u00a0<b class=\"bold\">coordinaci\u00f3n entre ambas<\/b>.<\/p>\n<p class=\"Typography_text-default__P3otY Typography_weight-normal__pqUbH Typography_text-default__P3otY Typography_weight-normal__pqUbH\">Y este viernes 29 de agosto, Imelda hizo expl\u00edcito su respaldo a la gobernadora.<\/p>\n<p class=\"Typography_text-default__P3otY Typography_weight-normal__pqUbH Typography_text-default__P3otY Typography_weight-normal__pqUbH\">As\u00ed termina la semana: con\u00a0<b class=\"bold\">Morena intentando cerrar filas<\/b>, una nueva gobernadora tomando el control de la administraci\u00f3n y una coordinadora estatal que empieza a construir su propio camino pol\u00edtico.<\/p>\n<p class=\"Typography_text-default__P3otY Typography_weight-normal__pqUbH Typography_text-default__P3otY Typography_weight-normal__pqUbH\">La pregunta ya no es solamente qu\u00e9 pasar\u00e1 con Rocha. La pregunta es qui\u00e9n ocupar\u00e1 el\u00a0<b class=\"bold\">espacio pol\u00edtico que dej\u00f3 Rocha<\/b>. Pero, esta \u00faltima semana del mes, Morena comenz\u00f3 a dar su respuesta.<\/p>\n<\/div>\n<p>Con informaci\u00f3n de El Sol de Sinaloa<\/p>\n","protected":false},"excerpt":{"rendered":"<p>La llegada de Graciela Dom\u00ednguez al Gobierno estatal y el ascenso de Imelda Castro como figura rumbo a 2027 modifican el mapa pol\u00edtico de Morena y marcan distancia con la etapa de Rub\u00e9n Rocha Moya. Mario N\u00fa\u00f1ez Culiac\u00e1n, Sin.- De la llegada de\u00a0Graciela Dom\u00ednguez\u00a0al Gobierno estatal al ascenso de\u00a0Imelda Castro\u00a0como figura rumbo a 2027, Morena cerr\u00f3 una semana de definiciones que modifica el mapa pol\u00edtico de Sinaloa y marca distancia con la etapa del gobernador con licencia,\u00a0Rub\u00e9n Rocha Moya. Sinaloa vivi\u00f3 en cuatro d\u00edas uno de los\u00a0mayores reacomodos pol\u00edticos de los \u00faltimos a\u00f1os. El\u00a0martes 25 de agosto, Graciela Dom\u00ednguez Nava [&hellip;]<\/p>\n","protected":false},"author":3,"featured_media":151876,"comment_status":"open","ping_status":"open","sticky":false,"template":"","format":"standard","meta":{"_jetpack_newsletter_access":"","_jetpack_dont_email_post_to_subs":false,"_jetpack_newsletter_tier_id":0,"_jetpack_memberships_contains_paywalled_content":false,"_jetpack_feature_clip_id":0,"_jetpack_memberships_contains_paid_content":false,"footnotes":"","jetpack_publicize_message":"","jetpack_publicize_feature_enabled":true,"jetpack_social_post_already_shared":true,"jetpack_social_options":{"image_generator_settings":{"template":"highway","default_image_id":0,"font":"","enabled":false},"version":2},"jetpack_post_was_ever_published":false},"categories":[90],"tags":[],"class_list":["post-151866","post","type-post","status-publish","format-standard","has-post-thumbnail","hentry","category-estatal","post--single"],"jetpack_publicize_connections":[],"jetpack_featured_media_url":"https:\/\/ovelanalista.com\/wp-content\/uploads\/2026\/08\/image-73.webp","jetpack_sharing_enabled":true,"_links":{"self":[{"href":"https:\/\/ovelanalista.com\/index.php?rest_route=\/wp\/v2\/posts\/151866","targetHints":{"allow":["GET"]}}],"collection":[{"href":"https:\/\/ovelanalista.com\/index.php?rest_route=\/wp\/v2\/posts"}],"about":[{"href":"https:\/\/ovelanalista.com\/index.php?rest_route=\/wp\/v2\/types\/post"}],"author":[{"embeddable":true,"href":"https:\/\/ovelanalista.com\/index.php?rest_route=\/wp\/v2\/users\/3"}],"replies":[{"embeddable":true,"href":"https:\/\/ovelanalista.com\/index.php?rest_route=%2Fwp%2Fv2%2Fcomments&post=151866"}],"version-history":[{"count":1,"href":"https:\/\/ovelanalista.com\/index.php?rest_route=\/wp\/v2\/posts\/151866\/revisions"}],"predecessor-version":[{"id":151877,"href":"https:\/\/ovelanalista.com\/index.php?rest_route=\/wp\/v2\/posts\/151866\/revisions\/151877"}],"wp:featuredmedia":[{"embeddable":true,"href":"https:\/\/ovelanalista.com\/index.php?rest_route=\/wp\/v2\/media\/151876"}],"wp:attachment":[{"href":"https:\/\/ovelanalista.com\/index.php?rest_route=%2Fwp%2Fv2%2Fmedia&parent=151866"}],"wp:term":[{"taxonomy":"category","embeddable":true,"href":"https:\/\/ovelanalista.com\/index.php?rest_route=%2Fwp%2Fv2%2Fcategories&post=151866"},{"taxonomy":"post_tag","embeddable":true,"href":"https:\/\/ovelanalista.com\/index.php?rest_route=%2Fwp%2Fv2%2Ftags&post=151866"}],"curies":[{"name":"wp","href":"https:\/\/api.w.org\/{rel}","templated":true}]}}