{"id":151878,"date":"2026-08-31T14:30:07","date_gmt":"2026-08-31T21:30:07","guid":{"rendered":"https:\/\/ovelanalista.com\/?p=151878"},"modified":"2026-08-31T12:10:42","modified_gmt":"2026-08-31T19:10:42","slug":"buscadoras-marchan-en-sinaloa-para-exigir-justicia-y-localizacion-de-personas-desaparecidas","status":"publish","type":"post","link":"https:\/\/ovelanalista.com\/?p=151878","title":{"rendered":"Buscadoras marchan en Sinaloa para exigir justicia y localizaci\u00f3n de personas desaparecidas"},"content":{"rendered":"<p><strong><a href=\"https:\/\/www.jornada.com.mx\/autores\/Irene%20S%C3%A1nchez,%20corresponsal\">Irene S\u00e1nchez<\/a><\/strong><\/p>\n<p class=\"nota-justify\"><i>Mazatl\u00e1n, Sin.\u00a0<\/i>Al grito de \u201c\u00a1Vivos se los llevaron, vivos los queremos!\u201d, integrantes de colectivos de la Brigada Estatal de B\u00fasqueda de Personas realizaron marchas para exigir la pronta localizaci\u00f3n y justicia para sus familiares, en el marco del D\u00eda Internacional de las V\u00edctimas de Desapariciones Forzadas.<\/p>\n<p class=\"nota-justify\">La marcha tambi\u00e9n fue para exigir mejores condiciones de seguridad para todas las personas que participan en los colectivos de b\u00fasqueda, a fin de que puedan realizar su trabajo de campo con tranquilidad. Asimismo, se sumaron a la demanda de esclarecimiento del ataque contra Alma Rosa Rojas, integrante del Colectivo Voces Unidas por la Vida, quien fue atacada a balazos en Culiac\u00e1n.<\/p>\n<p class=\"nota-justify\">En Culiac\u00e1n, la concentraci\u00f3n de los familiares inici\u00f3 en la iglesia de La Lomita. Posteriormente, marcharon por la avenida \u00c1lvaro Obreg\u00f3n hasta la Catedral y despu\u00e9s se dirigieron al \u201c\u00c1rbol de la Esperanza\u201d, ubicado a un costado de la plazuela.<\/p>\n<p class=\"nota-justify\">Los manifestantes portaron mantas, lonas y fichas de b\u00fasqueda de gran tama\u00f1o con im\u00e1genes y datos de las personas desaparecidas, mientras gritaban consignas como: \u201c\u00bfPor qu\u00e9 los buscamos? \u00a1Porque los queremos!\u201d.<\/p>\n<p class=\"nota-justify\">Rosa Neriz, integrante de un grupo de buscadoras, denunci\u00f3 que Sinaloa ocupa el sexto lugar nacional con mayor n\u00famero de personas desaparecidas y afirm\u00f3 que la cifra va en aumento.<\/p>\n<p class=\"nota-justify\">Desminti\u00f3 las cifras oficiales que se\u00f1alan que la cantidad de desaparecidos va disminuyendo y, por el contrario, sostuvo que actualmente ser\u00edan alrededor de 7 mil las personas que permanecen ausentes.<\/p>\n<p class=\"nota-justify\">La buscadora se\u00f1al\u00f3 que existen omisiones por parte de las autoridades para brindar apoyo en los casos donde existen indicios, pues, afirm\u00f3, las familias deber\u00edan ser acompa\u00f1adas cuando acuden a realizar b\u00fasquedas en los sitios donde podr\u00edan encontrarse sus desaparecidos.<\/p>\n<p class=\"nota-justify\">Entre los marchistas se encontraban familiares de integrantes de los colectivos \u201cEsposas y Familiares de Agentes de Seguridad Desaparecidos por Militares en 1977\u201d, \u201cColectivo Uniendo Corazones\u201d, \u201cVoces Unidas por la Vida\u201d, \u201cArmadillos Rastreadores\u201d y \u201cPadres, Madres con Hijos Desaparecidos\u201d.<\/p>\n<p class=\"nota-justify\">\n<div>\n<div style=\"width: 1210px\" class=\"wp-caption alignnone\"><img loading=\"lazy\" decoding=\"async\" class=\"article-image\" src=\"https:\/\/www.jornada.com.mx\/ndjsimg\/images\/jornada\/jornadaimg\/buscadoras-marchan-en-sinaloa-para-exigir-justicia-y-localizacion-de-personas-desaparecidas\/buscadoras-marchan-en-sinaloa-para-exigir-justicia-y-localizacion-de-personas-desaparecidas_e15fbb80-f67c-4470-b2b8-ee393d177897_media\" alt=\"Imagen\" width=\"1200\" height=\"900\" \/><p class=\"wp-caption-text\">Redes Sociales<\/p><\/div>\n<\/div>\n<h2>Marchan en El Rosario<\/h2>\n<p class=\"nota-justify\">Al grito de \u201c\u00a1Hijo, escucha, tu madre est\u00e1 en la lucha!\u201d y \u201c\u00a1Quiero abrazarlo, no escarbar para encontrarlo!\u201d, familias y miembros del Colectivo de B\u00fasqueda Tesoros Perdidos Hasta Encontrarlos realizaron una marcha pac\u00edfica por las calles de la ciudad de El Rosario.<\/p>\n<p class=\"nota-justify\">El colectivo urgi\u00f3 a los diferentes niveles de gobierno, a la Fiscal\u00eda General del Estado, a la Comisi\u00f3n Nacional de B\u00fasqueda y a la Comisi\u00f3n Estatal de B\u00fasqueda de Sinaloa a tener mayor empat\u00eda con los familiares de las v\u00edctimas.<\/p>\n<p class=\"nota-justify\">Asimismo, pidi\u00f3 a la Fiscal\u00eda General del Estado dar celeridad a las confrontas de ADN, para que los cuerpos que han sido localizados sean entregados a la brevedad a sus familiares.<\/p>\n<p class=\"nota-justify\">Una petici\u00f3n concreta fue que la Fiscal\u00eda agilice las confrontas de ADN y que los cuerpos localizados sean entregados cuanto antes a sus familiares, pues, subrayaron, esta demora contrasta con los esfuerzos que realizan los colectivos para encontrar a las personas desaparecidas.<\/p>\n<p class=\"nota-justify\">\n<div><img decoding=\"async\" class=\"article-image\" src=\"https:\/\/www.jornada.com.mx\/ndjsimg\/images\/jornada\/jornadaimg\/buscadoras-marchan-en-sinaloa-para-exigir-justicia-y-localizacion-de-personas-desaparecidas\/buscadoras-marchan-en-sinaloa-para-exigir-justicia-y-localizacion-de-personas-desaparecidas_e07a076c-f5e6-4587-9821-bf1c2194aec8_media\" alt=\"Imagen\" \/>Redes Sociales<\/div>\n<h2>Velada en la explanada del Palacio de Gobierno<\/h2>\n<p class=\"nota-justify\">En tanto, el colectivo \u201cSabuesos Guerreras\u201d realiz\u00f3 la noche del s\u00e1bado una actividad en la que colocaron luces en representaci\u00f3n de cada una de las personas que se encuentran desaparecidas.<\/p>\n<p class=\"nota-justify\">Cruz Bernal, representante del grupo, se\u00f1al\u00f3 que, aunque la cifra oficial de desaparecidos, seg\u00fan la Fiscal\u00eda General del Estado, es de casi 4 mil personas, no existen cifras reales, pues muchas familias no presentan denuncias por miedo o desconfianza hacia las autoridades.<\/p>\n<p class=\"nota-justify\">Agreg\u00f3 que a algunas familias les dicen que deben esperar 72 horas para reportar la desaparici\u00f3n y algunas ya no regresan a presentar la denuncia, por lo que calculan que el n\u00famero de personas desaparecidas podr\u00eda ascender a unas 6 mil 500.<\/p>\n<p class=\"nota-justify\">Adem\u00e1s, denunci\u00f3 que no hay resultados en las investigaciones. Recientemente, dijo, revisaron alrededor de 40 expedientes relacionados con desapariciones y no percibieron avances; incluso, advirtieron que un expediente con varios a\u00f1os de antig\u00fcedad permanece sin cambios.<\/p>\n<p>Con informaci\u00f3n de La Jornada<\/p>\n","protected":false},"excerpt":{"rendered":"<p>Irene S\u00e1nchez Mazatl\u00e1n, Sin.\u00a0Al grito de \u201c\u00a1Vivos se los llevaron, vivos los queremos!\u201d, integrantes de colectivos de la Brigada Estatal de B\u00fasqueda de Personas realizaron marchas para exigir la pronta localizaci\u00f3n y justicia para sus familiares, en el marco del D\u00eda Internacional de las V\u00edctimas de Desapariciones Forzadas. La marcha tambi\u00e9n fue para exigir mejores condiciones de seguridad para todas las personas que participan en los colectivos de b\u00fasqueda, a fin de que puedan realizar su trabajo de campo con tranquilidad. Asimismo, se sumaron a la demanda de esclarecimiento del ataque contra Alma Rosa Rojas, integrante del Colectivo Voces Unidas [&hellip;]<\/p>\n","protected":false},"author":3,"featured_media":151883,"comment_status":"open","ping_status":"open","sticky":false,"template":"","format":"standard","meta":{"_jetpack_newsletter_access":"","_jetpack_dont_email_post_to_subs":false,"_jetpack_newsletter_tier_id":0,"_jetpack_memberships_contains_paywalled_content":false,"_jetpack_feature_clip_id":0,"_jetpack_memberships_contains_paid_content":false,"footnotes":"","jetpack_publicize_message":"","jetpack_publicize_feature_enabled":true,"jetpack_social_post_already_shared":true,"jetpack_social_options":{"image_generator_settings":{"template":"highway","default_image_id":0,"font":"","enabled":false},"version":2},"jetpack_post_was_ever_published":false},"categories":[75],"tags":[],"class_list":["post-151878","post","type-post","status-publish","format-standard","has-post-thumbnail","hentry","category-nacional","post--single"],"jetpack_publicize_connections":[],"jetpack_featured_media_url":"https:\/\/ovelanalista.com\/wp-content\/uploads\/2026\/08\/buscadoras-marchan-en-sinaloa-para-exigir-justicia-y-localizacion-de-personas-desaparecidas_e15fbb80-f67c-4470-b2b8-ee393d177897_medialjnimgndimagefullsize.webp","jetpack_sharing_enabled":true,"_links":{"self":[{"href":"https:\/\/ovelanalista.com\/index.php?rest_route=\/wp\/v2\/posts\/151878","targetHints":{"allow":["GET"]}}],"collection":[{"href":"https:\/\/ovelanalista.com\/index.php?rest_route=\/wp\/v2\/posts"}],"about":[{"href":"https:\/\/ovelanalista.com\/index.php?rest_route=\/wp\/v2\/types\/post"}],"author":[{"embeddable":true,"href":"https:\/\/ovelanalista.com\/index.php?rest_route=\/wp\/v2\/users\/3"}],"replies":[{"embeddable":true,"href":"https:\/\/ovelanalista.com\/index.php?rest_route=%2Fwp%2Fv2%2Fcomments&post=151878"}],"version-history":[{"count":1,"href":"https:\/\/ovelanalista.com\/index.php?rest_route=\/wp\/v2\/posts\/151878\/revisions"}],"predecessor-version":[{"id":151884,"href":"https:\/\/ovelanalista.com\/index.php?rest_route=\/wp\/v2\/posts\/151878\/revisions\/151884"}],"wp:featuredmedia":[{"embeddable":true,"href":"https:\/\/ovelanalista.com\/index.php?rest_route=\/wp\/v2\/media\/151883"}],"wp:attachment":[{"href":"https:\/\/ovelanalista.com\/index.php?rest_route=%2Fwp%2Fv2%2Fmedia&parent=151878"}],"wp:term":[{"taxonomy":"category","embeddable":true,"href":"https:\/\/ovelanalista.com\/index.php?rest_route=%2Fwp%2Fv2%2Fcategories&post=151878"},{"taxonomy":"post_tag","embeddable":true,"href":"https:\/\/ovelanalista.com\/index.php?rest_route=%2Fwp%2Fv2%2Ftags&post=151878"}],"curies":[{"name":"wp","href":"https:\/\/api.w.org\/{rel}","templated":true}]}}