{"id":151879,"date":"2026-08-31T12:34:42","date_gmt":"2026-08-31T19:34:42","guid":{"rendered":"https:\/\/ovelanalista.com\/?p=151879"},"modified":"2026-08-31T12:34:42","modified_gmt":"2026-08-31T19:34:42","slug":"protestan-productores-ante-la-fge-zona-norte","status":"publish","type":"post","link":"https:\/\/ovelanalista.com\/?p=151879","title":{"rendered":"Protestan productores ante la FGE Zona Norte"},"content":{"rendered":"<div><\/div>\n<div><\/div>\n<div>Redacci\u00f3n\/ OV El Analista.<\/div>\n<div><\/div>\n<div><\/div>\n<div>Productores agr\u00edcolas de Ahome se manifiestan ante la Subprocuradur\u00eda de Justicia Zona Norte para exigir justicia por fraude en sus cosechas<\/div>\n<div>Los Mochis, Sinaloa. 31 de agosto de 2026. \u2014 Productores agr\u00edcolas del municipio de Ahome se concentraron este lunes frente a las instalaciones de la Subprocuradur\u00eda \/ Sede Regional de Justicia Penal Acusatoria y Oral de la Zona Norte para exigir justicia y el castigo a los responsables de un presunto fraude cometido con sus cosechas.<\/div>\n<div><\/div>\n<div>Los manifestantes, principalmente productores de frijol de comunidades como Higuera de Zaragoza, Olas Altas y zonas aleda\u00f1as, demandan que las autoridades avancen en las investigaciones y se aplique todo el peso de la ley contra intermediarios (conocidos como \u201ccoyotes\u201d) que, seg\u00fan denuncian, recibieron su producci\u00f3n y no realizaron el pago correspondiente.<\/div>\n<div><\/div>\n<div>De acuerdo con informaci\u00f3n disponible de casos similares documentados en la regi\u00f3n (particularmente el de agosto de 2025), este tipo de fraudes ha afectado a alrededor de 60-70 productores, con un monto estimado de p\u00e9rdidas cercano a los 70 millones de pesos correspondientes a la cosecha del ciclo Oto\u00f1o-Invierno. En aquella ocasi\u00f3n, se judicializ\u00f3 el asunto, se detuvo a algunos involucrados y se giraron \u00f3rdenes de aprehensi\u00f3n contra otros que permanec\u00edan pr\u00f3fugos.<\/div>\n<div><\/div>\n<div>Los agricultores se\u00f1alan que entregaron el grano bajo acuerdos verbales o con facturaci\u00f3n a nombre de terceros, confiando en compradores con los que en algunos casos ya hab\u00edan trabajado previamente, pero posteriormente dejaron de recibir el pago. Muchos de los afectados enfrentan deudas por cr\u00e9ditos de siembra y un fuerte impacto econ\u00f3mico familiar.<\/div>\n<div><\/div>\n<div>La protesta se realiza de manera pac\u00edfica y busca presionar a la Fiscal\u00eda General del Estado de Sinaloa para que se garantice la restituci\u00f3n de los recursos y se evite la impunidad en este tipo de delitos que afectan recurrentemente al sector agr\u00edcola del norte de Sinaloa.<\/div>\n<div>Hasta el momento no se han reportado incidentes durante la movilizaci\u00f3n. Se espera que autoridades de la Subprocuradur\u00eda atiendan a una comisi\u00f3n de los productores para escuchar sus demandas.<\/div>\n<div><\/div>\n<div><img loading=\"lazy\" decoding=\"async\" class=\"alignnone  wp-image-151888\" src=\"https:\/\/ovelanalista.com\/wp-content\/uploads\/2026\/08\/WhatsApp-Image-2026-08-31-at-12.21.22-PM-300x239.jpeg\" alt=\"\" width=\"779\" height=\"621\" srcset=\"https:\/\/ovelanalista.com\/wp-content\/uploads\/2026\/08\/WhatsApp-Image-2026-08-31-at-12.21.22-PM-300x239.jpeg 300w, https:\/\/ovelanalista.com\/wp-content\/uploads\/2026\/08\/WhatsApp-Image-2026-08-31-at-12.21.22-PM-1024x817.jpeg 1024w, https:\/\/ovelanalista.com\/wp-content\/uploads\/2026\/08\/WhatsApp-Image-2026-08-31-at-12.21.22-PM-768x612.jpeg 768w, https:\/\/ovelanalista.com\/wp-content\/uploads\/2026\/08\/WhatsApp-Image-2026-08-31-at-12.21.22-PM-400x319.jpeg 400w, https:\/\/ovelanalista.com\/wp-content\/uploads\/2026\/08\/WhatsApp-Image-2026-08-31-at-12.21.22-PM-750x598.jpeg 750w, https:\/\/ovelanalista.com\/wp-content\/uploads\/2026\/08\/WhatsApp-Image-2026-08-31-at-12.21.22-PM-1140x909.jpeg 1140w, https:\/\/ovelanalista.com\/wp-content\/uploads\/2026\/08\/WhatsApp-Image-2026-08-31-at-12.21.22-PM.jpeg 1170w\" sizes=\"auto, (max-width: 779px) 100vw, 779px\" \/><\/div>\n<div><\/div>\n","protected":false},"excerpt":{"rendered":"<p>Redacci\u00f3n\/ OV El Analista. Productores agr\u00edcolas de Ahome se manifiestan ante la Subprocuradur\u00eda de Justicia Zona Norte para exigir justicia por fraude en sus cosechas Los Mochis, Sinaloa. 31 de agosto de 2026. \u2014 Productores agr\u00edcolas del municipio de Ahome se concentraron este lunes frente a las instalaciones de la Subprocuradur\u00eda \/ Sede Regional de Justicia Penal Acusatoria y Oral de la Zona Norte para exigir justicia y el castigo a los responsables de un presunto fraude cometido con sus cosechas. Los manifestantes, principalmente productores de frijol de comunidades como Higuera de Zaragoza, Olas Altas y zonas aleda\u00f1as, demandan que [&hellip;]<\/p>\n","protected":false},"author":3,"featured_media":151887,"comment_status":"open","ping_status":"open","sticky":false,"template":"","format":"standard","meta":{"_jetpack_newsletter_access":"","_jetpack_dont_email_post_to_subs":false,"_jetpack_newsletter_tier_id":0,"_jetpack_memberships_contains_paywalled_content":false,"_jetpack_feature_clip_id":0,"_jetpack_memberships_contains_paid_content":false,"footnotes":"","jetpack_publicize_message":"","jetpack_publicize_feature_enabled":true,"jetpack_social_post_already_shared":true,"jetpack_social_options":{"image_generator_settings":{"template":"highway","default_image_id":0,"font":"","enabled":false},"version":2},"jetpack_post_was_ever_published":false},"categories":[90,72],"tags":[],"class_list":["post-151879","post","type-post","status-publish","format-standard","has-post-thumbnail","hentry","category-estatal","category-portada","post--single"],"jetpack_publicize_connections":[],"jetpack_featured_media_url":"https:\/\/ovelanalista.com\/wp-content\/uploads\/2026\/08\/WhatsApp-Image-2026-08-31-at-12.21.13-PM.jpeg","jetpack_sharing_enabled":true,"_links":{"self":[{"href":"https:\/\/ovelanalista.com\/index.php?rest_route=\/wp\/v2\/posts\/151879","targetHints":{"allow":["GET"]}}],"collection":[{"href":"https:\/\/ovelanalista.com\/index.php?rest_route=\/wp\/v2\/posts"}],"about":[{"href":"https:\/\/ovelanalista.com\/index.php?rest_route=\/wp\/v2\/types\/post"}],"author":[{"embeddable":true,"href":"https:\/\/ovelanalista.com\/index.php?rest_route=\/wp\/v2\/users\/3"}],"replies":[{"embeddable":true,"href":"https:\/\/ovelanalista.com\/index.php?rest_route=%2Fwp%2Fv2%2Fcomments&post=151879"}],"version-history":[{"count":1,"href":"https:\/\/ovelanalista.com\/index.php?rest_route=\/wp\/v2\/posts\/151879\/revisions"}],"predecessor-version":[{"id":151889,"href":"https:\/\/ovelanalista.com\/index.php?rest_route=\/wp\/v2\/posts\/151879\/revisions\/151889"}],"wp:featuredmedia":[{"embeddable":true,"href":"https:\/\/ovelanalista.com\/index.php?rest_route=\/wp\/v2\/media\/151887"}],"wp:attachment":[{"href":"https:\/\/ovelanalista.com\/index.php?rest_route=%2Fwp%2Fv2%2Fmedia&parent=151879"}],"wp:term":[{"taxonomy":"category","embeddable":true,"href":"https:\/\/ovelanalista.com\/index.php?rest_route=%2Fwp%2Fv2%2Fcategories&post=151879"},{"taxonomy":"post_tag","embeddable":true,"href":"https:\/\/ovelanalista.com\/index.php?rest_route=%2Fwp%2Fv2%2Ftags&post=151879"}],"curies":[{"name":"wp","href":"https:\/\/api.w.org\/{rel}","templated":true}]}}