{"id":151891,"date":"2026-08-31T15:30:18","date_gmt":"2026-08-31T22:30:18","guid":{"rendered":"https:\/\/ovelanalista.com\/?p=151891"},"modified":"2026-08-31T14:21:52","modified_gmt":"2026-08-31T21:21:52","slug":"inician-mas-de-843-mil-alumnos-el-ciclo-escolar-2026-2027-en-sinaloa","status":"publish","type":"post","link":"https:\/\/ovelanalista.com\/?p=151891","title":{"rendered":"Inician m\u00e1s de 843 mil alumnos el ciclo escolar 2026-2027 en Sinaloa"},"content":{"rendered":"<p>Este lunes 31 de agosto dio inicio el ciclo escolar 2026-2027 en Sinaloa, con el regreso a las aulas de m\u00e1s de 843 mil alumnos de todos los niveles educativos, de los cuales poco m\u00e1s de 500 mil corresponden a educaci\u00f3n b\u00e1sica.<\/p>\n<p>El calendario oficial contempla un total de 185 d\u00edas lectivos que arrancan hoy y concluir\u00e1n el 6 de julio, una fecha recortada con el fin de evitar que los estudiantes padezcan las altas temperaturas del verano en planteles que arrastran problemas de infraestructura y falta de aires acondicionados.<\/p>\n<p>Respecto a las suspensiones y d\u00edas de asueto, el primer d\u00eda oficial ser\u00e1 el pr\u00f3ximo mi\u00e9rcoles 16 de septiembre con motivo de la Independencia de M\u00e9xico, mientras que el cronograma de la SEPyC establece ocho suspensiones adicionales por las reuniones del Consejo T\u00e9cnico Escolar programadas para el \u00faltimo viernes de cada mes, iniciando la primera sesi\u00f3n el viernes 25 de septiembre.<\/p>\n<p>Finalmente, el periodo vacacional de invierno qued\u00f3 fijado del 21 de diciembre al 6 de enero, reactiv\u00e1ndose las actividades escolares el jueves 7 de enero de acuerdo con la programaci\u00f3n oficial.<\/p>\n<div id=\"gallery-1\" class=\"gallery galleryid-640705 gallery-columns-3 gallery-size-full\">\n<figure class=\"gallery-item\">\n<div class=\"gallery-icon landscape\"><a href=\"https:\/\/riodoce.mx\/wp-content\/uploads\/2026\/08\/regreso-a-clases3.jpg\"><img loading=\"lazy\" decoding=\"async\" class=\"attachment-full size-full\" src=\"https:\/\/riodoce.mx\/wp-content\/uploads\/2026\/08\/regreso-a-clases3.jpg\" sizes=\"auto, (max-width: 2048px) 100vw, 2048px\" srcset=\"https:\/\/riodoce.mx\/wp-content\/uploads\/2026\/08\/regreso-a-clases3.jpg 2048w, https:\/\/riodoce.mx\/wp-content\/uploads\/2026\/08\/regreso-a-clases3-300x200.jpg 300w, https:\/\/riodoce.mx\/wp-content\/uploads\/2026\/08\/regreso-a-clases3-1024x682.jpg 1024w, https:\/\/riodoce.mx\/wp-content\/uploads\/2026\/08\/regreso-a-clases3-768x512.jpg 768w, https:\/\/riodoce.mx\/wp-content\/uploads\/2026\/08\/regreso-a-clases3-1536x1023.jpg 1536w, https:\/\/riodoce.mx\/wp-content\/uploads\/2026\/08\/regreso-a-clases3-600x400.jpg 600w\" alt=\"\" width=\"2048\" height=\"1364\" \/><\/a><\/div>\n<\/figure>\n<figure class=\"gallery-item\">\n<div class=\"gallery-icon landscape\"><a href=\"https:\/\/riodoce.mx\/wp-content\/uploads\/2026\/08\/regreso-a-clases4.jpg\"><img loading=\"lazy\" decoding=\"async\" class=\"attachment-full size-full\" src=\"https:\/\/riodoce.mx\/wp-content\/uploads\/2026\/08\/regreso-a-clases4.jpg\" sizes=\"auto, (max-width: 2048px) 100vw, 2048px\" srcset=\"https:\/\/riodoce.mx\/wp-content\/uploads\/2026\/08\/regreso-a-clases4.jpg 2048w, https:\/\/riodoce.mx\/wp-content\/uploads\/2026\/08\/regreso-a-clases4-300x200.jpg 300w, https:\/\/riodoce.mx\/wp-content\/uploads\/2026\/08\/regreso-a-clases4-1024x682.jpg 1024w, https:\/\/riodoce.mx\/wp-content\/uploads\/2026\/08\/regreso-a-clases4-768x512.jpg 768w, https:\/\/riodoce.mx\/wp-content\/uploads\/2026\/08\/regreso-a-clases4-1536x1023.jpg 1536w, https:\/\/riodoce.mx\/wp-content\/uploads\/2026\/08\/regreso-a-clases4-600x400.jpg 600w\" alt=\"\" width=\"2048\" height=\"1364\" \/><\/a><\/div>\n<\/figure>\n<figure class=\"gallery-item\">\n<div class=\"gallery-icon landscape\"><a href=\"https:\/\/riodoce.mx\/wp-content\/uploads\/2026\/08\/regreso-a-clases-5.jpg\"><img loading=\"lazy\" decoding=\"async\" class=\"attachment-full size-full\" src=\"https:\/\/riodoce.mx\/wp-content\/uploads\/2026\/08\/regreso-a-clases-5.jpg\" sizes=\"auto, (max-width: 2048px) 100vw, 2048px\" srcset=\"https:\/\/riodoce.mx\/wp-content\/uploads\/2026\/08\/regreso-a-clases-5.jpg 2048w, https:\/\/riodoce.mx\/wp-content\/uploads\/2026\/08\/regreso-a-clases-5-300x200.jpg 300w, https:\/\/riodoce.mx\/wp-content\/uploads\/2026\/08\/regreso-a-clases-5-1024x682.jpg 1024w, https:\/\/riodoce.mx\/wp-content\/uploads\/2026\/08\/regreso-a-clases-5-768x512.jpg 768w, https:\/\/riodoce.mx\/wp-content\/uploads\/2026\/08\/regreso-a-clases-5-1536x1023.jpg 1536w, https:\/\/riodoce.mx\/wp-content\/uploads\/2026\/08\/regreso-a-clases-5-600x400.jpg 600w\" alt=\"\" width=\"2048\" height=\"1364\" \/><\/a><\/div>\n<\/figure>\n<\/div>\n","protected":false},"excerpt":{"rendered":"<p>Este lunes 31 de agosto dio inicio el ciclo escolar 2026-2027 en Sinaloa, con el regreso a las aulas de m\u00e1s de 843 mil alumnos de todos los niveles educativos, de los cuales poco m\u00e1s de 500 mil corresponden a educaci\u00f3n b\u00e1sica. El calendario oficial contempla un total de 185 d\u00edas lectivos que arrancan hoy y concluir\u00e1n el 6 de julio, una fecha recortada con el fin de evitar que los estudiantes padezcan las altas temperaturas del verano en planteles que arrastran problemas de infraestructura y falta de aires acondicionados. Respecto a las suspensiones y d\u00edas de asueto, el primer [&hellip;]<\/p>\n","protected":false},"author":3,"featured_media":151897,"comment_status":"open","ping_status":"open","sticky":false,"template":"","format":"standard","meta":{"_jetpack_newsletter_access":"","_jetpack_dont_email_post_to_subs":false,"_jetpack_newsletter_tier_id":0,"_jetpack_memberships_contains_paywalled_content":false,"_jetpack_feature_clip_id":0,"_jetpack_memberships_contains_paid_content":false,"footnotes":"","jetpack_publicize_message":"","jetpack_publicize_feature_enabled":true,"jetpack_social_post_already_shared":true,"jetpack_social_options":{"image_generator_settings":{"template":"highway","default_image_id":0,"font":"","enabled":false},"version":2},"jetpack_post_was_ever_published":false},"categories":[90],"tags":[],"class_list":["post-151891","post","type-post","status-publish","format-standard","has-post-thumbnail","hentry","category-estatal","post--single"],"jetpack_publicize_connections":[],"jetpack_featured_media_url":"https:\/\/ovelanalista.com\/wp-content\/uploads\/2026\/08\/regreso-a-clases2.jpg","jetpack_sharing_enabled":true,"_links":{"self":[{"href":"https:\/\/ovelanalista.com\/index.php?rest_route=\/wp\/v2\/posts\/151891","targetHints":{"allow":["GET"]}}],"collection":[{"href":"https:\/\/ovelanalista.com\/index.php?rest_route=\/wp\/v2\/posts"}],"about":[{"href":"https:\/\/ovelanalista.com\/index.php?rest_route=\/wp\/v2\/types\/post"}],"author":[{"embeddable":true,"href":"https:\/\/ovelanalista.com\/index.php?rest_route=\/wp\/v2\/users\/3"}],"replies":[{"embeddable":true,"href":"https:\/\/ovelanalista.com\/index.php?rest_route=%2Fwp%2Fv2%2Fcomments&post=151891"}],"version-history":[{"count":1,"href":"https:\/\/ovelanalista.com\/index.php?rest_route=\/wp\/v2\/posts\/151891\/revisions"}],"predecessor-version":[{"id":151898,"href":"https:\/\/ovelanalista.com\/index.php?rest_route=\/wp\/v2\/posts\/151891\/revisions\/151898"}],"wp:featuredmedia":[{"embeddable":true,"href":"https:\/\/ovelanalista.com\/index.php?rest_route=\/wp\/v2\/media\/151897"}],"wp:attachment":[{"href":"https:\/\/ovelanalista.com\/index.php?rest_route=%2Fwp%2Fv2%2Fmedia&parent=151891"}],"wp:term":[{"taxonomy":"category","embeddable":true,"href":"https:\/\/ovelanalista.com\/index.php?rest_route=%2Fwp%2Fv2%2Fcategories&post=151891"},{"taxonomy":"post_tag","embeddable":true,"href":"https:\/\/ovelanalista.com\/index.php?rest_route=%2Fwp%2Fv2%2Ftags&post=151891"}],"curies":[{"name":"wp","href":"https:\/\/api.w.org\/{rel}","templated":true}]}}