{"id":151892,"date":"2026-08-31T12:55:46","date_gmt":"2026-08-31T19:55:46","guid":{"rendered":"https:\/\/ovelanalista.com\/?p=151892"},"modified":"2026-08-31T12:55:46","modified_gmt":"2026-08-31T19:55:46","slug":"el-norte-el-mas-seco-de-sinaloa","status":"publish","type":"post","link":"https:\/\/ovelanalista.com\/?p=151892","title":{"rendered":"El Norte el m\u00e1s seco de Sinaloa\u00a0"},"content":{"rendered":"<div><\/div>\n<div><\/div>\n<div>Redacci\u00f3n\/ OV El Analista<\/div>\n<div><\/div>\n<div>Otra vez la zona norte de Sinaloa se presenta como la m\u00e1s cr\u00edtica ante el insuficiente almacenamiento existente de agua en las tres presas regionales. El centro y sur de Sinaloa presentan mejores condiciones.<\/div>\n<div><\/div>\n<div>Al 31 de\u00a0 agosto, las 11 principales presas del estado se encuentran en niveles todav\u00eda bajos de almacenamiento, con un promedio cercano al 35.8-36.2% de su capacidad de conservaci\u00f3n a mediados y finales de agosto, seg\u00fan reportes del Organismo de Cuenca Pac\u00edfico Norte de la Comisi\u00f3n Nacional del Agua (Conagua).<\/div>\n<div><\/div>\n<div>El volumen total almacenado rondaba los 5,600 a 5,735 millones de metros c\u00fabicos, lo que representa un d\u00e9ficit de aproximadamente 1,212 millones de metros c\u00fabicos respecto al promedio hist\u00f3rico.<\/div>\n<div><\/div>\n<div>Aunque las lluvias recientes han permitido una recuperaci\u00f3n importante en comparaci\u00f3n con los niveles cr\u00edticos de mayo y junio (cuando el sistema operaba cerca del 16%), las aportaciones siguen siendo insuficientes para una recuperaci\u00f3n plena, especialmente en el norte del estado.<\/div>\n<div>Situaci\u00f3n diferenciada por regiones.<\/div>\n<div><\/div>\n<div>Norte de Sinaloa (zona m\u00e1s preocupante):\u2028La presa Miguel Hidalgo y Costilla se mantiene en torno al 19% de su capacidad.\u2028La Josefa Ortiz de Dom\u00ednguez registra apenas alrededor del 14%.\u2028En contraste, la Luis Donaldo Colosio (Huites) muestra mejores n\u00fameros, cercanos al 50-51%.<\/div>\n<div><\/div>\n<div>Centro y sur: Presentan condiciones m\u00e1s favorables. Embalses como Sanalona, Eustaquio Buelna, Aurelio Benassini, Santa Mar\u00eda y Picachos alcanzan porcentajes significativamente m\u00e1s altos (algunos del sur superan el 80-100%).<\/div>\n<div><\/div>\n<div>Las aportaciones diarias han aumentado con las precipitaciones (llegando a cientos de metros c\u00fabicos por segundo en algunos d\u00edas), mientras las extracciones se mantienen m\u00ednimas. Sin embargo, la recuperaci\u00f3n es desigual y el norte sigue siendo el \u00e1rea de mayor vulnerabilidad.<\/div>\n<div><\/div>\n<div>\u00bfHay agua suficiente para un ciclo agr\u00edcola oto\u00f1o-invierno completo?<\/div>\n<div>El ciclo agr\u00edcola oto\u00f1o-invierno (que normalmente inicia entre octubre y noviembre) requiere vol\u00famenes considerables para riego, especialmente en los distritos del norte (Valle del Fuerte y Ahome), donde se cultivan ma\u00edz, frijol, trigo y otros granos.<\/div>\n<div>Con los niveles actuales:No se garantiza todav\u00eda un ciclo completo sin restricciones en el norte. Productores y especialistas han se\u00f1alado que se necesitar\u00edan mayores captaciones en lo que resta de la temporada de lluvias (especialmente septiembre) para alcanzar vol\u00famenes seguros.<\/div>\n<div><\/div>\n<div>Existe un optimismo moderado si las lluvias contin\u00faan, ya que hist\u00f3ricamente septiembre aporta vol\u00famenes importantes. Algunos an\u00e1lisis proyectan que el sistema podr\u00eda acercarse al 40% o m\u00e1s al cierre de agosto, y mejores cifras para octubre.<\/div>\n<div><\/div>\n<div>En ciclos anteriores con niveles similares o inferiores se aplicaron recortes en la asignaci\u00f3n de agua (en algunos casos se oper\u00f3 con menos del 50% de la concesi\u00f3n), priorizando cultivos de menor demanda h\u00eddrica y el abasto dom\u00e9stico.<\/div>\n<div>La situaci\u00f3n confirma que, aunque las lluvias de 2026 han mejorado el panorama respecto a 2025, el norte de Sinaloa sigue en una posici\u00f3n delicada para asegurar un ciclo agr\u00edcola oto\u00f1o-invierno sin limitaciones.<\/div>\n","protected":false},"excerpt":{"rendered":"<p>Redacci\u00f3n\/ OV El Analista Otra vez la zona norte de Sinaloa se presenta como la m\u00e1s cr\u00edtica ante el insuficiente almacenamiento existente de agua en las tres presas regionales. El centro y sur de Sinaloa presentan mejores condiciones. Al 31 de\u00a0 agosto, las 11 principales presas del estado se encuentran en niveles todav\u00eda bajos de almacenamiento, con un promedio cercano al 35.8-36.2% de su capacidad de conservaci\u00f3n a mediados y finales de agosto, seg\u00fan reportes del Organismo de Cuenca Pac\u00edfico Norte de la Comisi\u00f3n Nacional del Agua (Conagua). El volumen total almacenado rondaba los 5,600 a 5,735 millones de metros [&hellip;]<\/p>\n","protected":false},"author":3,"featured_media":151894,"comment_status":"open","ping_status":"open","sticky":false,"template":"","format":"standard","meta":{"_jetpack_newsletter_access":"","_jetpack_dont_email_post_to_subs":false,"_jetpack_newsletter_tier_id":0,"_jetpack_memberships_contains_paywalled_content":false,"_jetpack_feature_clip_id":0,"_jetpack_memberships_contains_paid_content":false,"footnotes":"","jetpack_publicize_message":"","jetpack_publicize_feature_enabled":true,"jetpack_social_post_already_shared":true,"jetpack_social_options":{"image_generator_settings":{"template":"highway","default_image_id":0,"font":"","enabled":false},"version":2},"jetpack_post_was_ever_published":false},"categories":[85],"tags":[],"class_list":["post-151892","post","type-post","status-publish","format-standard","has-post-thumbnail","hentry","category-sinaloa-norte","post--single"],"jetpack_publicize_connections":[],"jetpack_featured_media_url":"https:\/\/ovelanalista.com\/wp-content\/uploads\/2026\/08\/WhatsApp-Image-2026-08-31-at-12.52.16-PM.jpeg","jetpack_sharing_enabled":true,"_links":{"self":[{"href":"https:\/\/ovelanalista.com\/index.php?rest_route=\/wp\/v2\/posts\/151892","targetHints":{"allow":["GET"]}}],"collection":[{"href":"https:\/\/ovelanalista.com\/index.php?rest_route=\/wp\/v2\/posts"}],"about":[{"href":"https:\/\/ovelanalista.com\/index.php?rest_route=\/wp\/v2\/types\/post"}],"author":[{"embeddable":true,"href":"https:\/\/ovelanalista.com\/index.php?rest_route=\/wp\/v2\/users\/3"}],"replies":[{"embeddable":true,"href":"https:\/\/ovelanalista.com\/index.php?rest_route=%2Fwp%2Fv2%2Fcomments&post=151892"}],"version-history":[{"count":1,"href":"https:\/\/ovelanalista.com\/index.php?rest_route=\/wp\/v2\/posts\/151892\/revisions"}],"predecessor-version":[{"id":151895,"href":"https:\/\/ovelanalista.com\/index.php?rest_route=\/wp\/v2\/posts\/151892\/revisions\/151895"}],"wp:featuredmedia":[{"embeddable":true,"href":"https:\/\/ovelanalista.com\/index.php?rest_route=\/wp\/v2\/media\/151894"}],"wp:attachment":[{"href":"https:\/\/ovelanalista.com\/index.php?rest_route=%2Fwp%2Fv2%2Fmedia&parent=151892"}],"wp:term":[{"taxonomy":"category","embeddable":true,"href":"https:\/\/ovelanalista.com\/index.php?rest_route=%2Fwp%2Fv2%2Fcategories&post=151892"},{"taxonomy":"post_tag","embeddable":true,"href":"https:\/\/ovelanalista.com\/index.php?rest_route=%2Fwp%2Fv2%2Ftags&post=151892"}],"curies":[{"name":"wp","href":"https:\/\/api.w.org\/{rel}","templated":true}]}}