{"id":151899,"date":"2026-08-31T14:27:06","date_gmt":"2026-08-31T21:27:06","guid":{"rendered":"https:\/\/ovelanalista.com\/?p=151899"},"modified":"2026-08-31T14:27:06","modified_gmt":"2026-08-31T21:27:06","slug":"ahome-participa-en-segundo-encuentro-nacional-de-economia-social-en-miras-hacia-redes-de-comercio-internacional","status":"publish","type":"post","link":"https:\/\/ovelanalista.com\/?p=151899","title":{"rendered":"Ahome participa en Segundo Encuentro Nacional de Econom\u00eda Social en miras hacia redes de comercio internacional."},"content":{"rendered":"<section id=\"content\" class=\"section_journey\">\n<div class=\"padding-global padding-section-journey\">\n<div class=\"container-large\">\n<div class=\"content_wrap\">\n<p><img loading=\"lazy\" decoding=\"async\" class=\"alignnone  wp-image-150674\" src=\"https:\/\/ovelanalista.com\/wp-content\/uploads\/2026\/08\/WhatsApp-Image-2026-08-07-at-12.51.44-PM-300x37.jpeg\" alt=\"\" width=\"657\" height=\"81\" srcset=\"https:\/\/ovelanalista.com\/wp-content\/uploads\/2026\/08\/WhatsApp-Image-2026-08-07-at-12.51.44-PM-300x37.jpeg 300w, https:\/\/ovelanalista.com\/wp-content\/uploads\/2026\/08\/WhatsApp-Image-2026-08-07-at-12.51.44-PM-1024x127.jpeg 1024w, https:\/\/ovelanalista.com\/wp-content\/uploads\/2026\/08\/WhatsApp-Image-2026-08-07-at-12.51.44-PM-768x95.jpeg 768w, https:\/\/ovelanalista.com\/wp-content\/uploads\/2026\/08\/WhatsApp-Image-2026-08-07-at-12.51.44-PM-400x50.jpeg 400w, https:\/\/ovelanalista.com\/wp-content\/uploads\/2026\/08\/WhatsApp-Image-2026-08-07-at-12.51.44-PM-750x93.jpeg 750w, https:\/\/ovelanalista.com\/wp-content\/uploads\/2026\/08\/WhatsApp-Image-2026-08-07-at-12.51.44-PM-1140x141.jpeg 1140w, https:\/\/ovelanalista.com\/wp-content\/uploads\/2026\/08\/WhatsApp-Image-2026-08-07-at-12.51.44-PM.jpeg 1518w\" sizes=\"auto, (max-width: 657px) 100vw, 657px\" \/><\/p>\n<p><strong><em>El municipio fue representado por Jes\u00fas Ernesto Tapia Castro, director de Obras P\u00fablicas, quien destac\u00f3 el papel de las cooperativas, las comunidades ind\u00edgenas y la infraestructura como elementos clave para impulsar la econom\u00eda social desde lo local\u2026<\/em><\/strong><\/p>\n<p><strong>Los Mochis, Ahome, Sinaloa. A 31 de agosto de 2026.-\u00a0<\/strong>El municipio de Ahome tuvo participaci\u00f3n en el Segundo Encuentro Nacional de Econom\u00eda Social, realizado del 25 al 27 de agosto en la Ciudad de M\u00e9xico y convocado por la Secretar\u00eda de Econom\u00eda Federal, donde autoridades de distintos niveles de gobierno analizaron estrategias para fortalecer el cooperativismo, producci\u00f3n comunitaria y redes comerciales.<\/p>\n<p>Jes\u00fas Ernesto Tapia Castro, director de Obras P\u00fablicas, acudi\u00f3 en representaci\u00f3n del Presidente Municipal Antonio Men\u00e9ndez de Llano Berm\u00fadez y explic\u00f3 que el encuentro reuni\u00f3 a ayuntamientos, gobiernos estatales, legisladores y representantes de organizaciones productivas de diferentes regiones del pa\u00eds.<\/p>\n<p>Detall\u00f3 que el evento combin\u00f3 foros, mesas de di\u00e1logo y espacios de exposici\u00f3n en los que cooperativas, grupos ind\u00edgenas y organizaciones sociales presentaron productos, modelos de organizaci\u00f3n y proyectos con posibilidades de comercializaci\u00f3n nacional e internacional.<\/p>\n<p>\u201cSe trata de que cada municipio exponga si tiene cooperativas, c\u00f3mo se desarrollan y qu\u00e9 actividades realizan. En el caso de Ahome expusimos que s\u00ed contamos con cooperativas, algunas integradas por mujeres, adem\u00e1s de organizaciones pesqueras y actividades relacionadas con el sector agr\u00edcola\u201d, se\u00f1al\u00f3.<\/p>\n<p>Tapia Castro indic\u00f3 que durante las jornadas se abordaron temas como finanzas, pol\u00edticas p\u00fablicas, juventudes, seguridad y soberan\u00eda alimentaria, biodiversidad, erradicaci\u00f3n de la pobreza, paz duradera y conocimiento ind\u00edgena.<\/p>\n<p>El funcionario municipal particip\u00f3 directamente en mesas relacionadas con finanzas y erradicaci\u00f3n de la pobreza, donde comparti\u00f3 experiencias con representantes de otros municipios y entidades del pa\u00eds.<\/p>\n<p>Explic\u00f3 que uno de los principales objetivos de este tipo de encuentros es generar v\u00ednculos entre regiones y crear redes de comercio que permitan a las cooperativas acceder a nuevos mercados.<\/p>\n<p>En el caso de Ahome, \u00fanico municipio de Sinaloa que particip\u00f3 en el evento, destac\u00f3 el potencial que representan las cooperativas pesqueras, particularmente las relacionadas con la producci\u00f3n de camar\u00f3n, as\u00ed como otros sectores productivos que podr\u00edan ampliar su presencia m\u00e1s all\u00e1 del mercado local y nacional.<\/p>\n<p>\u201cPodemos compartir ese comercio con otros lugares. El prop\u00f3sito es llevarlo a nivel internacional, que los productos de nuestras cooperativas tengan mayores oportunidades de comercializaci\u00f3n\u201d, expres\u00f3.<\/p>\n<p>Tapia Castro inform\u00f3 adem\u00e1s que el encuentro nacional forma parte de una ruta que contempla posteriormente un evento internacional en Brasil, donde podr\u00edan participar representaciones mexicanas y llevar muestras de cooperativas locales.<\/p>\n<p>Respecto a la encomienda del Presidente Municipal Antonio Men\u00e9ndez de Llano Berm\u00fadez, explic\u00f3 que fue conocer de primera mano el funcionamiento de este encuentro, identificar oportunidades para Ahome y analizar c\u00f3mo pueden aprovecharse estos esquemas de Econom\u00eda Social en beneficio de productores y comunidades del municipio.<\/p>\n<p>El director de Obras P\u00fablicas destac\u00f3 tambi\u00e9n que la infraestructura juega un papel fundamental dentro de esta estrategia econ\u00f3mica, particularmente en las zonas rurales.<\/p>\n<p>Se\u00f1al\u00f3 que para garantizar el traslado de productos, mercanc\u00edas e insumos es indispensable contar con caminos y vialidades en condiciones adecuadas, ya que una mejor conectividad facilita la actividad productiva y comercial.<\/p>\n<p>\u201cPara poder llevar a cabo el comercio se necesita infraestructura rehabilitada o habilitada. Tiene que haber buenos caminos y buenas vialidades para trasladar los productos de manera correcta. Una buena infraestructura representa tambi\u00e9n una buena econom\u00eda\u201d, puntualiz\u00f3.<\/p>\n<figure class=\"wp-block-gallery has-nested-images columns-default is-cropped wp-block-gallery-1 is-layout-flex wp-block-gallery-is-layout-flex\">\n<figure class=\"wp-block-image size-large\"><img loading=\"lazy\" decoding=\"async\" class=\"wp-image-67798\" src=\"https:\/\/www.ahome.gob.mx\/wp-content\/uploads\/2026\/08\/WhatsApp-Image-2026-08-31-at-1.25.26-PM-1024x768.jpeg\" sizes=\"auto, (max-width: 1024px) 100vw, 1024px\" srcset=\"https:\/\/www.ahome.gob.mx\/wp-content\/uploads\/2026\/08\/WhatsApp-Image-2026-08-31-at-1.25.26-PM-1024x768.jpeg 1024w, https:\/\/www.ahome.gob.mx\/wp-content\/uploads\/2026\/08\/WhatsApp-Image-2026-08-31-at-1.25.26-PM-300x225.jpeg 300w, https:\/\/www.ahome.gob.mx\/wp-content\/uploads\/2026\/08\/WhatsApp-Image-2026-08-31-at-1.25.26-PM-150x113.jpeg 150w, https:\/\/www.ahome.gob.mx\/wp-content\/uploads\/2026\/08\/WhatsApp-Image-2026-08-31-at-1.25.26-PM-768x576.jpeg 768w, https:\/\/www.ahome.gob.mx\/wp-content\/uploads\/2026\/08\/WhatsApp-Image-2026-08-31-at-1.25.26-PM.jpeg 1280w\" alt=\"\" width=\"1024\" height=\"768\" data-id=\"67798\" \/><\/figure>\n<figure class=\"wp-block-image size-large\"><img loading=\"lazy\" decoding=\"async\" class=\"wp-image-67797\" src=\"https:\/\/www.ahome.gob.mx\/wp-content\/uploads\/2026\/08\/WhatsApp-Image-2026-08-31-at-1.25.14-PM-1024x768.jpeg\" sizes=\"auto, (max-width: 1024px) 100vw, 1024px\" srcset=\"https:\/\/www.ahome.gob.mx\/wp-content\/uploads\/2026\/08\/WhatsApp-Image-2026-08-31-at-1.25.14-PM-1024x768.jpeg 1024w, https:\/\/www.ahome.gob.mx\/wp-content\/uploads\/2026\/08\/WhatsApp-Image-2026-08-31-at-1.25.14-PM-300x225.jpeg 300w, https:\/\/www.ahome.gob.mx\/wp-content\/uploads\/2026\/08\/WhatsApp-Image-2026-08-31-at-1.25.14-PM-150x113.jpeg 150w, https:\/\/www.ahome.gob.mx\/wp-content\/uploads\/2026\/08\/WhatsApp-Image-2026-08-31-at-1.25.14-PM-768x576.jpeg 768w, https:\/\/www.ahome.gob.mx\/wp-content\/uploads\/2026\/08\/WhatsApp-Image-2026-08-31-at-1.25.14-PM.jpeg 1280w\" alt=\"\" width=\"1024\" height=\"768\" data-id=\"67797\" \/><\/figure>\n<figure class=\"wp-block-image size-large\"><img loading=\"lazy\" decoding=\"async\" class=\"wp-image-67799\" src=\"https:\/\/www.ahome.gob.mx\/wp-content\/uploads\/2026\/08\/WhatsApp-Image-2026-08-31-at-1.25.14-PM-1-1024x768.jpeg\" sizes=\"auto, (max-width: 1024px) 100vw, 1024px\" srcset=\"https:\/\/www.ahome.gob.mx\/wp-content\/uploads\/2026\/08\/WhatsApp-Image-2026-08-31-at-1.25.14-PM-1-1024x768.jpeg 1024w, https:\/\/www.ahome.gob.mx\/wp-content\/uploads\/2026\/08\/WhatsApp-Image-2026-08-31-at-1.25.14-PM-1-300x225.jpeg 300w, https:\/\/www.ahome.gob.mx\/wp-content\/uploads\/2026\/08\/WhatsApp-Image-2026-08-31-at-1.25.14-PM-1-150x113.jpeg 150w, https:\/\/www.ahome.gob.mx\/wp-content\/uploads\/2026\/08\/WhatsApp-Image-2026-08-31-at-1.25.14-PM-1-768x576.jpeg 768w, https:\/\/www.ahome.gob.mx\/wp-content\/uploads\/2026\/08\/WhatsApp-Image-2026-08-31-at-1.25.14-PM-1.jpeg 1280w\" alt=\"\" width=\"1024\" height=\"768\" data-id=\"67799\" \/><\/figure>\n<\/figure>\n<div id=\"gallery\" class=\"gallery\"><\/div>\n<\/div>\n<\/div>\n<\/div>\n<\/section>\n","protected":false},"excerpt":{"rendered":"<p>El municipio fue representado por Jes\u00fas Ernesto Tapia Castro, director de Obras P\u00fablicas, quien destac\u00f3 el papel de las cooperativas, las comunidades ind\u00edgenas y la infraestructura como elementos clave para impulsar la econom\u00eda social desde lo local\u2026 Los Mochis, Ahome, Sinaloa. A 31 de agosto de 2026.-\u00a0El municipio de Ahome tuvo participaci\u00f3n en el Segundo Encuentro Nacional de Econom\u00eda Social, realizado del 25 al 27 de agosto en la Ciudad de M\u00e9xico y convocado por la Secretar\u00eda de Econom\u00eda Federal, donde autoridades de distintos niveles de gobierno analizaron estrategias para fortalecer el cooperativismo, producci\u00f3n comunitaria y redes comerciales. Jes\u00fas Ernesto [&hellip;]<\/p>\n","protected":false},"author":3,"featured_media":151900,"comment_status":"open","ping_status":"open","sticky":false,"template":"","format":"standard","meta":{"_jetpack_newsletter_access":"","_jetpack_dont_email_post_to_subs":false,"_jetpack_newsletter_tier_id":0,"_jetpack_memberships_contains_paywalled_content":false,"_jetpack_feature_clip_id":0,"_jetpack_memberships_contains_paid_content":false,"footnotes":"","jetpack_publicize_message":"","jetpack_publicize_feature_enabled":true,"jetpack_social_post_already_shared":true,"jetpack_social_options":{"image_generator_settings":{"template":"highway","default_image_id":0,"font":"","enabled":false},"version":2},"jetpack_post_was_ever_published":false},"categories":[85],"tags":[],"class_list":["post-151899","post","type-post","status-publish","format-standard","has-post-thumbnail","hentry","category-sinaloa-norte","post--single"],"jetpack_publicize_connections":[],"jetpack_featured_media_url":"https:\/\/ovelanalista.com\/wp-content\/uploads\/2026\/08\/WhatsApp-Image-2026-08-31-at-1.25.14-PM.jpeg","jetpack_sharing_enabled":true,"_links":{"self":[{"href":"https:\/\/ovelanalista.com\/index.php?rest_route=\/wp\/v2\/posts\/151899","targetHints":{"allow":["GET"]}}],"collection":[{"href":"https:\/\/ovelanalista.com\/index.php?rest_route=\/wp\/v2\/posts"}],"about":[{"href":"https:\/\/ovelanalista.com\/index.php?rest_route=\/wp\/v2\/types\/post"}],"author":[{"embeddable":true,"href":"https:\/\/ovelanalista.com\/index.php?rest_route=\/wp\/v2\/users\/3"}],"replies":[{"embeddable":true,"href":"https:\/\/ovelanalista.com\/index.php?rest_route=%2Fwp%2Fv2%2Fcomments&post=151899"}],"version-history":[{"count":1,"href":"https:\/\/ovelanalista.com\/index.php?rest_route=\/wp\/v2\/posts\/151899\/revisions"}],"predecessor-version":[{"id":151901,"href":"https:\/\/ovelanalista.com\/index.php?rest_route=\/wp\/v2\/posts\/151899\/revisions\/151901"}],"wp:featuredmedia":[{"embeddable":true,"href":"https:\/\/ovelanalista.com\/index.php?rest_route=\/wp\/v2\/media\/151900"}],"wp:attachment":[{"href":"https:\/\/ovelanalista.com\/index.php?rest_route=%2Fwp%2Fv2%2Fmedia&parent=151899"}],"wp:term":[{"taxonomy":"category","embeddable":true,"href":"https:\/\/ovelanalista.com\/index.php?rest_route=%2Fwp%2Fv2%2Fcategories&post=151899"},{"taxonomy":"post_tag","embeddable":true,"href":"https:\/\/ovelanalista.com\/index.php?rest_route=%2Fwp%2Fv2%2Ftags&post=151899"}],"curies":[{"name":"wp","href":"https:\/\/api.w.org\/{rel}","templated":true}]}}