{"id":151909,"date":"2026-09-01T09:08:47","date_gmt":"2026-09-01T16:08:47","guid":{"rendered":"https:\/\/ovelanalista.com\/?p=151909"},"modified":"2026-09-01T09:08:47","modified_gmt":"2026-09-01T16:08:47","slug":"otra-ocurrencia-que-sigue-apellidarse-popoca-o-canul","status":"publish","type":"post","link":"https:\/\/ovelanalista.com\/?p=151909","title":{"rendered":"\u00a1Otra ocurrencia! \u00bfQu\u00e9 sigue? \u00bfApellidarse Popoca o Canul?"},"content":{"rendered":"<div class=\"td_block_wrap tdb_single_content tdi_62 td-pb-border-top td_block_template_1 td-post-content tagdiv-type\" data-td-block-uid=\"tdi_62\">\n<div class=\"tdb-block-inner td-fix-index\">\n<p><strong>\u00cdNDICE POL\u00cdTICO<\/strong><\/p>\n<p><strong>FRANCISCO RODR\u00cdGUEZ<\/strong><\/p>\n<p>&nbsp;<\/p>\n<p><strong>Enrique Pe\u00f1a Nieto\u00a0<\/strong>dijo en alguna ocasi\u00f3n que, como Presidente de la Rep\u00fablica, no se despertaba por las ma\u00f1anas pensando en c\u00f3mo joder a M\u00e9xico.<\/p>\n<p>La se\u00f1ora\u00a0<strong>Claudia Sheinbaum<\/strong>, en cambio, se levanta de la cama con puras ocurrencias \u2013\u201cpensamiento o idea inesperada, dicho agudo u original que surge en la imaginaci\u00f3n\u201d, seg\u00fan la RAE\u2013 que, lamentablemente terminan mal parchando el texto constitucional\u2026 y jodiendo al Estado de Derecho.<\/p>\n<p>La m\u00e1s reciente de esas \u201cocurrencias\u201d calent\u00f3 inesperadamente su cabeza fr\u00eda en una de sus menti\u00f1eras, justo cuando atacaba acremente al exgobernador tamaulipeco\u00a0<strong>Francisco Javier Garc\u00eda Cabeza de Vaca<\/strong>, al recordar \u201cen un de repente\u201d que el panista ostenta doble nacionalidad.<\/p>\n<p>Acto seguido, en un acto de acelere menti\u00f1ero, do\u00f1a Claudia dijo desde el tapanquito del Sal\u00f3n Tesorer\u00eda de Palacio Nacional que preguntar\u00eda a\u00a0<strong>Luisa Mar\u00eda Alcalde<\/strong>\u00a0\u2013\u00a1imag\u00ednese a qui\u00e9n!\u2013 si en la Constituci\u00f3n habr\u00eda alg\u00fan art\u00edculo con alguna prohibici\u00f3n expresa para que, quienes estuvieran en una condici\u00f3n similar a la del exmandatario tamaulipeco pudiesen ser o no gobernadores y hasta presidentes de nuestro pa\u00eds.<\/p>\n<p>Obvio que existe. Cualquier estudiante preparatoriano que \u2013como el escribidor en su momento\u2013 haya cursado Nociones de Derecho Positivo Mexicano lo sabe. Pero en el caso de la inquilina de AMLO en Palacio Nacional ella no ten\u00eda ni la m\u00e1s remota idea.<\/p>\n<p>Por lo que sucedi\u00f3 despu\u00e9s supongo que la se\u00f1ora Alcalde hizo \u201ccara de\u00a0<em>what<\/em>? al escuchar la solicitud de su jefa formal \u2013el real es quien aparentemente ya no se oculta en Casa \u201cLa Chingada\u201d.<\/p>\n<p>A lo que habr\u00edan seguido consultas con el asesor\u00a0<strong>Arturo Zald\u00edvar<\/strong>\u00a0del que usted seguramente se acuerda por haberse lanzado al oc\u00e9ano del desprestigio cuando renunci\u00f3 a su ministerio en la Corte para sumarse como palero a la campa\u00f1a de Sheinbaum.<\/p>\n<p>Y ya entre \u00e9l y Luisa Mar\u00eda habr\u00edan explicado en \u201cp\u00fablico de la gente\u201d que hace las veces de auditorio aplaudidor en las menti\u00f1eras que s\u00ed, que tener doble nacionalidad y aspirar a un cargo de elecci\u00f3n est\u00e1 prohibido en la Carta Magna.<\/p>\n<p>Pues \u00bfqu\u00e9 no se acuerdan de que en 2018 se arm\u00f3 una escandalera cuando\u00a0<strong>Napole\u00f3n\u00a0<em>Napito<\/em>\u00a0G\u00f3mez Urrutia<\/strong>\u00a0accedi\u00f3 al Senado aun y cuando tambi\u00e9n es ciudadano canadiense y no renunci\u00f3 a esa nacionalidad?<\/p>\n<p>\u00bfY\u00a0<strong>Jaime Bonilla<\/strong>, quien incluso ha sido funcionario en administraciones locales de California, USA, y que fuera impulsado por AMLO para gobernar un bienio a los bajacalifornianos?<\/p>\n<p>Puras \u201cocurrencias\u201d que, repito, en un tris calientan la cabeza fr\u00eda de do\u00f1a Claudia y que, por desgracia, terminan llenando de parches innecesarios a nuestra Constituci\u00f3n.<\/p>\n<p>\u00bfQu\u00e9 sigue, se\u00f1ora? \u00bfCu\u00e1l ser\u00e1 su siguiente ocurrencia?<\/p>\n<p>\u00bfAcaso que para aspirar a un cargo de elecci\u00f3n uno de los requisitos sea tener un apellido n\u00e1huatl como\u00a0<strong>Xicot\u00e9ncatl, Tepetl, Popoca, Coyotl, Aca, Cotzomi<\/strong>? \u00bfO de origen maya como\u00a0<strong>Balam, Canul, Chan, Ek o Noh<\/strong>?<\/p>\n<p>\u00a1Puras ocurrencias!<\/p>\n<p>&nbsp;<\/p>\n<p><img loading=\"lazy\" decoding=\"async\" class=\"wp-image-151914 aligncenter\" src=\"https:\/\/ovelanalista.com\/wp-content\/uploads\/2026\/09\/Captura-de-pantalla-2026-09-01-a-las-9.07.36-a.m-300x161.png\" alt=\"\" width=\"822\" height=\"441\" srcset=\"https:\/\/ovelanalista.com\/wp-content\/uploads\/2026\/09\/Captura-de-pantalla-2026-09-01-a-las-9.07.36-a.m-300x161.png 300w, https:\/\/ovelanalista.com\/wp-content\/uploads\/2026\/09\/Captura-de-pantalla-2026-09-01-a-las-9.07.36-a.m-1024x551.png 1024w, https:\/\/ovelanalista.com\/wp-content\/uploads\/2026\/09\/Captura-de-pantalla-2026-09-01-a-las-9.07.36-a.m-768x413.png 768w, https:\/\/ovelanalista.com\/wp-content\/uploads\/2026\/09\/Captura-de-pantalla-2026-09-01-a-las-9.07.36-a.m-400x215.png 400w, https:\/\/ovelanalista.com\/wp-content\/uploads\/2026\/09\/Captura-de-pantalla-2026-09-01-a-las-9.07.36-a.m-750x403.png 750w, https:\/\/ovelanalista.com\/wp-content\/uploads\/2026\/09\/Captura-de-pantalla-2026-09-01-a-las-9.07.36-a.m.png 1108w\" sizes=\"auto, (max-width: 822px) 100vw, 822px\" \/><br \/>\n<strong>AMLO: Sahumerios y danzantes en taparrabo<\/strong><\/p>\n<p>En buena medida por la (mala) influencia que sobre el poderoso AMLO ejerc\u00eda su actual c\u00f3nyuge,\u00a0<strong>Beatriz Guti\u00e9rrez<\/strong>, desde que Morena empez\u00f3 a acaparar todos los poderes de gobierno, los guindas han promovido la recuperaci\u00f3n y el reconocimiento de la cultura aut\u00f3ctona como un eje central de su proyecto de naci\u00f3n. No est\u00e1 mal, siempre y cuando no hubiesen desde\u00f1ado nuestra herencia hispana, tan valiosa como la ind\u00edgena.<\/p>\n<p>Recuerde usted a AMLO en el Z\u00f3calo, el primer d\u00eda de su mandato, entre humos de copal rodeado de danzantes en taparrabo.<\/p>\n<p>Luego a su regente en CDMX, la se\u00f1ora Sheinbaum, retirando el monumento a\u00a0<strong>Crist\u00f3bal Col\u00f3n<\/strong>\u00a0de una de las glorietas del Paseo de la Reforma, y cambiando los nombres de la avenida Puente de Alvarado y del ahuehuete que simbolizaba a La Noche Triste\u2026 hasta recientemente cuando \u2013otra ocurrencia\u2013 dictatorialmente impuso la denominaci\u00f3n \u201cde los pueblos ind\u00edgenas\u201d al tradicional Paso de Cort\u00e9s.<\/p>\n<p>Y, claro, al mismo tiempo la retah\u00edla de parches a la legislaci\u00f3n \u2013que no se acata\u2013 como la reforma constitucional de Pueblos Ind\u00edgenas que proclama el\u00a0 reconocimiento de las comunidades como sujetos de derecho p\u00fablico con libre determinaci\u00f3n y autonom\u00eda jur\u00eddica\u2026 la prioridad de entrega de apoyos econ\u00f3micos a familias ind\u00edgenas\u2026 la creaci\u00f3n de planes de desarrollo espec\u00edficos para restituir tierras, agua y dignidad, destacando el Plan de Justicia del Pueblo Yaqui\u2026 financiamiento directo a los municipios de usos y costumbres para la construcci\u00f3n de caminos artesanales de concreto\u2026 la aprobaci\u00f3n de leyes federales para proteger la propiedad intelectual de los dise\u00f1os textiles frente al plagio de marcas extranjeras, entre otros.<\/p>\n<p>Y lo m\u00e1s visible. Que desde 2018 pareciera ser requisito que los morenistas se vistan como si fueran a participar en un baile regional durante un festival escolar celebratorio del D\u00eda de las Madres: Blusas y camisas con bordados o estampados que se asemejan a nuestras artesan\u00edas ya les son caracter\u00edsticas.<\/p>\n<p>Tal y como las ya olvidadas guayaberas en los tiempos presidenciales de\u00a0<strong>Luis Echeverr\u00eda<\/strong>\u2026 tambi\u00e9n ser\u00e1n moda pasajera, \u00a1gracias a\u00a0<strong>Dior<\/strong>!<\/p>\n<p>&nbsp;<\/p>\n<p><strong>Indicios<\/strong><\/p>\n<p>M\u00e9xico no necesariamente era mejor gobernado cuando los presidentes eran abogados, pero exist\u00eda un mayor apego formal a las formas jur\u00eddicas y al aparato legal del Estado. El desplazamiento de los juristas comenz\u00f3 con\u00a0<strong>Miguel de la Madrid<\/strong>, economista\u2026 y de ah\u00ed pa\u2019l real hasta llegar a una mujer que dice ser cient\u00edfica. La formaci\u00f3n de los presidentes egresados de la Facultad de Derecho de la UNAM serv\u00eda para legitimar decisiones pol\u00edticas mediante el uso de leyes, decretos y el marco constitucional existente. Su dominio de las leyes, empero, no imped\u00eda la corrupci\u00f3n ni el autoritarismo, sino que a menudo serv\u00eda para encubrirlos bajo una fachada de legalidad. La llegada de gobernantes con otras profesiones (economistas, ingenieros, pasantes de ciencias pol\u00edticas o egresados de la Facultad de Ciencias de la M\u00e1xima Casa de Estudios que dedicaban m\u00e1s tiempo a acudir a m\u00edtines, marchas y manifestaciones modific\u00f3 el estilo de gobernar, priorizando criterios t\u00e9cnicos, pragm\u00e1ticos o de movilizaci\u00f3n social por encima de la ret\u00f3rica legalista tradicional. * * * Las que fueran \u201cbenditas\u201d y ahora los cuatroteros consideran que son \u201cmalditas\u201d redes sociales han hecho eco de las ocurrencias de quien insiste en llamar \u201cPresidente\u201d a\u00a0<strong>L\u00f3pez Obrador<\/strong>. En uno de esos posts se lee: \u201cClaudia Sheibaum no tiene una gota de sangre mexicana en sus venas; no tiene un solo antepasado que haya sido mexicano. No es de origen ind\u00edgena, no tiene ra\u00edces con M\u00e9xico. Habla de la doble nacionalidad pero ella ni siquiera es mexicana.\u201d * * * Como siempre, agradezco a usted que haya le\u00eddo este\u00a0<strong>\u00cdndice Pol\u00edtico<\/strong>\u00a0y le deseo \u00a1buenas gracias y muchos, muchos d\u00edas!<\/p>\n<p><a href=\"https:\/\/indicepolitico.com\/\"><strong>https:\/\/indicepolitico.com\u00a0<\/strong><\/a><br \/>\n<a href=\"mailto:indicepolitico@gmail.com%C2%A0\"><strong>indicepolitico@gmail.com\u00a0<\/strong><\/a><br \/>\n<a href=\"https:\/\/www.twitter.com\/IndicePolitico\"><strong>@IndicePolitico\u00a0<\/strong><\/a><br \/>\n<a href=\"https:\/\/www.twitter.com\/pacorodriguez\"><strong>@pacorodriguez<\/strong><\/a><\/p>\n<\/div>\n<\/div>\n<div class=\"td_block_wrap tdb_single_tags tdi_65 td-pb-border-top td_block_template_1\" data-td-block-uid=\"tdi_65\"><\/div>\n","protected":false},"excerpt":{"rendered":"<p>\u00cdNDICE POL\u00cdTICO FRANCISCO RODR\u00cdGUEZ &nbsp; Enrique Pe\u00f1a Nieto\u00a0dijo en alguna ocasi\u00f3n que, como Presidente de la Rep\u00fablica, no se despertaba por las ma\u00f1anas pensando en c\u00f3mo joder a M\u00e9xico. La se\u00f1ora\u00a0Claudia Sheinbaum, en cambio, se levanta de la cama con puras ocurrencias \u2013\u201cpensamiento o idea inesperada, dicho agudo u original que surge en la imaginaci\u00f3n\u201d, seg\u00fan la RAE\u2013 que, lamentablemente terminan mal parchando el texto constitucional\u2026 y jodiendo al Estado de Derecho. La m\u00e1s reciente de esas \u201cocurrencias\u201d calent\u00f3 inesperadamente su cabeza fr\u00eda en una de sus menti\u00f1eras, justo cuando atacaba acremente al exgobernador tamaulipeco\u00a0Francisco Javier Garc\u00eda Cabeza de Vaca, [&hellip;]<\/p>\n","protected":false},"author":3,"featured_media":92642,"comment_status":"open","ping_status":"open","sticky":false,"template":"","format":"standard","meta":{"_jetpack_newsletter_access":"","_jetpack_dont_email_post_to_subs":false,"_jetpack_newsletter_tier_id":0,"_jetpack_memberships_contains_paywalled_content":false,"_jetpack_feature_clip_id":0,"_jetpack_memberships_contains_paid_content":false,"footnotes":"","jetpack_publicize_message":"","jetpack_publicize_feature_enabled":true,"jetpack_social_post_already_shared":true,"jetpack_social_options":{"image_generator_settings":{"template":"highway","default_image_id":0,"font":"","enabled":false},"version":2},"jetpack_post_was_ever_published":false},"categories":[79],"tags":[],"class_list":["post-151909","post","type-post","status-publish","format-standard","has-post-thumbnail","hentry","category-columnistas-nacionales","post--single"],"jetpack_publicize_connections":[],"jetpack_featured_media_url":"https:\/\/ovelanalista.com\/wp-content\/uploads\/2024\/04\/WhatsApp-Image-2024-04-01-at-13.45.17.jpeg","jetpack_sharing_enabled":true,"_links":{"self":[{"href":"https:\/\/ovelanalista.com\/index.php?rest_route=\/wp\/v2\/posts\/151909","targetHints":{"allow":["GET"]}}],"collection":[{"href":"https:\/\/ovelanalista.com\/index.php?rest_route=\/wp\/v2\/posts"}],"about":[{"href":"https:\/\/ovelanalista.com\/index.php?rest_route=\/wp\/v2\/types\/post"}],"author":[{"embeddable":true,"href":"https:\/\/ovelanalista.com\/index.php?rest_route=\/wp\/v2\/users\/3"}],"replies":[{"embeddable":true,"href":"https:\/\/ovelanalista.com\/index.php?rest_route=%2Fwp%2Fv2%2Fcomments&post=151909"}],"version-history":[{"count":1,"href":"https:\/\/ovelanalista.com\/index.php?rest_route=\/wp\/v2\/posts\/151909\/revisions"}],"predecessor-version":[{"id":151915,"href":"https:\/\/ovelanalista.com\/index.php?rest_route=\/wp\/v2\/posts\/151909\/revisions\/151915"}],"wp:featuredmedia":[{"embeddable":true,"href":"https:\/\/ovelanalista.com\/index.php?rest_route=\/wp\/v2\/media\/92642"}],"wp:attachment":[{"href":"https:\/\/ovelanalista.com\/index.php?rest_route=%2Fwp%2Fv2%2Fmedia&parent=151909"}],"wp:term":[{"taxonomy":"category","embeddable":true,"href":"https:\/\/ovelanalista.com\/index.php?rest_route=%2Fwp%2Fv2%2Fcategories&post=151909"},{"taxonomy":"post_tag","embeddable":true,"href":"https:\/\/ovelanalista.com\/index.php?rest_route=%2Fwp%2Fv2%2Ftags&post=151909"}],"curies":[{"name":"wp","href":"https:\/\/api.w.org\/{rel}","templated":true}]}}