{"id":151911,"date":"2026-09-01T09:15:02","date_gmt":"2026-09-01T16:15:02","guid":{"rendered":"https:\/\/ovelanalista.com\/?p=151911"},"modified":"2026-09-01T09:15:02","modified_gmt":"2026-09-01T16:15:02","slug":"2do-informe-ya-veremos","status":"publish","type":"post","link":"https:\/\/ovelanalista.com\/?p=151911","title":{"rendered":"2do Informe: ya veremos"},"content":{"rendered":"<p><strong>Estado de los ESTADOS<\/strong><\/p>\n<blockquote><p>\u201cNo hay peor tiran\u00eda que la ejercida a la sombra de las leyes y con apariencias de justicia\u201d: Montesquieu<\/p><\/blockquote>\n<ul>\n<li>2do Informe: ya veremos<\/li>\n<li>CSP arranca precampa\u00f1as 2027<\/li>\n<li>Luz Verde en la C\u00e1mara de Diputados<\/li>\n<\/ul>\n<p>&nbsp;<\/p>\n<p>Ciudad de M\u00e9xico, a 31 de agosto de 2026.- Sin duda, la 4T le ha dado una voltereta completa a la pol\u00edtica mexicana. Se acab\u00f3 el \u201cD\u00eda del Presidente\u201d para pasar de un plumazo, al \u201cMes del Presidente\u201d. Ya no se trata de dar la cara y presentarse ante el pleno del Congreso de la Uni\u00f3n para escuchar primero, los posicionamientos de los partidos pol\u00edticos; ya tampoco se arma una ceremonia para recibir el texto del Segundo Informe al tiempo de enviar el mensaje pol\u00edtico en otro lugar en donde se garantiza la entrada de un par de miles de asistente.<\/p>\n<p>En el presente un enviado, que todav\u00eda es el titular de Gobernaci\u00f3n, entrega los vol\u00famenes del informe por la tarde, casi noche y contrario a la agenda del pasado, los legisladores se enterar\u00e1n primero del mensaje pol\u00edtico presidencial en uno de los patios de Palacio Nacional. A los opositores ni los ven, ni los oyen.<\/p>\n<p>Anta\u00f1o un par de d\u00edas antes del informe presidencial los medios de comunicaci\u00f3n peleaban por tener primicias del texto al que se le dar\u00eda lectura.<\/p>\n<p>Actualmente hay un rotundo silencio en torno al contenido de la informaci\u00f3n que la presidentA debe rendir tal y como est\u00e1 mandatado. No es dif\u00edcil adelantar que la exposici\u00f3n de la titular del Ejecutivo federal ser\u00e1 un mensaje pol\u00edtico lanzado para la feligres\u00eda morenista, lo cual tendr\u00e1 un sin n\u00famero de renglones para provocar el aplauso, aunque, el fondo permanezca hueco.<\/p>\n<p>Presentar en cada una de las 32 entidades del pa\u00eds una parte del Informe no es sino llevar a cabo, rompiendo todas las reglas y leyes, una abierta campa\u00f1a en favor de quienes aspiran a ser gobernadores de las 17 entidades en donde se llevar\u00e1n a cabo cambios en el mandato local. Sabemos la moneda tiene dos caras y existe la f\u00f3rmula para ver el vaso medio lleno o medio vac\u00edo y, en estas giras presidenciales, igual puede observarse la gran debilidad que sufre Morena como el deseo de ver fortalecimiento sostenido en la imagen de una sola persona: Andr\u00e9s Manuel L\u00f3pez Obrador.<\/p>\n<p><img loading=\"lazy\" decoding=\"async\" class=\"wp-image-151918 aligncenter\" src=\"https:\/\/ovelanalista.com\/wp-content\/uploads\/2026\/09\/Captura-de-pantalla-2026-09-01-a-las-9.11.01-a.m-300x200.png\" alt=\"\" width=\"722\" height=\"481\" srcset=\"https:\/\/ovelanalista.com\/wp-content\/uploads\/2026\/09\/Captura-de-pantalla-2026-09-01-a-las-9.11.01-a.m-300x200.png 300w, https:\/\/ovelanalista.com\/wp-content\/uploads\/2026\/09\/Captura-de-pantalla-2026-09-01-a-las-9.11.01-a.m-1024x682.png 1024w, https:\/\/ovelanalista.com\/wp-content\/uploads\/2026\/09\/Captura-de-pantalla-2026-09-01-a-las-9.11.01-a.m-768x511.png 768w, https:\/\/ovelanalista.com\/wp-content\/uploads\/2026\/09\/Captura-de-pantalla-2026-09-01-a-las-9.11.01-a.m-400x266.png 400w, https:\/\/ovelanalista.com\/wp-content\/uploads\/2026\/09\/Captura-de-pantalla-2026-09-01-a-las-9.11.01-a.m-750x499.png 750w, https:\/\/ovelanalista.com\/wp-content\/uploads\/2026\/09\/Captura-de-pantalla-2026-09-01-a-las-9.11.01-a.m-1140x759.png 1140w, https:\/\/ovelanalista.com\/wp-content\/uploads\/2026\/09\/Captura-de-pantalla-2026-09-01-a-las-9.11.01-a.m.png 1178w\" sizes=\"auto, (max-width: 722px) 100vw, 722px\" \/><\/p>\n<p>Se tendr\u00e1 tiempo suficiente para deshilar el tejido de esta forma de hacer pol\u00edtica con la cual no se deja satisfecha a la mayor\u00eda. Una visi\u00f3n clara se tiene en la encuesta publicada por Pol\u00edtico MX en donde despu\u00e9s de 32 a\u00f1os no hay quien logre superar los porcentajes de respaldos hacia Carlos Salinas de Gortari. El expresidente en su segundo a\u00f1o de gobierno contaba con el 76% de aprobaci\u00f3n; le sigue do\u00f1a Claudia con 8 puntos abajo; L\u00f3pez Obrador contaba con el 66%\u00a0\u00a0 y le sigue, de acuerdo a esta medici\u00f3n, Felipe Calder\u00f3n con el 60% de apoyo; los que no alcanzaron a pasar ni de \u201cpanzazo\u201d fueron Vicente Fox con el 54% y Ernesto Zedillo con el 50%; a EPN el \u201cguapo\u201d de los Pinos la galanura, pasado solamente dos a\u00f1os de gobierno, lo derrumbo hasta el 46%.<\/p>\n<p>As\u00ed las cosas, este primero de septiembre no pasar\u00e1 a la historia en vano.<\/p>\n<p><strong>DE LOS PASILLOS<\/strong><\/p>\n<p>Ra\u00fal Bola\u00f1os Cacho, integrante del partido Verde, ocupa a partir de hoy la presidencia de la Mesa Directiva de la C\u00e1mara de Diputados, lo cual es normal dado que el partido Verde Ecologista tiene ese beneficio al ser la tercera fuerza pol\u00edtica nacional. Ha sido un grave error el publicitar que este legislador ser\u00eda quien ocupar\u00eda la silla presidencial en caso de una inesperada solicitud de licencia de la presidentA Claudia Sheinbaum\u2026 En el Senado el nombramiento recay\u00f3 en Higinio Mart\u00ednez Miranda quien as\u00ed prepara su candidatura al gobierno del Estado de M\u00e9xico\u2026 El atractivo del 31 de agosto no consisti\u00f3 en preparar la asistencia al informe presidencial sino esperar la llegada del sinaloense Enrique Inzunza\u2026<\/p>\n<p><img loading=\"lazy\" decoding=\"async\" class=\"wp-image-151920 aligncenter\" src=\"https:\/\/ovelanalista.com\/wp-content\/uploads\/2026\/09\/Captura-de-pantalla-2026-09-01-a-las-9.12.08-a.m-300x200.png\" alt=\"\" width=\"800\" height=\"533\" srcset=\"https:\/\/ovelanalista.com\/wp-content\/uploads\/2026\/09\/Captura-de-pantalla-2026-09-01-a-las-9.12.08-a.m-300x200.png 300w, https:\/\/ovelanalista.com\/wp-content\/uploads\/2026\/09\/Captura-de-pantalla-2026-09-01-a-las-9.12.08-a.m-1024x683.png 1024w, https:\/\/ovelanalista.com\/wp-content\/uploads\/2026\/09\/Captura-de-pantalla-2026-09-01-a-las-9.12.08-a.m-768x512.png 768w, https:\/\/ovelanalista.com\/wp-content\/uploads\/2026\/09\/Captura-de-pantalla-2026-09-01-a-las-9.12.08-a.m-400x267.png 400w, https:\/\/ovelanalista.com\/wp-content\/uploads\/2026\/09\/Captura-de-pantalla-2026-09-01-a-las-9.12.08-a.m-750x500.png 750w, https:\/\/ovelanalista.com\/wp-content\/uploads\/2026\/09\/Captura-de-pantalla-2026-09-01-a-las-9.12.08-a.m-1140x760.png 1140w, https:\/\/ovelanalista.com\/wp-content\/uploads\/2026\/09\/Captura-de-pantalla-2026-09-01-a-las-9.12.08-a.m.png 1188w\" sizes=\"auto, (max-width: 800px) 100vw, 800px\" \/><\/p>\n<p>Ra\u00fal Bola\u00f1os Cacho<\/p>\n<p>Las apariciones de miembros del gabinete federal en las plenarias de Morena llevadas a cabo en las c\u00e1maras de Diputados y Senadores siguen levantando \u00e1mpula al igual que el nombramiento de los nuevos presidentes.\u00a0 Ebrard con la afirmaci\u00f3n \u201cno est\u00e1 cerrado el T-MEC\u201d; Rosa Icela y el angustioso grito demandando unidad; \u00c9dgar Amador Zamora revelando son 15 millones los sacados de la pobreza y no 60 millones como presumen desde el templete; Luisa Mar\u00eda amenazando con m\u00e1s iniciativas de modificaci\u00f3n constitucional las cuales se sumar\u00edan a las 94 realizadas\u2026 \u00bfPara qui\u00e9n est\u00e1n dedicados los cambios a los art\u00edculos 94 y 97 constitucionales?\u00a0 Los alegatos sobre la doble nacionalidad continuar\u00e1n hasta terminar como la Ley de las Audiencias: satisfaciendo caprichos\u2026 Bombazos, cr\u00edmenes, secuestros y extorsiones siguen presentes en todo el territorio nacional. M\u00e1s de 134 mil desaparecidos, lo dicen casi todo.<\/p>\n<p><strong>Lilia Arellano<\/strong><\/p>\n","protected":false},"excerpt":{"rendered":"<p>Estado de los ESTADOS \u201cNo hay peor tiran\u00eda que la ejercida a la sombra de las leyes y con apariencias de justicia\u201d: Montesquieu 2do Informe: ya veremos CSP arranca precampa\u00f1as 2027 Luz Verde en la C\u00e1mara de Diputados &nbsp; Ciudad de M\u00e9xico, a 31 de agosto de 2026.- Sin duda, la 4T le ha dado una voltereta completa a la pol\u00edtica mexicana. Se acab\u00f3 el \u201cD\u00eda del Presidente\u201d para pasar de un plumazo, al \u201cMes del Presidente\u201d. Ya no se trata de dar la cara y presentarse ante el pleno del Congreso de la Uni\u00f3n para escuchar primero, los posicionamientos [&hellip;]<\/p>\n","protected":false},"author":3,"featured_media":98552,"comment_status":"open","ping_status":"open","sticky":false,"template":"","format":"standard","meta":{"_jetpack_newsletter_access":"","_jetpack_dont_email_post_to_subs":false,"_jetpack_newsletter_tier_id":0,"_jetpack_memberships_contains_paywalled_content":false,"_jetpack_feature_clip_id":0,"_jetpack_memberships_contains_paid_content":false,"footnotes":"","jetpack_publicize_message":"","jetpack_publicize_feature_enabled":true,"jetpack_social_post_already_shared":true,"jetpack_social_options":{"image_generator_settings":{"template":"highway","default_image_id":0,"font":"","enabled":false},"version":2},"jetpack_post_was_ever_published":false},"categories":[79],"tags":[],"class_list":["post-151911","post","type-post","status-publish","format-standard","has-post-thumbnail","hentry","category-columnistas-nacionales","post--single"],"jetpack_publicize_connections":[],"jetpack_featured_media_url":"https:\/\/ovelanalista.com\/wp-content\/uploads\/2024\/07\/2-lilia_arellano.jpg","jetpack_sharing_enabled":true,"_links":{"self":[{"href":"https:\/\/ovelanalista.com\/index.php?rest_route=\/wp\/v2\/posts\/151911","targetHints":{"allow":["GET"]}}],"collection":[{"href":"https:\/\/ovelanalista.com\/index.php?rest_route=\/wp\/v2\/posts"}],"about":[{"href":"https:\/\/ovelanalista.com\/index.php?rest_route=\/wp\/v2\/types\/post"}],"author":[{"embeddable":true,"href":"https:\/\/ovelanalista.com\/index.php?rest_route=\/wp\/v2\/users\/3"}],"replies":[{"embeddable":true,"href":"https:\/\/ovelanalista.com\/index.php?rest_route=%2Fwp%2Fv2%2Fcomments&post=151911"}],"version-history":[{"count":1,"href":"https:\/\/ovelanalista.com\/index.php?rest_route=\/wp\/v2\/posts\/151911\/revisions"}],"predecessor-version":[{"id":151923,"href":"https:\/\/ovelanalista.com\/index.php?rest_route=\/wp\/v2\/posts\/151911\/revisions\/151923"}],"wp:featuredmedia":[{"embeddable":true,"href":"https:\/\/ovelanalista.com\/index.php?rest_route=\/wp\/v2\/media\/98552"}],"wp:attachment":[{"href":"https:\/\/ovelanalista.com\/index.php?rest_route=%2Fwp%2Fv2%2Fmedia&parent=151911"}],"wp:term":[{"taxonomy":"category","embeddable":true,"href":"https:\/\/ovelanalista.com\/index.php?rest_route=%2Fwp%2Fv2%2Fcategories&post=151911"},{"taxonomy":"post_tag","embeddable":true,"href":"https:\/\/ovelanalista.com\/index.php?rest_route=%2Fwp%2Fv2%2Ftags&post=151911"}],"curies":[{"name":"wp","href":"https:\/\/api.w.org\/{rel}","templated":true}]}}