{"id":151913,"date":"2026-09-01T09:16:44","date_gmt":"2026-09-01T16:16:44","guid":{"rendered":"https:\/\/ovelanalista.com\/?p=151913"},"modified":"2026-09-01T09:16:44","modified_gmt":"2026-09-01T16:16:44","slug":"el-pacto-que-se-cumple-jaqueline-la-heredera-de-martincito","status":"publish","type":"post","link":"https:\/\/ovelanalista.com\/?p=151913","title":{"rendered":"El pacto que se cumple: Jaqueline, la heredera de \u201cmartincito\u201d"},"content":{"rendered":"<p><strong>DE PRIMERA MANO<\/strong><\/p>\n<p>Por <strong>Omar Z\u00fa\u00f1iga<\/strong><\/p>\n<p>&nbsp;<\/p>\n<p>De diversas fuentes nos llega la misma informaci\u00f3n, y coincide en lo esencial:\u00a0<strong>Mart\u00edn Aguilar S\u00e1nchez, martincito el espurio<\/strong>, dejar\u00eda la Rector\u00eda de la Universidad Veracruzana poco despu\u00e9s de rendir su informe \u00bfde trabajo?, que para efectos ser\u00eda el \u201cInforme Espurio\u201d.<\/p>\n<p>El dato, cierra de golpe el cap\u00edtulo de la pr\u00f3rroga que tanto le cost\u00f3 a la comunidad universitaria \u2014amparos, protestas, renuncias en cascada dentro de la propia Junta de Gobierno\u2014 y abre, apenas unos meses despu\u00e9s de haberla conseguido, el de la sucesi\u00f3n.<\/p>\n<p>Porque no se trata de una salida cualquiera, se nos hace saber que la Junta de Gobierno ya analiza, puertas adentro, las opciones para relevarlo, y que el nombre que concentra el consenso es el de\u00a0<strong>Jaqueline del Carmen Jongitud Zamora<\/strong>, quien de hecho ya estar\u00eda invitando a algunos perfiles a sumarse a su futuro equipo de trabajo.<\/p>\n<p>Es decir, se mueve como quien ya tiene la Rector\u00eda resuelta, no como quien todav\u00eda la disputa.<\/p>\n<p>Con esto se confirma una de las hip\u00f3tesis que manejamos en este espacio meses atr\u00e1s: que el pacto entre\u00a0<strong>martincito el espurio<\/strong>\u00a0y\u00a0<strong>Jaqueline Jongitud<\/strong>\u00a0consist\u00eda en que \u00e9l permanecer\u00eda s\u00f3lo un a\u00f1o al frente de la Rector\u00eda que \u00e9l toma \u00fanica y exclusivamente para tener jubilarse y tener una pensi\u00f3n para seguir sangrando al erario p\u00fablico y mantener el tren de vida de reyezuelo al que se acostumbr\u00f3 y por supuesto se confirma tambi\u00e9n que la realidad acad\u00e9mica de la UV le importa un carajo.<\/p>\n<p>Despu\u00e9s renunciar\u00eda y le abre la puerta a Jaqui, como pago al respaldo que Jongitud le brind\u00f3 en todo el proceso de la pr\u00f3rroga.<\/p>\n<p>Si la salida efectivamente ocurre tras el informe, el calendario del pacto se cumple casi al d\u00eda.<\/p>\n<p>&nbsp;<\/p>\n<p>***<\/p>\n<p>Y ella s\u00ed tiene el respaldo de la Junta de Gobierno, que vendr\u00eda v\u00eda su esposo,\u00a0<strong>Jos\u00e9 Antonio Seade Kuri<\/strong>, presidente de la Academia de Ciencias y hermano de\u00a0<strong>Jes\u00fas Seade Kuri<\/strong>, hoy embajador de M\u00e9xico en China y, en tiempos de la administraci\u00f3n de L\u00f3pez Obrador el\u00a0<strong><em>Ner\u00f3n de Macuspana<\/em><\/strong>, negociador en jefe del entonces renovado tratado comercial con Estados Unidos y Canad\u00e1.<\/p>\n<p>Vale recordar que Jos\u00e9 Antonio Seade Kuri fue integrante de aquella Junta de Gobierno que en 2021 design\u00f3 a\u00a0<strong><em>martincito el espurio<\/em><\/strong>\u00a0como rector, y que seg\u00fan lo que trasciende, se apart\u00f3 despu\u00e9s de ese \u00f3rgano colegiado alegando conflicto de inter\u00e9s.<\/p>\n<p>Del lado de\u00a0<strong>Jaqueline Jongitud<\/strong>, el movimiento tambi\u00e9n qued\u00f3 documentado en su momento, renunci\u00f3 como secretaria de Desarrollo Institucional de la UV a finales de febrero de este a\u00f1o, oficialmente por \u201ccausas desconocidas\u201d, apenas conocido el desechamiento de los amparos que buscaban tumbar a\u00a0<strong>martincito el espurio<\/strong>.<\/p>\n<p>En su momento le\u00edmos esa renuncia como un intento de marcar distancia del desgaste que ya arrastraba la gesti\u00f3n del espurio y hoy, con la sucesi\u00f3n movi\u00e9ndose a su favor, esa lectura gana sentido, quien se retira a tiempo del escenario m\u00e1s golpeado es quien mejor puede regresar a reclamar la herencia.<\/p>\n<p>&nbsp;<\/p>\n<p>***<\/p>\n<p>Habr\u00e1 que ver si la comunidad universitaria \u2014la que se moviliz\u00f3 contra la pr\u00f3rroga, la que interpuso amparos, la que vio renunciar a media Junta de Gobierno por el mismo motivo\u2014 acepta sin m\u00e1s este segundo acto: el de una sucesi\u00f3n que, de confirmarse, no habr\u00eda nacido de un proceso abierto, sino de un acuerdo cerrado meses antes entre quien se iba y quien ya armaba su equipo para sucederlo.<\/p>\n<p>\u00a1Qu\u00e9 barbaridad!<\/p>\n<p>deprimera.mano2020@gmail.com<\/p>\n","protected":false},"excerpt":{"rendered":"<p>DE PRIMERA MANO Por Omar Z\u00fa\u00f1iga &nbsp; De diversas fuentes nos llega la misma informaci\u00f3n, y coincide en lo esencial:\u00a0Mart\u00edn Aguilar S\u00e1nchez, martincito el espurio, dejar\u00eda la Rector\u00eda de la Universidad Veracruzana poco despu\u00e9s de rendir su informe \u00bfde trabajo?, que para efectos ser\u00eda el \u201cInforme Espurio\u201d. El dato, cierra de golpe el cap\u00edtulo de la pr\u00f3rroga que tanto le cost\u00f3 a la comunidad universitaria \u2014amparos, protestas, renuncias en cascada dentro de la propia Junta de Gobierno\u2014 y abre, apenas unos meses despu\u00e9s de haberla conseguido, el de la sucesi\u00f3n. Porque no se trata de una salida cualquiera, se nos [&hellip;]<\/p>\n","protected":false},"author":3,"featured_media":128333,"comment_status":"open","ping_status":"open","sticky":false,"template":"","format":"standard","meta":{"_jetpack_newsletter_access":"","_jetpack_dont_email_post_to_subs":false,"_jetpack_newsletter_tier_id":0,"_jetpack_memberships_contains_paywalled_content":false,"_jetpack_feature_clip_id":0,"_jetpack_memberships_contains_paid_content":false,"footnotes":"","jetpack_publicize_message":"","jetpack_publicize_feature_enabled":true,"jetpack_social_post_already_shared":true,"jetpack_social_options":{"image_generator_settings":{"template":"highway","default_image_id":0,"font":"","enabled":false},"version":2},"jetpack_post_was_ever_published":false},"categories":[79],"tags":[],"class_list":["post-151913","post","type-post","status-publish","format-standard","has-post-thumbnail","hentry","category-columnistas-nacionales","post--single"],"jetpack_publicize_connections":[],"jetpack_featured_media_url":"https:\/\/ovelanalista.com\/wp-content\/uploads\/2025\/08\/omar_zuniga.jpg","jetpack_sharing_enabled":true,"_links":{"self":[{"href":"https:\/\/ovelanalista.com\/index.php?rest_route=\/wp\/v2\/posts\/151913","targetHints":{"allow":["GET"]}}],"collection":[{"href":"https:\/\/ovelanalista.com\/index.php?rest_route=\/wp\/v2\/posts"}],"about":[{"href":"https:\/\/ovelanalista.com\/index.php?rest_route=\/wp\/v2\/types\/post"}],"author":[{"embeddable":true,"href":"https:\/\/ovelanalista.com\/index.php?rest_route=\/wp\/v2\/users\/3"}],"replies":[{"embeddable":true,"href":"https:\/\/ovelanalista.com\/index.php?rest_route=%2Fwp%2Fv2%2Fcomments&post=151913"}],"version-history":[{"count":1,"href":"https:\/\/ovelanalista.com\/index.php?rest_route=\/wp\/v2\/posts\/151913\/revisions"}],"predecessor-version":[{"id":151925,"href":"https:\/\/ovelanalista.com\/index.php?rest_route=\/wp\/v2\/posts\/151913\/revisions\/151925"}],"wp:featuredmedia":[{"embeddable":true,"href":"https:\/\/ovelanalista.com\/index.php?rest_route=\/wp\/v2\/media\/128333"}],"wp:attachment":[{"href":"https:\/\/ovelanalista.com\/index.php?rest_route=%2Fwp%2Fv2%2Fmedia&parent=151913"}],"wp:term":[{"taxonomy":"category","embeddable":true,"href":"https:\/\/ovelanalista.com\/index.php?rest_route=%2Fwp%2Fv2%2Fcategories&post=151913"},{"taxonomy":"post_tag","embeddable":true,"href":"https:\/\/ovelanalista.com\/index.php?rest_route=%2Fwp%2Fv2%2Ftags&post=151913"}],"curies":[{"name":"wp","href":"https:\/\/api.w.org\/{rel}","templated":true}]}}