{"id":151916,"date":"2026-09-01T09:18:04","date_gmt":"2026-09-01T16:18:04","guid":{"rendered":"https:\/\/ovelanalista.com\/?p=151916"},"modified":"2026-09-01T09:18:04","modified_gmt":"2026-09-01T16:18:04","slug":"yo-campesino-numeros-a-la-4t","status":"publish","type":"post","link":"https:\/\/ovelanalista.com\/?p=151916","title":{"rendered":"Yo Campesino \/ N\u00fameros a la 4T"},"content":{"rendered":"<div class=\"td_block_wrap tdb_single_content tdi_62 td-pb-border-top td_block_template_1 td-post-content tagdiv-type\" data-td-block-uid=\"tdi_62\">\n<div class=\"tdb-block-inner td-fix-index\">\n<ul>\n<li><em>\u00bfSolidez fiscal con deuda del 52.3 % del PIB, ca\u00edda en ISR e inversi\u00f3n?<\/em><\/li>\n<\/ul>\n<p><strong>Miguel A. Rocha Valencia<\/strong><\/p>\n<p>&nbsp;<\/p>\n<p>Otra vez el coahuilense Edgar Abraham Amador Zamora aplic\u00f3 la \u201ccuatrotera\u201d y nos coloc\u00f3 n\u00fameros incre\u00edbles en cuanto a la consolidaci\u00f3n fiscal con ca\u00edda del d\u00e9ficit p\u00fablico, super\u00e1vit primario y un aumento en la inversi\u00f3n oficial que no se ve, pero que par el titular de Hacienda, se va a lograr. Ojal\u00e1.<\/p>\n<p>El tema es que de entrada para alcanzar ese super\u00e1vit primario aunque sea del 0.5 por ciento, la recaudaci\u00f3n tendr\u00eda que ser superior a lo que gasta el gobierno, pero no se va a dar y por el contrario, el d\u00e9ficit se va a mantener en alrededor del cinco por ciento y por ello, al cerrar el a\u00f1o, la deuda p\u00fablica va a estar por el 52.3 por ciento del PIB.<\/p>\n<p>La muestra est\u00e1 en los datos de la propia secretar\u00eda de Hacienda donde por un lado se tiene un aumento en los ingresos por IVA, pero por el otro bajan los del Impuesto Sobre la Renta, ese que pagamos trabajadores y empresas registrados, entre otros, el cual disminuy\u00f3 en poco m\u00e1s de 118 mil millones de pesos.<\/p>\n<p>Si como dice Amador se trata de fortalecer la recaudaci\u00f3n, deber\u00edamos iniciar por combatir la informalidad que hoy alcanza al 56 por ciento de las empresas y los trabajadores, quienes no cotizan ISR ni aportan prestaciones sociales ni cuotas al IMSS o Infonavit.<\/p>\n<p>La intenci\u00f3n es alcanzar una recaudaci\u00f3n hist\u00f3rica a trav\u00e9s del Servicio de Administraci\u00f3n Tributaria (SAT) el cual dicen, ha reportado un ritmo constante de ingresos tributarios. Esto se atribuye al plan de fiscalizaci\u00f3n sobre grandes contribuyentes y el combate a las facturas falsas. Pero si se habla de \u201cestabilizar\u201d la deuda en 52.3 por ciento del PIB, entonces hablamos de que si se alcanzara el d\u00e9ficit primario., con el puro pago de los intereses caemos otra vez en d\u00e9ficit.<\/p>\n<p>Luego nos dicen que durante julio la inversi\u00f3n f\u00edsica del sector p\u00fablico repunt\u00f3 en 69.3 por ciento para llegar a los 70 mil 755 millones de pesos, impulsado por proyectos en hidrocarburos de los cuales 16 mil 581 son del mes de referencia.<\/p>\n<p>Total que durante el primer trimestre de 2026, la inversi\u00f3n total en M\u00e9xico se ubic\u00f3 en 21.2% del Producto Interno Bruto, lo cual representa su nivel m\u00e1s bajo desde el segundo trimestre de 2021. Ese hecho aleja al pa\u00eds de la meta oficial establecida en el Plan M\u00e9xico, la cual proyectaba alcanzar el 25% del PIB para este a\u00f1o, ya que adem\u00e1s, la formaci\u00f3n bruta de capital fijo disminuy\u00f3 tres por ciento en comparaci\u00f3n con el primer trimestre de 2025.<\/p>\n<p>Todo ello trae como consecuencia seg\u00fan analistas, que la p\u00e9rdida de dinamismo en la inversi\u00f3n productiva restringe de forma directa el potencial de crecimiento a largo plazo y limita la capacidad del mercado laboral para absorber a la poblaci\u00f3n trabajadora dentro de puestos formales. Por IVA entraron 1.04 billones y por IEPS poco m\u00e1s de 400 mil millones.<\/p>\n<p>El hecho es que la recaudaci\u00f3n del gobierno federal se mantuvo abajo de lo previsto para este 2026 y en gran medida se debe a una reducci\u00f3n de 118 mil 576 millones de pesos en los ingresos por ISR el gravamen asociado a las ganancias de las empresas y al empleo formal. Por ello, el SAT adelant\u00f3 que, la recaudaci\u00f3n v\u00eda impuestos sum\u00f3 tres billones 407 mil 331 millones de pesos frente a un presupuesto de 10 billones 193 mil millones de pesos.<\/p>\n<p>Esos son los n\u00fameros, como todo, tienen dos caras dependiendo de quien los vea o los exprese, pero el hecho es que el gobierno est\u00e1 urgido de dinero sobre todo porque la etapa de las becas y pensiones que se han ido agregando, van en aumento lo mismo que el pago del servicio de una deuda que sigue creciendo disfrazada de bonos y fondos especialmente para estimular el sector energ\u00eda.<\/p>\n<p>Pero eso de alcanzar la consolidaci\u00f3n fiscal est\u00e1 en chino, al menos no mientras no haya m\u00e1s inversi\u00f3n, se regularice la informalidad empresarial y laboral que la verdad le causan un boquete a las finanzas p\u00fablicas. Eso creemos. Los datos son de Hacienda y los comentarios de quien teclea.<\/p>\n<\/div>\n<\/div>\n","protected":false},"excerpt":{"rendered":"<p>\u00bfSolidez fiscal con deuda del 52.3 % del PIB, ca\u00edda en ISR e inversi\u00f3n? Miguel A. Rocha Valencia &nbsp; Otra vez el coahuilense Edgar Abraham Amador Zamora aplic\u00f3 la \u201ccuatrotera\u201d y nos coloc\u00f3 n\u00fameros incre\u00edbles en cuanto a la consolidaci\u00f3n fiscal con ca\u00edda del d\u00e9ficit p\u00fablico, super\u00e1vit primario y un aumento en la inversi\u00f3n oficial que no se ve, pero que par el titular de Hacienda, se va a lograr. Ojal\u00e1. El tema es que de entrada para alcanzar ese super\u00e1vit primario aunque sea del 0.5 por ciento, la recaudaci\u00f3n tendr\u00eda que ser superior a lo que gasta el gobierno, [&hellip;]<\/p>\n","protected":false},"author":3,"featured_media":92034,"comment_status":"open","ping_status":"open","sticky":false,"template":"","format":"standard","meta":{"_jetpack_newsletter_access":"","_jetpack_dont_email_post_to_subs":false,"_jetpack_newsletter_tier_id":0,"_jetpack_memberships_contains_paywalled_content":false,"_jetpack_feature_clip_id":0,"_jetpack_memberships_contains_paid_content":false,"footnotes":"","jetpack_publicize_message":"","jetpack_publicize_feature_enabled":true,"jetpack_social_post_already_shared":true,"jetpack_social_options":{"image_generator_settings":{"template":"highway","default_image_id":0,"font":"","enabled":false},"version":2},"jetpack_post_was_ever_published":false},"categories":[79],"tags":[],"class_list":["post-151916","post","type-post","status-publish","format-standard","has-post-thumbnail","hentry","category-columnistas-nacionales","post--single"],"jetpack_publicize_connections":[],"jetpack_featured_media_url":"https:\/\/ovelanalista.com\/wp-content\/uploads\/2024\/03\/Miguel-A.-Rocha-Valencia.jpeg","jetpack_sharing_enabled":true,"_links":{"self":[{"href":"https:\/\/ovelanalista.com\/index.php?rest_route=\/wp\/v2\/posts\/151916","targetHints":{"allow":["GET"]}}],"collection":[{"href":"https:\/\/ovelanalista.com\/index.php?rest_route=\/wp\/v2\/posts"}],"about":[{"href":"https:\/\/ovelanalista.com\/index.php?rest_route=\/wp\/v2\/types\/post"}],"author":[{"embeddable":true,"href":"https:\/\/ovelanalista.com\/index.php?rest_route=\/wp\/v2\/users\/3"}],"replies":[{"embeddable":true,"href":"https:\/\/ovelanalista.com\/index.php?rest_route=%2Fwp%2Fv2%2Fcomments&post=151916"}],"version-history":[{"count":1,"href":"https:\/\/ovelanalista.com\/index.php?rest_route=\/wp\/v2\/posts\/151916\/revisions"}],"predecessor-version":[{"id":151928,"href":"https:\/\/ovelanalista.com\/index.php?rest_route=\/wp\/v2\/posts\/151916\/revisions\/151928"}],"wp:featuredmedia":[{"embeddable":true,"href":"https:\/\/ovelanalista.com\/index.php?rest_route=\/wp\/v2\/media\/92034"}],"wp:attachment":[{"href":"https:\/\/ovelanalista.com\/index.php?rest_route=%2Fwp%2Fv2%2Fmedia&parent=151916"}],"wp:term":[{"taxonomy":"category","embeddable":true,"href":"https:\/\/ovelanalista.com\/index.php?rest_route=%2Fwp%2Fv2%2Fcategories&post=151916"},{"taxonomy":"post_tag","embeddable":true,"href":"https:\/\/ovelanalista.com\/index.php?rest_route=%2Fwp%2Fv2%2Ftags&post=151916"}],"curies":[{"name":"wp","href":"https:\/\/api.w.org\/{rel}","templated":true}]}}