{"id":151922,"date":"2026-09-01T09:17:28","date_gmt":"2026-09-01T16:17:28","guid":{"rendered":"https:\/\/ovelanalista.com\/?p=151922"},"modified":"2026-09-01T09:17:28","modified_gmt":"2026-09-01T16:17:28","slug":"la-costumbre-del-poder-marcelo-ebrard-se-ira-en-2030","status":"publish","type":"post","link":"https:\/\/ovelanalista.com\/?p=151922","title":{"rendered":"La Costumbre del Poder: Marcelo Ebrard se ir\u00e1 en 2030"},"content":{"rendered":"<p><strong>* Desde la actual encomienda de Marcelo Ebrard, no creo que el secretario de Econom\u00eda consolide su tr\u00e1nsito a una nueva y presidencial tarea, porque el TLC que conocimos no repetir\u00e1, porque M\u00e9xico dej\u00f3 de ser pieza necesaria para Estados Unidos y tambi\u00e9n por la inquina de Trump a la 4T<\/strong><\/p>\n<p><strong>Gregorio Ortega Molina<\/strong><\/p>\n<p>&nbsp;<\/p>\n<p>Por mi breve relaci\u00f3n profesional con \u00e9l, supongo que el secretario de Econom\u00eda es h\u00e1bil en el uso de las dos caras. Trat\u00e9 a Marcelo Ebrard a solicitud de quien fung\u00eda como encargado de las relaciones p\u00fablicas de TV Azteca durante el a\u00f1o 2000. Algunas ocasiones en mi oficina, otras durante desayunos, siempre en lugares cercanos a la oficina del director de informaci\u00f3n de noticieros de la televisora.<\/p>\n<p>Me aclar\u00f3 puntos de confusi\u00f3n a su paso por el gobierno del Distrito Federal, en el que acompa\u00f1\u00f3 a Manuel Camacho Sol\u00eds. Curiosamente se centr\u00f3 en el funcionamiento de la seguridad p\u00fablica de la ciudad de M\u00e9xico, y durante mis prolongados silencios -en las reuniones \u00e9l habl\u00f3 y yo escuch\u00e9- no dej\u00f3 de criticar severamente la manera de proceder de Andr\u00e9s Manuel L\u00f3pez Obrador como jefe de gobierno de esta enorme ciudad.<\/p>\n<p>Obvio, se centr\u00f3 en los temas de seguridad. La cr\u00edtica sobre Leonel Godoy, el primer secretario de Seguridad P\u00fablica de AMLO, aguant\u00f3 hasta febrero de 2002, y fue sustituido por el se\u00f1or Ebrard, quien su puso a las \u00f3rdenes y a los pies del jefe de gobierno, de quien me dijo lindezas e incluso de lo inaguantable que pod\u00eda ser. Lo busqu\u00e9 para felicitarlo por su nombramiento, y ya nunca respondi\u00f3 mi llamada. Ten\u00eda fresco lo que me hab\u00eda asegurado acerca de su jefe desde ese momento y despu\u00e9s, cuando lleg\u00f3 Ebrard a la mini silla del \u00e1guila del gobierno de la ciudad de M\u00e9xico.<\/p>\n<p>Desde ese lugar tendi\u00f3 la L\u00ednea 12 del metro y obtuvo los ahorros suficientes para contribuir con AMLO en sus campa\u00f1as, y tambi\u00e9n desde las oficinas ubicadas en el Z\u00f3calo anud\u00f3 su relaci\u00f3n con los directivos de Black Rock, quienes supuestamente se activaron para la cancelaci\u00f3n del AICM y sustituirlo por el AIFA.<\/p>\n<p>Los otros ingresos, los que no se agotan, se amarraron cuando, sobre la marcha, el ya presidente constitucional de M\u00e9xico \u201ctacle\u00f3\u201d a Mar\u00eda Consuelo Loera P\u00e9rez en un camino a las afueras de Badiraguato, Sinaloa, cuna del c\u00e1rtel fundado por Joaqu\u00edn Guzm\u00e1n Loera, El Chapo.<\/p>\n<p>Desde la actual encomienda de Marcelo Ebrard, no creo que el secretario de Econom\u00eda consolide su tr\u00e1nsito a una nueva y presidencial tarea, porque el TLC que conocimos no repetir\u00e1, porque M\u00e9xico dej\u00f3 de ser pieza necesaria para Estados Unidos y tambi\u00e9n por la inquina de Trump a la 4T.<\/p>\n<p>@OrtegaGregorio<\/p>\n","protected":false},"excerpt":{"rendered":"<p>* Desde la actual encomienda de Marcelo Ebrard, no creo que el secretario de Econom\u00eda consolide su tr\u00e1nsito a una nueva y presidencial tarea, porque el TLC que conocimos no repetir\u00e1, porque M\u00e9xico dej\u00f3 de ser pieza necesaria para Estados Unidos y tambi\u00e9n por la inquina de Trump a la 4T Gregorio Ortega Molina &nbsp; Por mi breve relaci\u00f3n profesional con \u00e9l, supongo que el secretario de Econom\u00eda es h\u00e1bil en el uso de las dos caras. Trat\u00e9 a Marcelo Ebrard a solicitud de quien fung\u00eda como encargado de las relaciones p\u00fablicas de TV Azteca durante el a\u00f1o 2000. Algunas [&hellip;]<\/p>\n","protected":false},"author":3,"featured_media":91773,"comment_status":"open","ping_status":"open","sticky":false,"template":"","format":"standard","meta":{"_jetpack_newsletter_access":"","_jetpack_dont_email_post_to_subs":false,"_jetpack_newsletter_tier_id":0,"_jetpack_memberships_contains_paywalled_content":false,"_jetpack_feature_clip_id":0,"_jetpack_memberships_contains_paid_content":false,"footnotes":"","jetpack_publicize_message":"","jetpack_publicize_feature_enabled":true,"jetpack_social_post_already_shared":true,"jetpack_social_options":{"image_generator_settings":{"template":"highway","default_image_id":0,"font":"","enabled":false},"version":2},"jetpack_post_was_ever_published":false},"categories":[79],"tags":[],"class_list":["post-151922","post","type-post","status-publish","format-standard","has-post-thumbnail","hentry","category-columnistas-nacionales","post--single"],"jetpack_publicize_connections":[],"jetpack_featured_media_url":"https:\/\/ovelanalista.com\/wp-content\/uploads\/2024\/03\/Gregorio-Ortega-Molina.jpeg","jetpack_sharing_enabled":true,"_links":{"self":[{"href":"https:\/\/ovelanalista.com\/index.php?rest_route=\/wp\/v2\/posts\/151922","targetHints":{"allow":["GET"]}}],"collection":[{"href":"https:\/\/ovelanalista.com\/index.php?rest_route=\/wp\/v2\/posts"}],"about":[{"href":"https:\/\/ovelanalista.com\/index.php?rest_route=\/wp\/v2\/types\/post"}],"author":[{"embeddable":true,"href":"https:\/\/ovelanalista.com\/index.php?rest_route=\/wp\/v2\/users\/3"}],"replies":[{"embeddable":true,"href":"https:\/\/ovelanalista.com\/index.php?rest_route=%2Fwp%2Fv2%2Fcomments&post=151922"}],"version-history":[{"count":1,"href":"https:\/\/ovelanalista.com\/index.php?rest_route=\/wp\/v2\/posts\/151922\/revisions"}],"predecessor-version":[{"id":151927,"href":"https:\/\/ovelanalista.com\/index.php?rest_route=\/wp\/v2\/posts\/151922\/revisions\/151927"}],"wp:featuredmedia":[{"embeddable":true,"href":"https:\/\/ovelanalista.com\/index.php?rest_route=\/wp\/v2\/media\/91773"}],"wp:attachment":[{"href":"https:\/\/ovelanalista.com\/index.php?rest_route=%2Fwp%2Fv2%2Fmedia&parent=151922"}],"wp:term":[{"taxonomy":"category","embeddable":true,"href":"https:\/\/ovelanalista.com\/index.php?rest_route=%2Fwp%2Fv2%2Fcategories&post=151922"},{"taxonomy":"post_tag","embeddable":true,"href":"https:\/\/ovelanalista.com\/index.php?rest_route=%2Fwp%2Fv2%2Ftags&post=151922"}],"curies":[{"name":"wp","href":"https:\/\/api.w.org\/{rel}","templated":true}]}}