{"id":151932,"date":"2026-09-01T09:30:18","date_gmt":"2026-09-01T16:30:18","guid":{"rendered":"https:\/\/ovelanalista.com\/?p=151932"},"modified":"2026-09-01T09:30:18","modified_gmt":"2026-09-01T16:30:18","slug":"bonilla-y-la-limpieza-de-la-sev","status":"publish","type":"post","link":"https:\/\/ovelanalista.com\/?p=151932","title":{"rendered":"Bonilla y la limpieza de la SEV"},"content":{"rendered":"<p><strong>Astrolabio Pol\u00edtico<\/strong><\/p>\n<p>Por: <strong>Luis Ram\u00edrez Baqueiro<\/strong><\/p>\n<blockquote><p>\u201cCada hombre puede mejorar su vida mejorando su actitud\u201d. \u2013 H\u00e9ctor Tassinari.<\/p><\/blockquote>\n<p>&nbsp;<\/p>\n<p>El arranque del ciclo escolar 2026-2027 representa para Veracruz algo m\u00e1s que el regreso de millones de estudiantes a las aulas. Es tambi\u00e9n la primera gran prueba para Raquel Bonilla Herrera al frente de la Secretar\u00eda de Educaci\u00f3n de Veracruz y, simult\u00e1neamente, la oportunidad de marcar distancia respecto de una gesti\u00f3n anterior caracterizada por conflictos, desencuentros y severos cuestionamientos administrativos.<\/p>\n<p>Este lunes 31 de agosto comenz\u00f3 oficialmente un calendario de 185 d\u00edas para educaci\u00f3n b\u00e1sica. En Veracruz regresaron a las aulas m\u00e1s de dos millones de estudiantes y, hasta las primeras horas de la jornada, el inicio se desarrollaba sin incidentes mayores. La administraci\u00f3n estatal hab\u00eda preparado adem\u00e1s la distribuci\u00f3n de 8 millones 736 mil 769 libros de texto gratuitos para atender a un mill\u00f3n 275 mil 454 alumnos de 18 mil 298 escuelas de educaci\u00f3n b\u00e1sica.<\/p>\n<p>El contraste pol\u00edtico resulta inevitable.<\/p>\n<p>La llegada de Bonilla Herrera ofrece la posibilidad de reconstruir una relaci\u00f3n institucional que durante la gesti\u00f3n de Claudia Tello Espinosa termin\u00f3 desgast\u00e1ndose con distintos sectores del magisterio. Su paso por la SEV estuvo acompa\u00f1ado de confrontaciones y diferencias con liderazgos sindicales, en medio de la percepci\u00f3n de que viejas disputas derivadas de la llamada Reforma Educativa segu\u00edan gravitando sobre las decisiones de la dependencia.<\/p>\n<p>Tello conoci\u00f3 desde las aulas los conflictos generados por aquella reforma y las afectaciones denunciadas por amplios sectores magisteriales.<\/p>\n<p>Sin embargo, una Secretar\u00eda de Educaci\u00f3n no puede convertirse en territorio para ajustar cuentas pendientes, reales o percibidas.<\/p>\n<p>Administrar el sistema educativo m\u00e1s grande del estado exige conciliaci\u00f3n, capacidad pol\u00edtica y, sobre todo, institucionalidad.<\/p>\n<p>Pero el problema m\u00e1s delicado que qued\u00f3 alrededor de aquella gesti\u00f3n tiene otro nombre: Universidad Popular Aut\u00f3noma de Veracruz (UPAV).<\/p>\n<p>La informaci\u00f3n revelada recientemente por el secretario de Finanzas y Planeaci\u00f3n, Miguel Santiago Reyes Hern\u00e1ndez, resulta suficientemente grave para exigir investigaciones hasta sus \u00faltimas consecuencias. De acuerdo con el funcionario, alrededor de 280 millones de pesos relacionados con la UPAV habr\u00edan transitado mediante un esquema que involucraba una asociaci\u00f3n civil, dos empresas inmobiliarias y una agencia de publicidad antes de llegar a profesores y trabajadores.<\/p>\n<p>Seg\u00fan la explicaci\u00f3n oficial, los movimientos incluso aparec\u00edan bajo conceptos distintos a servicios educativos. El Gobierno de Veracruz present\u00f3 denuncias ante la Fiscal\u00eda General de la Rep\u00fablica (FGR) y la Fiscal\u00eda General del Estado (FGE) por posibles operaciones relacionadas con lavado de dinero y delincuencia organizada.<\/p>\n<p>Hay que establecer una diferencia fundamental: las denuncias son contra quien resulte responsable y ser\u00e1 el Ministerio P\u00fablico quien determine nombres, responsabilidades y eventualmente delitos. Convertir sospechas en sentencias ser\u00eda tan irresponsable como pretender minimizar la gravedad del mecanismo denunciado.<\/p>\n<p>&nbsp;<\/p>\n<p><img loading=\"lazy\" decoding=\"async\" class=\"wp-image-151940 aligncenter\" src=\"https:\/\/ovelanalista.com\/wp-content\/uploads\/2026\/09\/Captura-de-pantalla-2026-09-01-a-las-9.27.17-a.m-300x177.png\" alt=\"\" width=\"897\" height=\"529\" srcset=\"https:\/\/ovelanalista.com\/wp-content\/uploads\/2026\/09\/Captura-de-pantalla-2026-09-01-a-las-9.27.17-a.m-300x177.png 300w, https:\/\/ovelanalista.com\/wp-content\/uploads\/2026\/09\/Captura-de-pantalla-2026-09-01-a-las-9.27.17-a.m-1024x603.png 1024w, https:\/\/ovelanalista.com\/wp-content\/uploads\/2026\/09\/Captura-de-pantalla-2026-09-01-a-las-9.27.17-a.m-768x452.png 768w, https:\/\/ovelanalista.com\/wp-content\/uploads\/2026\/09\/Captura-de-pantalla-2026-09-01-a-las-9.27.17-a.m-400x235.png 400w, https:\/\/ovelanalista.com\/wp-content\/uploads\/2026\/09\/Captura-de-pantalla-2026-09-01-a-las-9.27.17-a.m-750x441.png 750w, https:\/\/ovelanalista.com\/wp-content\/uploads\/2026\/09\/Captura-de-pantalla-2026-09-01-a-las-9.27.17-a.m-1140x671.png 1140w, https:\/\/ovelanalista.com\/wp-content\/uploads\/2026\/09\/Captura-de-pantalla-2026-09-01-a-las-9.27.17-a.m.png 1196w\" sizes=\"auto, (max-width: 897px) 100vw, 897px\" \/><\/p>\n<p>Precisamente all\u00ed aparece una diferencia pol\u00edtica que la gobernadora Roc\u00edo Nahle Garc\u00eda parece decidida a establecer: cuando existen indicios de irregularidades, investigar, denunciar y cortar los mecanismos que las hicieron posibles.<\/p>\n<p>Durante d\u00e9cadas, Veracruz conoci\u00f3 historias de corrupci\u00f3n, desv\u00edos y redes construidas alrededor del presupuesto p\u00fablico. PRI y PAN cargan con episodios que alimentaron una cultura pol\u00edtica donde demasiadas veces la impunidad termin\u00f3 siendo parte del paisaje institucional. Por eso, la actual administraci\u00f3n ser\u00e1 medida tambi\u00e9n por su capacidad para demostrar que ning\u00fan funcionario, aliado o personaje cercano est\u00e1 por encima de la ley.<\/p>\n<p>Raquel Bonilla recibe, entonces, mucho m\u00e1s que una Secretar\u00eda.<\/p>\n<p>Recibe la responsabilidad de devolver gobernabilidad al sector educativo, reconciliar a la autoridad con el magisterio y cerrar cualquier espacio para negocios construidos alrededor de la educaci\u00f3n.<\/p>\n<p>El ciclo escolar comienza con normalidad. Que termine igualmente bien depender\u00e1 de algo m\u00e1s dif\u00edcil que abrir las escuelas: poner orden en la SEV y demostrar que la educaci\u00f3n dej\u00f3 de ser territorio de venganzas, intereses y negocios.<\/p>\n<p>Al tiempo.<\/p>\n<p>astrolabiopoliticomx@gmail.com<br \/>\n\u201cX\u201d antes Twitter: @LuisBaqueiro_mx<\/p>\n","protected":false},"excerpt":{"rendered":"<p>Astrolabio Pol\u00edtico Por: Luis Ram\u00edrez Baqueiro \u201cCada hombre puede mejorar su vida mejorando su actitud\u201d. \u2013 H\u00e9ctor Tassinari. &nbsp; El arranque del ciclo escolar 2026-2027 representa para Veracruz algo m\u00e1s que el regreso de millones de estudiantes a las aulas. Es tambi\u00e9n la primera gran prueba para Raquel Bonilla Herrera al frente de la Secretar\u00eda de Educaci\u00f3n de Veracruz y, simult\u00e1neamente, la oportunidad de marcar distancia respecto de una gesti\u00f3n anterior caracterizada por conflictos, desencuentros y severos cuestionamientos administrativos. Este lunes 31 de agosto comenz\u00f3 oficialmente un calendario de 185 d\u00edas para educaci\u00f3n b\u00e1sica. En Veracruz regresaron a las aulas [&hellip;]<\/p>\n","protected":false},"author":3,"featured_media":91564,"comment_status":"open","ping_status":"open","sticky":false,"template":"","format":"standard","meta":{"_jetpack_newsletter_access":"","_jetpack_dont_email_post_to_subs":false,"_jetpack_newsletter_tier_id":0,"_jetpack_memberships_contains_paywalled_content":false,"_jetpack_feature_clip_id":0,"_jetpack_memberships_contains_paid_content":false,"footnotes":"","jetpack_publicize_message":"","jetpack_publicize_feature_enabled":true,"jetpack_social_post_already_shared":true,"jetpack_social_options":{"image_generator_settings":{"template":"highway","default_image_id":0,"font":"","enabled":false},"version":2},"jetpack_post_was_ever_published":false},"categories":[79],"tags":[],"class_list":["post-151932","post","type-post","status-publish","format-standard","has-post-thumbnail","hentry","category-columnistas-nacionales","post--single"],"jetpack_publicize_connections":[],"jetpack_featured_media_url":"https:\/\/ovelanalista.com\/wp-content\/uploads\/2024\/03\/luis_ramirez_baqueiro.jpeg","jetpack_sharing_enabled":true,"_links":{"self":[{"href":"https:\/\/ovelanalista.com\/index.php?rest_route=\/wp\/v2\/posts\/151932","targetHints":{"allow":["GET"]}}],"collection":[{"href":"https:\/\/ovelanalista.com\/index.php?rest_route=\/wp\/v2\/posts"}],"about":[{"href":"https:\/\/ovelanalista.com\/index.php?rest_route=\/wp\/v2\/types\/post"}],"author":[{"embeddable":true,"href":"https:\/\/ovelanalista.com\/index.php?rest_route=\/wp\/v2\/users\/3"}],"replies":[{"embeddable":true,"href":"https:\/\/ovelanalista.com\/index.php?rest_route=%2Fwp%2Fv2%2Fcomments&post=151932"}],"version-history":[{"count":1,"href":"https:\/\/ovelanalista.com\/index.php?rest_route=\/wp\/v2\/posts\/151932\/revisions"}],"predecessor-version":[{"id":151944,"href":"https:\/\/ovelanalista.com\/index.php?rest_route=\/wp\/v2\/posts\/151932\/revisions\/151944"}],"wp:featuredmedia":[{"embeddable":true,"href":"https:\/\/ovelanalista.com\/index.php?rest_route=\/wp\/v2\/media\/91564"}],"wp:attachment":[{"href":"https:\/\/ovelanalista.com\/index.php?rest_route=%2Fwp%2Fv2%2Fmedia&parent=151932"}],"wp:term":[{"taxonomy":"category","embeddable":true,"href":"https:\/\/ovelanalista.com\/index.php?rest_route=%2Fwp%2Fv2%2Fcategories&post=151932"},{"taxonomy":"post_tag","embeddable":true,"href":"https:\/\/ovelanalista.com\/index.php?rest_route=%2Fwp%2Fv2%2Ftags&post=151932"}],"curies":[{"name":"wp","href":"https:\/\/api.w.org\/{rel}","templated":true}]}}