{"id":151947,"date":"2026-09-01T10:30:56","date_gmt":"2026-09-01T17:30:56","guid":{"rendered":"https:\/\/ovelanalista.com\/?p=151947"},"modified":"2026-09-01T09:44:03","modified_gmt":"2026-09-01T16:44:03","slug":"las-horas-dificiles-en-sinaloa","status":"publish","type":"post","link":"https:\/\/ovelanalista.com\/?p=151947","title":{"rendered":"Las horas dif\u00edciles en Sinaloa"},"content":{"rendered":"<p>D\u00edas pol\u00edticamente agitados vivi\u00f3 Sinaloa, desde la ma\u00f1ana del 21 de agosto en que Rub\u00e9n Rocha pon\u00eda fin a la licencia que hab\u00eda solicitado para el cargo de gobernador, hasta el mi\u00e9rcoles 26 en que Morena designa a la senadora Imelda Castro como la Coordinadora estatal del movimiento, que en t\u00e9rminos claros es la virtual candidata a la gubernatura el pr\u00f3ximo a\u00f1o.<\/p>\n<p>En medio, est\u00e1n las 34 horas transcurridas entre que Rocha reasume la titularidad del ejecutivo y la nueva solicitud de licencia, forzado por presiones pol\u00edticas desde todos los frentes, que hicieron estallar su fr\u00e1gil decisi\u00f3n.<\/p>\n<p>Tambi\u00e9n en medio est\u00e1n las 48 horas en que el Congreso de Sinaloa necesit\u00f3 para tomarle la protesta a Graciela Dom\u00ednguez Nava como gobernadora, el martes 25 de agosto, para ejercer el cargo los 14 meses restantes del periodo. El Congreso hab\u00eda ca\u00eddo en la misma crisis de todo el gobierno, por eso requirieron m\u00e1s tiempo, los primeros nombres que se barajaron para el interinato, eran objetados y no alcanzaban el consenso necesario.<\/p>\n<p>De esas horas ca\u00f3ticas depend\u00eda la posibilidad de alcanzar la estabilidad pol\u00edtica necesaria para recomponer la larga crisis que enfrenta Sinaloa desde hace dos a\u00f1os, cuando la lucha interna de las organizaciones del crimen desestabiliz\u00f3 todo.<\/p>\n<p>De estas horas dif\u00edciles en Sinaloa depender\u00e1 la viabilidad de un camino transitable para afrontar los muchos retos que se han impuesto para la entidad en estos dos a\u00f1os.<\/p>\n<p>La espiral de violencia evidenci\u00f3 las muchas debilidades institucionales para afrontar una crisis de seguridad p\u00fablica. Nada estaba preparado para una circunstancia como la que se present\u00f3. Las polic\u00edas estaban mermadas en n\u00famero, mal preparadas, y lo peor de todo, infiltradas.<\/p>\n<p>La econom\u00eda, no resisti\u00f3 los embistes e igualmente se ha ido deteriorando hasta provocar que muchos giros quedaran estrangulados. Es todav\u00eda incuantificable el alcance de esos ataques.<\/p>\n<p>As\u00ed, se podr\u00edan enumerar los alcances de este complejo periodo de julio de 2024 a la fecha. Lo que es por dem\u00e1s importante ahora es detener el deterioro. Cuando las cosas van mal, en cualquier circunstancia de la vida, lo esencial es parar. Detener la ca\u00edda es fundamental, tocar el piso y no seguir profundizando las dificultades. En el ejercicio del poder p\u00fablico es igual. Est\u00e1 en todos los manuales b\u00e1sicos para enfrentar una crisis: mant\u00e9n la calma, reconoce la situaci\u00f3n.<\/p>\n<p>&nbsp;<\/p>\n<p><strong>Margen de error<\/strong><\/p>\n<p><strong>(Graciela)<\/strong>\u00a0Graciela Dom\u00ednguez es la definici\u00f3n para el periodo restante del ejercicio del gobierno. Estaba en el grupo de aspirantes de Morena para encabezar lo que han llamado la Coordinaci\u00f3n Estatal, que en el caso de las entidades se convertir\u00e1n en los candidatos a las respectivas gubernaturas de sus estados. La fase final del activismo de Morena qued\u00f3 interrumpido por la crisis pol\u00edtica, que desencanden\u00f3 en el nombramiento de Graciela Dom\u00ednguez para concluir la gubenatura y en el de Imelda Castro como la ganadora de la encuesta para asumir la coordinaci\u00f3n estatal.<\/p>\n<p>Asume la gubernatura en un periodo de emergencia hist\u00f3rica, de la forma en que ser\u00e1 afrontada esa circunstancia depender\u00e1 el futuro inmediato de Sinaloa. Por ello anunci\u00f3 un plan especial, uno que debe ofrecer resultados en el corto plazo para estabilizar la situaci\u00f3n en Sinaloa. Y pasa por atender las muchas aristas que implica, no solo la referente a la seguridad p\u00fablica.<\/p>\n<p>&nbsp;<\/p>\n<p><strong>Primera cita<\/strong><\/p>\n<p><strong>(<\/strong><strong>Imelda<\/strong><strong>)<\/strong>\u00a0La decisi\u00f3n de que sea Imelda Castro la Coordinadora Estatal de Morena no lleva a ninguna sorpresa. La senadora lleg\u00f3 a la convocatoria con mucho adelanto sobre el resto de aspirantes. Adem\u00e1s, la misma crisis llev\u00f3 a que se movieran las piezas e Imelda Castro ten\u00eda recorrido una parte del camino.<\/p>\n<p>&nbsp;<\/p>\n<p>Que Morena adelante con mucho las fechas de las definiciones es una jugada pol\u00edtica con doble filo. Por un lado, podr\u00eda ser fundamental para consolidar el proyecto y el reconocimiento de su candidato. Pero por otro lado tambi\u00e9n la excesiva exposici\u00f3n puede volver fr\u00e1gil a cualquier aspirante.<\/p>\n<p>Al menos en estos primeros d\u00edas los ataques arreciaron contra Imelda Castro desde todos los puntos cardinales. Podr\u00eda ser solo la fase inicial, pero la frustraci\u00f3n de los partidos de oposici\u00f3n eleva el tono de esos ataques.<\/p>\n<p>Imelda Castro desde que lleg\u00f3 al senado se fue imponiendo como la candidata natural de Morena para el periodo del 2027-2033. Desde el Senado fue construyendo esas aspiraciones y tejiendo redes pol\u00edticas en el movimiento.<\/p>\n<p>Por m\u00e1s que las encuestas se\u00f1alen que Morena se mantiene firme en las preferencias electorales, Sinaloa ser\u00e1 un cap\u00edtulo especial en la elecci\u00f3n intermedia de Sheinbaum, donde ademas de Sinaloa se renuevan otras 16 gubernaturas.<\/p>\n<p><strong>Mirilla<\/strong><\/p>\n<p><strong>(<\/strong><strong>Tejido<\/strong><strong>)\u00a0<\/strong>Los meses siguientes ser\u00e1n decisivos para Sinaloa. Superadas esas horas dificiles del verano de 2026, viene un periodo para recuperar la confianza, que podr\u00eda irse ganando en autom\u00e1tico cuando la situaci\u00f3n del estado sea notoriamente de mejor\u00eda. Hasta ahora la visualizaci\u00f3n de esa mejor\u00eda ha sido imposible de entender, o siquiera de armar\u00a0<strong>(PUNTO)<\/strong><\/p>\n<p><strong>Art\u00edculo publicado el 30 de agosto de 2026 en la edici\u00f3n 1231 del semanario R\u00edodoce.<\/strong><\/p>\n<p>&nbsp;<\/p>\n<p>&nbsp;<\/p>\n<p>Con informaci\u00f3n de Rio Doce<\/p>\n","protected":false},"excerpt":{"rendered":"<p>D\u00edas pol\u00edticamente agitados vivi\u00f3 Sinaloa, desde la ma\u00f1ana del 21 de agosto en que Rub\u00e9n Rocha pon\u00eda fin a la licencia que hab\u00eda solicitado para el cargo de gobernador, hasta el mi\u00e9rcoles 26 en que Morena designa a la senadora Imelda Castro como la Coordinadora estatal del movimiento, que en t\u00e9rminos claros es la virtual candidata a la gubernatura el pr\u00f3ximo a\u00f1o. En medio, est\u00e1n las 34 horas transcurridas entre que Rocha reasume la titularidad del ejecutivo y la nueva solicitud de licencia, forzado por presiones pol\u00edticas desde todos los frentes, que hicieron estallar su fr\u00e1gil decisi\u00f3n. Tambi\u00e9n en medio [&hellip;]<\/p>\n","protected":false},"author":3,"featured_media":151957,"comment_status":"open","ping_status":"open","sticky":false,"template":"","format":"standard","meta":{"_jetpack_newsletter_access":"","_jetpack_dont_email_post_to_subs":false,"_jetpack_newsletter_tier_id":0,"_jetpack_memberships_contains_paywalled_content":false,"_jetpack_feature_clip_id":0,"_jetpack_memberships_contains_paid_content":false,"footnotes":"","jetpack_publicize_message":"","jetpack_publicize_feature_enabled":true,"jetpack_social_post_already_shared":true,"jetpack_social_options":{"image_generator_settings":{"template":"highway","default_image_id":0,"font":"","enabled":false},"version":2},"jetpack_post_was_ever_published":false},"categories":[90],"tags":[],"class_list":["post-151947","post","type-post","status-publish","format-standard","has-post-thumbnail","hentry","category-estatal","post--single"],"jetpack_publicize_connections":[],"jetpack_featured_media_url":"https:\/\/ovelanalista.com\/wp-content\/uploads\/2026\/09\/Captura-de-pantalla-2026-09-01-a-las-9.43.19-a.m.png","jetpack_sharing_enabled":true,"_links":{"self":[{"href":"https:\/\/ovelanalista.com\/index.php?rest_route=\/wp\/v2\/posts\/151947","targetHints":{"allow":["GET"]}}],"collection":[{"href":"https:\/\/ovelanalista.com\/index.php?rest_route=\/wp\/v2\/posts"}],"about":[{"href":"https:\/\/ovelanalista.com\/index.php?rest_route=\/wp\/v2\/types\/post"}],"author":[{"embeddable":true,"href":"https:\/\/ovelanalista.com\/index.php?rest_route=\/wp\/v2\/users\/3"}],"replies":[{"embeddable":true,"href":"https:\/\/ovelanalista.com\/index.php?rest_route=%2Fwp%2Fv2%2Fcomments&post=151947"}],"version-history":[{"count":1,"href":"https:\/\/ovelanalista.com\/index.php?rest_route=\/wp\/v2\/posts\/151947\/revisions"}],"predecessor-version":[{"id":151958,"href":"https:\/\/ovelanalista.com\/index.php?rest_route=\/wp\/v2\/posts\/151947\/revisions\/151958"}],"wp:featuredmedia":[{"embeddable":true,"href":"https:\/\/ovelanalista.com\/index.php?rest_route=\/wp\/v2\/media\/151957"}],"wp:attachment":[{"href":"https:\/\/ovelanalista.com\/index.php?rest_route=%2Fwp%2Fv2%2Fmedia&parent=151947"}],"wp:term":[{"taxonomy":"category","embeddable":true,"href":"https:\/\/ovelanalista.com\/index.php?rest_route=%2Fwp%2Fv2%2Fcategories&post=151947"},{"taxonomy":"post_tag","embeddable":true,"href":"https:\/\/ovelanalista.com\/index.php?rest_route=%2Fwp%2Fv2%2Ftags&post=151947"}],"curies":[{"name":"wp","href":"https:\/\/api.w.org\/{rel}","templated":true}]}}