{"id":151949,"date":"2026-09-01T10:00:47","date_gmt":"2026-09-01T17:00:47","guid":{"rendered":"https:\/\/ovelanalista.com\/?p=151949"},"modified":"2026-09-01T09:40:27","modified_gmt":"2026-09-01T16:40:27","slug":"saca-el-paraguas-y-el-bloqueador-sinaloa-tendra-calor-y-lluvias-este-martes","status":"publish","type":"post","link":"https:\/\/ovelanalista.com\/?p=151949","title":{"rendered":"Saca el paraguas y el bloqueador: Sinaloa tendr\u00e1 calor y lluvias este martes"},"content":{"rendered":"<p>Culiac\u00e1n alcanzar\u00e1 36 grados cent\u00edgrados, con cielo parcialmente nublado y 70 por ciento de posibilidad de precipitaciones<\/p>\n<p class=\"Typography_text-l__QLRR8 Typography_weight-bold__uT6mq\">Beatriz Le\u00f3n<\/p>\n<p class=\"Typography_text-default__P3otY Typography_weight-normal__pqUbH Typography_text-default__P3otY Typography_weight-normal__pqUbH\">Culiac\u00e1n, Sin.- La capital sinaloense tendr\u00e1 una jornada de\u00a0<b class=\"bold\">calor y lluvias d\u00e9biles<\/b>\u00a0este\u00a0<b class=\"bold\">martes 1 de septiembre<\/b>, con una temperatura m\u00e1xima de\u00a0<b class=\"bold\">36 grados cent\u00edgrados<\/b>\u00a0y una m\u00ednima de\u00a0<b class=\"bold\">24 grados<\/b>. El cielo permanecer\u00e1 parcialmente nublado y se prev\u00e9 una\u00a0<b class=\"bold\">probabilidad de lluvia del 70 por ciento<\/b>, con un acumulado estimado de 1 mil\u00edmetro.<\/p>\n<div class=\"ad-wrapper mexico-nota-1x1 relative min-h-[var(--ad-slot-mh-mobile)] w-full max-w-full overflow-hidden md:min-h-[var(--ad-slot-mh-web)]\">\n<div id=\"\/2000002\/elsoldesinaloa\/mexico_nota_1x1\" class=\"ad mexico-nota-1x1 relative block !w-full !max-w-full overflow-hidden min-h-[1px]\" data-google-query-id=\"CJeCp9bozZYDFcuW7gEd6KcFPA\"><\/div>\n<\/div>\n<div id=\"evNotifier\"><\/div>\n<p class=\"Typography_text-default__P3otY Typography_weight-normal__pqUbH Typography_text-default__P3otY Typography_weight-normal__pqUbH\">De acuerdo a\u00a0<b class=\"bold\">Meteorored<\/b>, el viento en Culiac\u00e1n ser\u00e1 moderado y soplar\u00e1 desde el suroeste, con velocidades de entre\u00a0<b class=\"bold\">13 y 32 kil\u00f3metros por hora<\/b>. Las condiciones podr\u00edan generar cambios en el estado del cielo durante el transcurso del d\u00eda.<\/p>\n<div class=\"integration-container w-full\"><\/div>\n<p class=\"Typography_text-default__P3otY Typography_weight-normal__pqUbH Typography_text-default__P3otY Typography_weight-normal__pqUbH\">En el norte de Sinaloa,\u00a0<b class=\"bold\">Ahome<\/b>\u00a0tendr\u00e1 una de las mayores probabilidades de precipitaciones, con\u00a0<b class=\"bold\">90 por ciento<\/b>\u00a0y un acumulado de\u00a0<b class=\"bold\">2 mil\u00edmetros<\/b>. La temperatura alcanzar\u00e1 los\u00a0<b class=\"bold\">36 grados cent\u00edgrados<\/b>, mientras que la m\u00ednima ser\u00e1 de\u00a0<b class=\"bold\">26 grados<\/b>. El viento soplar\u00e1 del suroeste, con velocidades de 12 a 28 kil\u00f3metros por hora.<\/p>\n<p class=\"Typography_text-default__P3otY Typography_weight-normal__pqUbH Typography_text-default__P3otY Typography_weight-normal__pqUbH\">En\u00a0<b class=\"bold\">El Fuerte<\/b>\u00a0tambi\u00e9n se esperan\u00a0<b class=\"bold\">chubascos tormentosos<\/b>, con\u00a0<b class=\"bold\">80 por ciento de probabilidad de lluvia<\/b>\u00a0y una precipitaci\u00f3n estimada de\u00a0<b class=\"bold\">2.8 mil\u00edmetros<\/b>. El term\u00f3metro llegar\u00e1 a\u00a0<b class=\"bold\">36 grados cent\u00edgrados<\/b>\u00a0y descender\u00e1 hasta los\u00a0<b class=\"bold\">24 grados<\/b>, con viento moderado del sureste de 11 a 24 kil\u00f3metros por hora.<\/p>\n<p class=\"Typography_text-default__P3otY Typography_weight-normal__pqUbH Typography_text-default__P3otY Typography_weight-normal__pqUbH\">Por su parte,\u00a0<b class=\"bold\">Guasave<\/b>\u00a0tendr\u00e1\u00a0<b class=\"bold\">70 por ciento de probabilidad de lluvia<\/b>\u00a0y un acumulado de 0.5 mil\u00edmetros. La temperatura m\u00e1xima ser\u00e1 de\u00a0<b class=\"bold\">36 grados cent\u00edgrados<\/b>, con una m\u00ednima de\u00a0<b class=\"bold\">24 grados<\/b>. Se esperan vientos del suroeste de 15 a 31 kil\u00f3metros por hora.<\/p>\n<p class=\"Typography_text-default__P3otY Typography_weight-normal__pqUbH Typography_text-default__P3otY Typography_weight-normal__pqUbH\">En\u00a0<b class=\"bold\">Sinaloa de Leyva<\/b>, el pron\u00f3stico contempla\u00a0<b class=\"bold\">70 por ciento de probabilidad de chubascos tormentosos<\/b>\u00a0y hasta 1.7 mil\u00edmetros de precipitaci\u00f3n. La temperatura oscilar\u00e1 entre los\u00a0<b class=\"bold\">23 y 36 grados cent\u00edgrados<\/b>, mientras que el viento del suroeste alcanzar\u00e1 velocidades de hasta 33 kil\u00f3metros por hora.<\/p>\n<p class=\"Typography_text-default__P3otY Typography_weight-normal__pqUbH Typography_text-default__P3otY Typography_weight-normal__pqUbH\">Finalmente,\u00a0<b class=\"bold\">Choix<\/b>\u00a0registrar\u00e1 una m\u00e1xima de\u00a0<b class=\"bold\">35 grados cent\u00edgrados<\/b>\u00a0y una m\u00ednima de\u00a0<b class=\"bold\">22 grados<\/b>, con\u00a0<b class=\"bold\">80 por ciento de probabilidad de lluvias<\/b>\u00a0y un acumulado de 1.5 mil\u00edmetros. El viento ser\u00e1 moderado del sureste, con velocidades de 9 a 24 kil\u00f3metros por hora.<\/p>\n<p class=\"Typography_text-default__P3otY Typography_weight-normal__pqUbH Typography_text-default__P3otY Typography_weight-normal__pqUbH\">Ante estas condiciones, se recomienda a la poblaci\u00f3n mantenerse atenta a las\u00a0<b class=\"bold\">actualizaciones meteorol\u00f3gicas<\/b>, principalmente en las zonas donde existe mayor probabilidad de chubascos tormentosos.<\/p>\n<p>&nbsp;<\/p>\n<p>Con informaci\u00f3n de El Sol de Sinaloa<\/p>\n","protected":false},"excerpt":{"rendered":"<p>Culiac\u00e1n alcanzar\u00e1 36 grados cent\u00edgrados, con cielo parcialmente nublado y 70 por ciento de posibilidad de precipitaciones Beatriz Le\u00f3n Culiac\u00e1n, Sin.- La capital sinaloense tendr\u00e1 una jornada de\u00a0calor y lluvias d\u00e9biles\u00a0este\u00a0martes 1 de septiembre, con una temperatura m\u00e1xima de\u00a036 grados cent\u00edgrados\u00a0y una m\u00ednima de\u00a024 grados. El cielo permanecer\u00e1 parcialmente nublado y se prev\u00e9 una\u00a0probabilidad de lluvia del 70 por ciento, con un acumulado estimado de 1 mil\u00edmetro. De acuerdo a\u00a0Meteorored, el viento en Culiac\u00e1n ser\u00e1 moderado y soplar\u00e1 desde el suroeste, con velocidades de entre\u00a013 y 32 kil\u00f3metros por hora. Las condiciones podr\u00edan generar cambios en el estado del cielo [&hellip;]<\/p>\n","protected":false},"author":3,"featured_media":151952,"comment_status":"open","ping_status":"open","sticky":false,"template":"","format":"standard","meta":{"_jetpack_newsletter_access":"","_jetpack_dont_email_post_to_subs":false,"_jetpack_newsletter_tier_id":0,"_jetpack_memberships_contains_paywalled_content":false,"_jetpack_feature_clip_id":0,"_jetpack_memberships_contains_paid_content":false,"footnotes":"","jetpack_publicize_message":"","jetpack_publicize_feature_enabled":true,"jetpack_social_post_already_shared":true,"jetpack_social_options":{"image_generator_settings":{"template":"highway","default_image_id":0,"font":"","enabled":false},"version":2},"jetpack_post_was_ever_published":false},"categories":[90],"tags":[],"class_list":["post-151949","post","type-post","status-publish","format-standard","has-post-thumbnail","hentry","category-estatal","post--single"],"jetpack_publicize_connections":[],"jetpack_featured_media_url":"https:\/\/ovelanalista.com\/wp-content\/uploads\/2026\/09\/Captura-de-pantalla-2026-09-01-a-las-9.39.11-a.m.png","jetpack_sharing_enabled":true,"_links":{"self":[{"href":"https:\/\/ovelanalista.com\/index.php?rest_route=\/wp\/v2\/posts\/151949","targetHints":{"allow":["GET"]}}],"collection":[{"href":"https:\/\/ovelanalista.com\/index.php?rest_route=\/wp\/v2\/posts"}],"about":[{"href":"https:\/\/ovelanalista.com\/index.php?rest_route=\/wp\/v2\/types\/post"}],"author":[{"embeddable":true,"href":"https:\/\/ovelanalista.com\/index.php?rest_route=\/wp\/v2\/users\/3"}],"replies":[{"embeddable":true,"href":"https:\/\/ovelanalista.com\/index.php?rest_route=%2Fwp%2Fv2%2Fcomments&post=151949"}],"version-history":[{"count":1,"href":"https:\/\/ovelanalista.com\/index.php?rest_route=\/wp\/v2\/posts\/151949\/revisions"}],"predecessor-version":[{"id":151954,"href":"https:\/\/ovelanalista.com\/index.php?rest_route=\/wp\/v2\/posts\/151949\/revisions\/151954"}],"wp:featuredmedia":[{"embeddable":true,"href":"https:\/\/ovelanalista.com\/index.php?rest_route=\/wp\/v2\/media\/151952"}],"wp:attachment":[{"href":"https:\/\/ovelanalista.com\/index.php?rest_route=%2Fwp%2Fv2%2Fmedia&parent=151949"}],"wp:term":[{"taxonomy":"category","embeddable":true,"href":"https:\/\/ovelanalista.com\/index.php?rest_route=%2Fwp%2Fv2%2Fcategories&post=151949"},{"taxonomy":"post_tag","embeddable":true,"href":"https:\/\/ovelanalista.com\/index.php?rest_route=%2Fwp%2Fv2%2Ftags&post=151949"}],"curies":[{"name":"wp","href":"https:\/\/api.w.org\/{rel}","templated":true}]}}