{"id":151950,"date":"2026-09-01T09:39:34","date_gmt":"2026-09-01T16:39:34","guid":{"rendered":"https:\/\/ovelanalista.com\/?p=151950"},"modified":"2026-09-01T09:39:34","modified_gmt":"2026-09-01T16:39:34","slug":"en-sinaloa-ya-se-perfilan-las-prioridades-para-el-presupuesto-2027","status":"publish","type":"post","link":"https:\/\/ovelanalista.com\/?p=151950","title":{"rendered":"En Sinaloa ya se perfilan las prioridades para el presupuesto 2027"},"content":{"rendered":"<header class=\"post-header\">La comisi\u00f3n legislativa todav\u00eda desconoce cu\u00e1ndo recibir\u00e1 la propuesta; organizaciones civiles piden priorizar seguridad, econom\u00eda y servicios b\u00e1sicos.<\/p>\n<p><strong>Scarlett Nordahl<\/strong><\/p>\n<p>Culiac\u00e1n, Sinaloa.- Mientras<strong>\u00a0la Comisi\u00f3n de Fiscalizaci\u00f3n del Congreso del Estado todav\u00eda no tiene una fecha para recibir la propuesta de presupuesto de 2027 ni ha definido rubros prioritarios<\/strong>, el Gobierno de Sinaloa y organizaciones civiles ya se plantean necesidades urgentes que deber\u00edan atenderse para cerrar el sexenio.<\/p>\n<p><strong>Erika Rub\u00ed Mart\u00ednez Rodr\u00edguez<\/strong>, presidenta de la Comisi\u00f3n de Fiscalizaci\u00f3n, explic\u00f3 que el Congreso permanece a la espera del documento que deber\u00e1 enviar el Gobierno de Sinaloa. Que no hay fecha, pero que se estar\u00eda informando de manera p\u00fablica, aunque para ella no hay un rubro que deba fortalecerse de manera espec\u00edfica.<\/p>\n<blockquote><p>\u201c<em>Yo considero que no hay uno en espec\u00edfico, todos son importantes para seguir revisando cada detalle y cada peso<\/em>\u201d, se\u00f1al\u00f3.<\/p><\/blockquote>\n<h2>Organizaciones piden fortalecer seguridad y Fiscal\u00eda<\/h2>\n<p>&nbsp;<\/p>\n<p>Para\u00a0<strong>Marlene Le\u00f3n Fontes<\/strong>, directora de\u00a0Iniciativa Sinaloa, es necesario iniciar cuanto antes la discusi\u00f3n presupuestal ante la incertidumbre pol\u00edtica e institucional generada por el relevo en la gubernatura.<\/p>\n<p>Para la organizaci\u00f3n,\u00a0<strong>la seguridad debe ocupar el primer lugar<\/strong>, acompa\u00f1ada de mayores recursos para la\u00a0Fiscal\u00eda General del Estado, el fortalecimiento de sus capacidades de investigaci\u00f3n y mejores condiciones laborales para sus agentes y polic\u00edas.<\/p>\n<p>Tambi\u00e9n pidi\u00f3 destinar presupuesto al\u00a0Instituto para la Protecci\u00f3n de Personas Defensoras de Derechos Humanos y Periodistas, al considerar que permanece en abandono financiero pese a haber sido creado durante la actual administraci\u00f3n.<\/p>\n<p>Le\u00f3n Fontes a\u00f1adi\u00f3 que la\u00a0<strong>educaci\u00f3n, la cultura y la salud mental<\/strong>\u00a0deben asumirse como herramientas para prevenir la violencia y reconstruir el tejido social.<\/p>\n<blockquote><p>\u201c<em>La sociedad civil s\u00ed est\u00e1 haciendo esfuerzos para abonar a que eso suceda, pero no va a poder por s\u00ed sola. Necesitamos el apoyo gubernamental y una forma ser\u00eda a trav\u00e9s del presupuesto<\/em>\u201d, sostuvo.<\/p><\/blockquote>\n<h2>Piden recursos para reactivar la econom\u00eda<\/h2>\n<p>&nbsp;<\/p>\n<p><strong>Gustavo Rojo Navarro<\/strong>, director del\u00a0Observatorio Ciudadano de Mazatl\u00e1n, coincidi\u00f3 en la necesidad de incrementar los recursos para seguridad y revisar el presupuesto destinado a la Fiscal\u00eda.<\/p>\n<p>Advirti\u00f3 que la presencia de elementos de la Marina, el Ej\u00e9rcito y la Guardia Nacional no sustituye la responsabilidad presupuestaria del Estado, debido a que esos operativos son financiados principalmente por la Federaci\u00f3n.<\/p>\n<p>Tambi\u00e9n propuso asignar\u00a0<strong>recursos para infraestructura hidr\u00e1ulica y sanitaria en los municipios<\/strong>, ante los problemas de drenaje y agua potable que enfrentan ciudades como Mazatl\u00e1n y Ahome.<\/p>\n<p>Rojo Navarro pidi\u00f3 crear e<strong>squemas de financiamiento y partidas especiales para negocios afectados por la violencia<\/strong>.<\/p>\n<blockquote><p>\u201c<em>Los n\u00fameros son negativos, no se tiene crecimiento econ\u00f3mico, los negocios est\u00e1n cerrando y la gente se est\u00e1 quedando sin trabajo<\/em>\u201d, expres\u00f3.<\/p><\/blockquote>\n<h2>Graciela Dom\u00ednguez promete un presupuesto social<\/h2>\n<p>&nbsp;<\/p>\n<p>Por su parte, la gobernadora\u00a0<strong>Graciela Dom\u00ednguez Nava<\/strong>\u00a0adelant\u00f3 que<strong>\u00a0la propuesta tendr\u00e1 un enfoque social y atender\u00e1 las necesidades m\u00e1s b\u00e1sicas de la poblaci\u00f3n<\/strong>.<\/p>\n<blockquote><p>\u201c<em>Va a ser un presupuesto de car\u00e1cter social donde vamos a priorizar una serie de atenciones de necesidades m\u00e1s b\u00e1sicas<\/em>\u201d, afirm\u00f3.<\/p><\/blockquote>\n<p>La mandataria mencion\u00f3 como prioridad mejorar el suministro de agua potable en las comunidades que todav\u00eda carecen de un servicio adecuado. Tambi\u00e9n asegur\u00f3 que\u00a0<strong>Sinaloa mantiene atenci\u00f3n prioritaria del Gobierno federal en materia de seguridad<\/strong>.<\/p>\n<p><strong>La propuesta deber\u00e1 definir c\u00f3mo se distribuir\u00e1n los recursos estatales durante 2027, \u00faltimo a\u00f1o del periodo constitucional que inici\u00f3 Rub\u00e9n Rocha Moya y que actualmente encabeza Dom\u00ednguez Nava.<\/strong><\/p>\n<\/header>\n<p>Con informaci\u00f3n de Revista Espejo<\/p>\n","protected":false},"excerpt":{"rendered":"<p>La comisi\u00f3n legislativa todav\u00eda desconoce cu\u00e1ndo recibir\u00e1 la propuesta; organizaciones civiles piden priorizar seguridad, econom\u00eda y servicios b\u00e1sicos. Scarlett Nordahl Culiac\u00e1n, Sinaloa.- Mientras\u00a0la Comisi\u00f3n de Fiscalizaci\u00f3n del Congreso del Estado todav\u00eda no tiene una fecha para recibir la propuesta de presupuesto de 2027 ni ha definido rubros prioritarios, el Gobierno de Sinaloa y organizaciones civiles ya se plantean necesidades urgentes que deber\u00edan atenderse para cerrar el sexenio. Erika Rub\u00ed Mart\u00ednez Rodr\u00edguez, presidenta de la Comisi\u00f3n de Fiscalizaci\u00f3n, explic\u00f3 que el Congreso permanece a la espera del documento que deber\u00e1 enviar el Gobierno de Sinaloa. Que no hay fecha, pero que [&hellip;]<\/p>\n","protected":false},"author":3,"featured_media":151951,"comment_status":"open","ping_status":"open","sticky":false,"template":"","format":"standard","meta":{"_jetpack_newsletter_access":"","_jetpack_dont_email_post_to_subs":false,"_jetpack_newsletter_tier_id":0,"_jetpack_memberships_contains_paywalled_content":false,"_jetpack_feature_clip_id":0,"_jetpack_memberships_contains_paid_content":false,"footnotes":"","jetpack_publicize_message":"","jetpack_publicize_feature_enabled":true,"jetpack_social_post_already_shared":true,"jetpack_social_options":{"image_generator_settings":{"template":"highway","default_image_id":0,"font":"","enabled":false},"version":2},"jetpack_post_was_ever_published":false},"categories":[90],"tags":[],"class_list":["post-151950","post","type-post","status-publish","format-standard","has-post-thumbnail","hentry","category-estatal","post--single"],"jetpack_publicize_connections":[],"jetpack_featured_media_url":"https:\/\/ovelanalista.com\/wp-content\/uploads\/2026\/09\/Captura-de-pantalla-2026-09-01-a-las-9.37.32-a.m.png","jetpack_sharing_enabled":true,"_links":{"self":[{"href":"https:\/\/ovelanalista.com\/index.php?rest_route=\/wp\/v2\/posts\/151950","targetHints":{"allow":["GET"]}}],"collection":[{"href":"https:\/\/ovelanalista.com\/index.php?rest_route=\/wp\/v2\/posts"}],"about":[{"href":"https:\/\/ovelanalista.com\/index.php?rest_route=\/wp\/v2\/types\/post"}],"author":[{"embeddable":true,"href":"https:\/\/ovelanalista.com\/index.php?rest_route=\/wp\/v2\/users\/3"}],"replies":[{"embeddable":true,"href":"https:\/\/ovelanalista.com\/index.php?rest_route=%2Fwp%2Fv2%2Fcomments&post=151950"}],"version-history":[{"count":1,"href":"https:\/\/ovelanalista.com\/index.php?rest_route=\/wp\/v2\/posts\/151950\/revisions"}],"predecessor-version":[{"id":151953,"href":"https:\/\/ovelanalista.com\/index.php?rest_route=\/wp\/v2\/posts\/151950\/revisions\/151953"}],"wp:featuredmedia":[{"embeddable":true,"href":"https:\/\/ovelanalista.com\/index.php?rest_route=\/wp\/v2\/media\/151951"}],"wp:attachment":[{"href":"https:\/\/ovelanalista.com\/index.php?rest_route=%2Fwp%2Fv2%2Fmedia&parent=151950"}],"wp:term":[{"taxonomy":"category","embeddable":true,"href":"https:\/\/ovelanalista.com\/index.php?rest_route=%2Fwp%2Fv2%2Fcategories&post=151950"},{"taxonomy":"post_tag","embeddable":true,"href":"https:\/\/ovelanalista.com\/index.php?rest_route=%2Fwp%2Fv2%2Ftags&post=151950"}],"curies":[{"name":"wp","href":"https:\/\/api.w.org\/{rel}","templated":true}]}}