{"id":151964,"date":"2026-09-01T13:30:38","date_gmt":"2026-09-01T20:30:38","guid":{"rendered":"https:\/\/ovelanalista.com\/?p=151964"},"modified":"2026-09-01T10:24:01","modified_gmt":"2026-09-01T17:24:01","slug":"explota-una-crisis-mas-el-semefo-en-sinaloa-acumula-mas-de-850-cuerpos-de-personas-no-identificadas","status":"publish","type":"post","link":"https:\/\/ovelanalista.com\/?p=151964","title":{"rendered":"Explota una crisis m\u00e1s: el SEMEFO en Sinaloa acumula m\u00e1s de 850 cuerpos de personas no identificadas"},"content":{"rendered":"<p>La violencia reciente ha dejado 850 cuerpos y restos sin identificar en Sinaloa, donde la crisis forense arrastra a\u00f1os de rezago.<\/p>\n<p><strong>Vanessa Beltr\u00e1n<\/strong><\/p>\n<p>Culiac\u00e1n, Sinaloa.- En las instalaciones del Servicio M\u00e9dico Forense (SEMEFO) de Culiac\u00e1n y Mazatl\u00e1n, entre 2024 y 2026, se acumulan alrededor de 850 cuerpos y restos \u00f3seos que, hasta ahora, no han sido identificados (NN) y\/o reclamados.<\/p>\n<p>La cifra se concentra dentro de un periodo particularmente violento en el Estado, puesto que el 9 de septiembre de 2024 inici\u00f3 la conocida guerra interna del C\u00e1rtel de Sinaloa, que ha impactado gran parte del territorio sinaloense y est\u00e1 a pocos d\u00edas de cumplir dos a\u00f1os activa.<\/p>\n<p>De acuerdo con informaci\u00f3n de la\u00a0Fiscal\u00eda General del Estado, obtenida por medio de solicitudes de informaci\u00f3n, en 2024 \u2013incluyendo datos anteriores al mes de septiembre\u2013 hubo un alza de cuerpos que ingresaron a las instalaciones del SEMEFO y permanecieron como NN o no reclamados.<\/p>\n<p>En comparaci\u00f3n con a\u00f1os anteriores, hubo un aumento del 86.1 por ciento frente a 2023 y m\u00e1s del doble de lo registrado en 2022.<\/p>\n<h2>850 cuerpos que no llegan a un Semefo vac\u00edo<\/h2>\n<p>&nbsp;<\/p>\n<p>El centenar de cuerpos sin identificar que se han registrado en poco menos de dos a\u00f1os, se suma a una crisis forense que el estado arrastra desde decadas atr\u00e1s.<\/p>\n<p>Seg\u00fan informaci\u00f3n de colectivos de b\u00fasqueda,\u00a0Sinaloa todav\u00eda est\u00e1 intentando identificar a personas asesinadas\u00a0o localizadas hace 13, 15 o incluso casi 20 a\u00f1os, durante la violencia de la guerra contra el narcotr\u00e1fico del expresidente de M\u00e9xico, Felipe Calder\u00f3n, del 2006 al 2012.<\/p>\n<p>Para Mirna Medina, fundadora del colectivo de b\u00fasqueda de personas \u201cLas Rastreadoras de El Fuerte\u201d, la identificaci\u00f3n de los cuerpos es una de las problem\u00e1ticas que m\u00e1s duelen a las personas con familiares desaparecidos, ya que, ejemplifica, el desaparecido puede estar en un Semefo sin que el buscador lo sepa o, en otro escenario, saber que se trata de su familiar pero tener que\u00a0esperar a\u00f1os para que se realicen las pruebas gen\u00e9ticas.<\/p>\n<blockquote><p>\u201cSi t\u00fa me hablas exactamente de cu\u00e1l es el tema m\u00e1s importante para las familias que buscamos, es justo el tema de la identificaci\u00f3n, que es la crisis forense (\u2026) \u00bfDe qu\u00e9 sirve que busquemos, que encontremos, si al final de cuentas no vamos a tener el apoyo para la identificaci\u00f3n de esos tesoros?\u201d.<\/p><\/blockquote>\n<p>Medina reconoce que han existido avances importantes en materia de gen\u00e9tica e identificaci\u00f3n desde 2016, gracias a las exigencias de los colectivos de b\u00fasqueda locales; sin embargo, a\u00fan no ha sido posible disminuir el rezago.<\/p>\n<p>Por otro lado, Mar\u00eda Isabel Cruz Bernal, lideresa del colectivo \u201cSabuesos Guerreras\u201d, expone una nueva problem\u00e1tica que dificulta la identificaci\u00f3n o, incluso, la reclamaci\u00f3n de los cuerpos.<\/p>\n<p>Una parte de las personas que permanecen en los Semefos, dice, podr\u00eda incluso\u00a0provenir de otros estados, sin que sus familias sepan que se encuentran en Sinaloa y, por lo tanto, sin muestras gen\u00e9ticas disponibles para realizar los cruces.<\/p>\n<blockquote><p>\u201cSomos conscientes de que, con la violencia que tenemos ahorita en el estado, hay muchas personas que son de otros estados y que a lo mejor sus familiares no saben que ellos est\u00e1n en un Semefo, por ende no hay alguna muestra de ADN de ellos (\u2026) Es preocupante porque entonces la crisis se va acrecentando m\u00e1s, porque ellos est\u00e1n ocupando espacios en el Semefo que se siguen acumulando.\u201d, se\u00f1al\u00f3.<\/p><\/blockquote>\n<h2>La mayor concentraci\u00f3n se encuentra en el sur de Sinaloa<\/h2>\n<p>&nbsp;<\/p>\n<p>El Semefo y la osteoteca de Mazatl\u00e1n mantienen bajo su resguardo 434 cuerpos y restos humanos que permanecen sin identificar y\/o no han sido reclamados.<\/p>\n<p>Los 416 restantes se encuentran en el Semefo y la osteoteca de Culiac\u00e1n. Sin embargo, aqu\u00ed, junto a los restos humanos localizados en la zona centro de Sinaloa, tambi\u00e9n descansan los hallazgos del territorio norte.<\/p>\n<p>A diferencia de las zonas sur y centro, el norte de Sinaloa no cuenta con un Servicio M\u00e9dico Forense propio. Mirna declar\u00f3 que, aunque existe un edificio construido para que funcionara como Semefo, nunca entr\u00f3 en operaci\u00f3n.<\/p>\n<p>&nbsp;<\/p>\n<p>Con informaci\u00f3n de Revista Espejo<\/p>\n","protected":false},"excerpt":{"rendered":"<p>La violencia reciente ha dejado 850 cuerpos y restos sin identificar en Sinaloa, donde la crisis forense arrastra a\u00f1os de rezago. Vanessa Beltr\u00e1n Culiac\u00e1n, Sinaloa.- En las instalaciones del Servicio M\u00e9dico Forense (SEMEFO) de Culiac\u00e1n y Mazatl\u00e1n, entre 2024 y 2026, se acumulan alrededor de 850 cuerpos y restos \u00f3seos que, hasta ahora, no han sido identificados (NN) y\/o reclamados. La cifra se concentra dentro de un periodo particularmente violento en el Estado, puesto que el 9 de septiembre de 2024 inici\u00f3 la conocida guerra interna del C\u00e1rtel de Sinaloa, que ha impactado gran parte del territorio sinaloense y est\u00e1 [&hellip;]<\/p>\n","protected":false},"author":3,"featured_media":151974,"comment_status":"open","ping_status":"open","sticky":false,"template":"","format":"standard","meta":{"_jetpack_newsletter_access":"","_jetpack_dont_email_post_to_subs":false,"_jetpack_newsletter_tier_id":0,"_jetpack_memberships_contains_paywalled_content":false,"_jetpack_feature_clip_id":0,"_jetpack_memberships_contains_paid_content":false,"footnotes":"","jetpack_publicize_message":"","jetpack_publicize_feature_enabled":true,"jetpack_social_post_already_shared":true,"jetpack_social_options":{"image_generator_settings":{"template":"highway","default_image_id":0,"font":"","enabled":false},"version":2},"jetpack_post_was_ever_published":false},"categories":[90],"tags":[],"class_list":["post-151964","post","type-post","status-publish","format-standard","has-post-thumbnail","hentry","category-estatal","post--single"],"jetpack_publicize_connections":[],"jetpack_featured_media_url":"https:\/\/ovelanalista.com\/wp-content\/uploads\/2026\/09\/Captura-de-pantalla-2026-09-01-a-las-10.21.43-a.m.png","jetpack_sharing_enabled":true,"_links":{"self":[{"href":"https:\/\/ovelanalista.com\/index.php?rest_route=\/wp\/v2\/posts\/151964","targetHints":{"allow":["GET"]}}],"collection":[{"href":"https:\/\/ovelanalista.com\/index.php?rest_route=\/wp\/v2\/posts"}],"about":[{"href":"https:\/\/ovelanalista.com\/index.php?rest_route=\/wp\/v2\/types\/post"}],"author":[{"embeddable":true,"href":"https:\/\/ovelanalista.com\/index.php?rest_route=\/wp\/v2\/users\/3"}],"replies":[{"embeddable":true,"href":"https:\/\/ovelanalista.com\/index.php?rest_route=%2Fwp%2Fv2%2Fcomments&post=151964"}],"version-history":[{"count":1,"href":"https:\/\/ovelanalista.com\/index.php?rest_route=\/wp\/v2\/posts\/151964\/revisions"}],"predecessor-version":[{"id":151975,"href":"https:\/\/ovelanalista.com\/index.php?rest_route=\/wp\/v2\/posts\/151964\/revisions\/151975"}],"wp:featuredmedia":[{"embeddable":true,"href":"https:\/\/ovelanalista.com\/index.php?rest_route=\/wp\/v2\/media\/151974"}],"wp:attachment":[{"href":"https:\/\/ovelanalista.com\/index.php?rest_route=%2Fwp%2Fv2%2Fmedia&parent=151964"}],"wp:term":[{"taxonomy":"category","embeddable":true,"href":"https:\/\/ovelanalista.com\/index.php?rest_route=%2Fwp%2Fv2%2Fcategories&post=151964"},{"taxonomy":"post_tag","embeddable":true,"href":"https:\/\/ovelanalista.com\/index.php?rest_route=%2Fwp%2Fv2%2Ftags&post=151964"}],"curies":[{"name":"wp","href":"https:\/\/api.w.org\/{rel}","templated":true}]}}