{"id":151979,"date":"2026-09-01T15:30:10","date_gmt":"2026-09-01T22:30:10","guid":{"rendered":"https:\/\/ovelanalista.com\/?p=151979"},"modified":"2026-09-01T10:32:02","modified_gmt":"2026-09-01T17:32:02","slug":"feminicidios-en-sinaloa-se-disparan-agosto-registra-cifra-historica-en-14-anos","status":"publish","type":"post","link":"https:\/\/ovelanalista.com\/?p=151979","title":{"rendered":"Feminicidios en Sinaloa se disparan, agosto registra cifra hist\u00f3rica en 14 a\u00f1os"},"content":{"rendered":"<p>Mazatl\u00e1n encabeza la incidencia durante el mes, seguido de Escuinapa y Culiac\u00e1n; de enero a agosto, los casos aumentaron 184.6 por ciento<\/p>\n<p class=\"Typography_text-l__QLRR8 Typography_weight-bold__uT6mq\"><strong>Josemiguel Souza<\/strong><\/p>\n<p class=\"Typography_text-default__P3otY Typography_weight-normal__pqUbH Typography_text-default__P3otY Typography_weight-normal__pqUbH\"><b class=\"bold\">Culiac\u00e1n, Sin.-<\/b> Agosto se convirti\u00f3 en el mes con mayor incidencia de feminicidios en los \u00faltimos 14 a\u00f1os, seg\u00fan las estad\u00edsticas de la Fiscal\u00eda General del Estado de Sinaloa.<\/p>\n<div id=\"evNotifier\"><\/div>\n<p class=\"Typography_text-default__P3otY Typography_weight-normal__pqUbH Typography_text-default__P3otY Typography_weight-normal__pqUbH\">Durante el mes reci\u00e9n concluido se registraron\u00a0<b class=\"bold\">19 casos<\/b>. La cifra representa un incremento de\u00a0<b class=\"bold\">mil 800 por ciento<\/b>\u00a0respecto a agosto de 2025, cuando se contabiliz\u00f3 un feminicidio.<\/p>\n<p class=\"Typography_text-default__P3otY Typography_weight-normal__pqUbH Typography_text-default__P3otY Typography_weight-normal__pqUbH\">Cabe recordar que el delito de feminicidio fue estipulado en 2012; desde entonces, los meses de mayor incidencia han sido septiembre y noviembre del 2025, con 15 casos cada uno.<\/p>\n<p class=\"Typography_text-default__P3otY Typography_weight-normal__pqUbH Typography_text-default__P3otY Typography_weight-normal__pqUbH\">El 2026 se perfila como el a\u00f1o de mayor incidencia de este delito. Entre enero y agosto se contabilizan\u00a0<b class=\"bold\">74 feminicidios<\/b>, mientras que en el mismo periodo de 2025 fueron\u00a0<b class=\"bold\">26<\/b>, lo que representa un aumento de\u00a0<b class=\"bold\">184.6 por ciento<\/b>, es decir, 48 casos m\u00e1s en el transcurso de un a\u00f1o.<\/p>\n<p class=\"Typography_text-default__P3otY Typography_weight-normal__pqUbH Typography_text-default__P3otY Typography_weight-normal__pqUbH\">El mayor n\u00famero de casos durante agosto se concentr\u00f3 en\u00a0<b class=\"bold\">Mazatl\u00e1n, con siete feminicidios<\/b>, municipio que representa pr\u00e1cticamente cuatro de cada 10 casos registrados en el estado durante el mes. Le sigue\u00a0<b class=\"bold\">Escuinapa, con cinco<\/b>, mientras que\u00a0<b class=\"bold\">Culiac\u00e1n acumul\u00f3 cuatro casos<\/b>.<\/p>\n<p class=\"Typography_text-default__P3otY Typography_weight-normal__pqUbH Typography_text-default__P3otY Typography_weight-normal__pqUbH\">La incidencia se completa con\u00a0<b class=\"bold\">Guasave, que registr\u00f3 dos feminicidios<\/b>, y\u00a0<b class=\"bold\">Ahome, con uno<\/b>. En conjunto, estos cinco municipios concentran los 19 casos contabilizados durante agosto, de acuerdo con el desglose de la Fiscal\u00eda.<\/p>\n<div class=\"OnlineStory_inline__apIY3 BASE_LANDSCAPE\">\n<h3 class=\"Typography_text-default__P3otY Typography_weight-normal__pqUbH Typography_text-l__QLRR8 Typography_weight-bold__uT6mq OnlineStory_title__JYhC3\">Semujeres reporta 25 denuncias en vacaciones; judicializan un caso por tentativa de feminicidio<\/h3>\n<\/div>\n<p class=\"Typography_text-default__P3otY Typography_weight-normal__pqUbH Typography_text-default__P3otY Typography_weight-normal__pqUbH\">El repunte de agosto contrasta con el comportamiento observado durante los primeros meses del a\u00f1o. En enero de 2026 se registraron nueve casos; febrero cerr\u00f3 con cinco, marzo con dos, abril con 12, mayo con siete, junio con ocho y julio nuevamente con 12. Con los 19 casos de agosto, el mes se coloca por encima de cualquier otro periodo del a\u00f1o y concentra\u00a0<b class=\"bold\">25.7 por ciento de todos los feminicidios registrados entre enero y agosto<\/b>.<\/p>\n<p class=\"Typography_text-default__P3otY Typography_weight-normal__pqUbH Typography_text-default__P3otY Typography_weight-normal__pqUbH\">Otro dato relevante es que desde el 2017 Sinaloa cuenta con una alerta de g\u00e9nero, lo que deber\u00eda obligar a las autoridades a redoblar esfuerzos para prevenir la violencia contra las mujeres<\/p>\n<p class=\"Typography_text-default__P3otY Typography_weight-normal__pqUbH Typography_text-default__P3otY Typography_weight-normal__pqUbH\">Hasta el momento, la titular de la Secretar\u00eda de Mujeres,\u00a0<b class=\"bold\">Brenda Roc\u00edo Garc\u00eda F\u00e9lix, no ha informado sobre una estrategia puntual para atender esta problem\u00e1tica. Lo \u00faltimo que se implement\u00f3 fue por parte de la FGE, ya que se cre\u00f3 una unidad de an\u00e1lisis de contexto de feminicidios.<\/b><\/p>\n<p>&nbsp;<\/p>\n<p>&nbsp;<\/p>\n<p>Con informaci\u00f3n de El Sol de Sinaloa<\/p>\n","protected":false},"excerpt":{"rendered":"<p>Mazatl\u00e1n encabeza la incidencia durante el mes, seguido de Escuinapa y Culiac\u00e1n; de enero a agosto, los casos aumentaron 184.6 por ciento Josemiguel Souza Culiac\u00e1n, Sin.- Agosto se convirti\u00f3 en el mes con mayor incidencia de feminicidios en los \u00faltimos 14 a\u00f1os, seg\u00fan las estad\u00edsticas de la Fiscal\u00eda General del Estado de Sinaloa. Durante el mes reci\u00e9n concluido se registraron\u00a019 casos. La cifra representa un incremento de\u00a0mil 800 por ciento\u00a0respecto a agosto de 2025, cuando se contabiliz\u00f3 un feminicidio. Cabe recordar que el delito de feminicidio fue estipulado en 2012; desde entonces, los meses de mayor incidencia han sido septiembre [&hellip;]<\/p>\n","protected":false},"author":3,"featured_media":151982,"comment_status":"open","ping_status":"open","sticky":false,"template":"","format":"standard","meta":{"_jetpack_newsletter_access":"","_jetpack_dont_email_post_to_subs":false,"_jetpack_newsletter_tier_id":0,"_jetpack_memberships_contains_paywalled_content":false,"_jetpack_feature_clip_id":0,"_jetpack_memberships_contains_paid_content":false,"footnotes":"","jetpack_publicize_message":"","jetpack_publicize_feature_enabled":true,"jetpack_social_post_already_shared":true,"jetpack_social_options":{"image_generator_settings":{"template":"highway","default_image_id":0,"font":"","enabled":false},"version":2},"jetpack_post_was_ever_published":false},"categories":[90],"tags":[],"class_list":["post-151979","post","type-post","status-publish","format-standard","has-post-thumbnail","hentry","category-estatal","post--single"],"jetpack_publicize_connections":[],"jetpack_featured_media_url":"https:\/\/ovelanalista.com\/wp-content\/uploads\/2026\/09\/Captura-de-pantalla-2026-09-01-a-las-10.31.31-a.m.png","jetpack_sharing_enabled":true,"_links":{"self":[{"href":"https:\/\/ovelanalista.com\/index.php?rest_route=\/wp\/v2\/posts\/151979","targetHints":{"allow":["GET"]}}],"collection":[{"href":"https:\/\/ovelanalista.com\/index.php?rest_route=\/wp\/v2\/posts"}],"about":[{"href":"https:\/\/ovelanalista.com\/index.php?rest_route=\/wp\/v2\/types\/post"}],"author":[{"embeddable":true,"href":"https:\/\/ovelanalista.com\/index.php?rest_route=\/wp\/v2\/users\/3"}],"replies":[{"embeddable":true,"href":"https:\/\/ovelanalista.com\/index.php?rest_route=%2Fwp%2Fv2%2Fcomments&post=151979"}],"version-history":[{"count":1,"href":"https:\/\/ovelanalista.com\/index.php?rest_route=\/wp\/v2\/posts\/151979\/revisions"}],"predecessor-version":[{"id":151983,"href":"https:\/\/ovelanalista.com\/index.php?rest_route=\/wp\/v2\/posts\/151979\/revisions\/151983"}],"wp:featuredmedia":[{"embeddable":true,"href":"https:\/\/ovelanalista.com\/index.php?rest_route=\/wp\/v2\/media\/151982"}],"wp:attachment":[{"href":"https:\/\/ovelanalista.com\/index.php?rest_route=%2Fwp%2Fv2%2Fmedia&parent=151979"}],"wp:term":[{"taxonomy":"category","embeddable":true,"href":"https:\/\/ovelanalista.com\/index.php?rest_route=%2Fwp%2Fv2%2Fcategories&post=151979"},{"taxonomy":"post_tag","embeddable":true,"href":"https:\/\/ovelanalista.com\/index.php?rest_route=%2Fwp%2Fv2%2Ftags&post=151979"}],"curies":[{"name":"wp","href":"https:\/\/api.w.org\/{rel}","templated":true}]}}