{"id":151985,"date":"2026-09-01T17:00:58","date_gmt":"2026-09-02T00:00:58","guid":{"rendered":"https:\/\/ovelanalista.com\/?p=151985"},"modified":"2026-09-01T10:39:25","modified_gmt":"2026-09-01T17:39:25","slug":"el-sector-informal-en-sinaloa-sigue-creciendo-y-ha-alcanzado-un-nuevo-limite-maximo","status":"publish","type":"post","link":"https:\/\/ovelanalista.com\/?p=151985","title":{"rendered":"El sector informal en Sinaloa sigue creciendo y ha alcanzado un nuevo l\u00edmite m\u00e1ximo"},"content":{"rendered":"<p>Sinaloa registra un aumento de la informalidad laboral ante la crisis de seguridad, la burocracia y el temor al SAT, seg\u00fan l\u00edderes empresariales.<\/p>\n<p><strong>Daniel Villaman<\/strong><\/p>\n<p>En\u00a0<strong>Sinaloa<\/strong>, el porcentaje de personas ocupadas en el\u00a0<strong>sector informal\u00a0<\/strong>ha<strong>\u00a0crecido<\/strong>\u00a0a m\u00e1ximos no vistos en un periodo similar en la entidad desde hace, por lo menos, 5 a\u00f1os.\u00a0<strong>Incertidumbre<\/strong>\u00a0por la\u00a0<strong>crisis de seguridad<\/strong>, pesadas\u00a0<strong>cargas fiscales<\/strong>, desinformaci\u00f3n y larga\u00a0<strong>tramitolog\u00eda<\/strong>\u00a0son algunas de las explicaciones que l\u00edderes empresariales y la Secretar\u00eda de Econom\u00eda ofrecen sobre el fen\u00f3meno.<\/p>\n<p>En el\u00a0<strong>segundo trimestre de 2026<\/strong>, la tasa de personas que trabajan en\u00a0<strong>organizaciones informales<\/strong>\u00a0en Sinaloa creci\u00f3 hasta colocarse en el 26.6% de toda la poblaci\u00f3n ocupada, frente al 21.9% del mismo periodo del 2025.<\/p>\n<div class=\"flourish-embed flourish-hierarchy embed graphic graphic--flourish\" data-src=\"visualisation\/30114109\"><iframe title=\"Interactive or visual content\" src=\"https:\/\/flo.uri.sh\/visualisation\/30114109\/embed?auto=1\" frameborder=\"0\" scrolling=\"no\" sandbox=\"allow-same-origin allow-forms allow-scripts allow-downloads allow-popups allow-popups-to-escape-sandbox allow-top-navigation-by-user-activation\" data-mce-fragment=\"1\"><\/iframe><\/p>\n<div class=\"flourish-credit\">Made with Flourish\u00a0\u2022\u00a0<a href=\"https:\/\/flourish.studio\/visualisations\/treemaps\/?utm_source=showcase&amp;utm_campaign=visualisation\/30114109\" target=\"_blank\" rel=\"noopener noreferrer\" aria-label=\"Create a hierarchy graph (opens in new tab)\">Create a hierarchy graph<\/a><\/div>\n<\/div>\n<p>Para\u00a0<strong>Guadalupe Zavala Yamaguchi<\/strong>, presidenta de la<strong>\u00a0C\u00e1mara Nacional del Comercio<\/strong>\u00a0(Canaco) en Culiac\u00e1n, una de las principales organizaciones privadas promotoras de la formalidad empresarial en Sinaloa, el aumento de la informalidad en el \u00faltimo a\u00f1o responde al deterioro econ\u00f3mico que ha dejado tras de s\u00ed la ola de violencia en el estado.<\/p>\n<blockquote><p>\u201c<strong>Es, en parte, la situaci\u00f3n que enfrentamos de la violencia. Ha generado que est\u00e9 a la baja el n\u00famero de empleos<\/strong>. [\u2026] La situaci\u00f3n econ\u00f3mica, tanto desempleo, ha originado obviamente a que m\u00e1s personas se vayan a la informalidad o que hayan buscado autoemplearse \u201c, comenta.<\/p><\/blockquote>\n<p>&nbsp;<\/p>\n<p>La situaci\u00f3n de violencia a la que la l\u00edder empresarial hace referencia corresponde al periodo de crisis de seguridad en Sinaloa que se ha prolongado desde septiembre de 2024 hasta la fecha, por motivo de un<strong>\u00a0conflicto interno del crimen organizado<\/strong>, y que ha afectado la actividad empresarial. Esto se ha visto reflejado en la\u00a0<a href=\"https:\/\/revistaespejo.com\/2026\/05\/04\/la-economia-de-culiacan-se-sigue-desinflando-934-empresas-desaparecieron-en-un-ano\/\">desaparici\u00f3n de empresas<\/a>\u00a0y un\u00a0<a href=\"https:\/\/revistaespejo.com\/2026\/07\/13\/crisis-de-empleo-formal-se-perpetua-en-sinaloa\/\">mal desempe\u00f1o laboral de Sinaloa.<\/a><\/p>\n<p>Adem\u00e1s, como uno de los principales factores, menciona extensos tr\u00e1mites y requisitos excesivos para abrir un negocio formal. La carga burocr\u00e1tica es tal que la c\u00e1mara ha solicitado a las autoridades medidas para aligerar los procesos de obtenci\u00f3n de algunos permisos. \u201c<strong>Son una serie de permisos y tr\u00e1mites que te llevan a la informalidad<\/strong>\u201c, asegura Zavala.<\/p>\n<p>Tambi\u00e9n abord\u00f3 el tema fiscal y las expresiones de \u201c<strong>miedo al SAT<\/strong>\u201d que, dijo, han adoptado algunos empresarios ante lo que consideran\u00a0<strong>cobros tributarios excesivos.<\/strong>\u00a0Se\u00f1al\u00f3, adem\u00e1s, que entre los due\u00f1os de negocios han surgido quejas por sentirse<strong>\u00a0acosados por las autoridades<\/strong>, debido a las constantes inspecciones a establecimientos locales, en las que se detectan errores administrativos que pueden derivar en\u00a0<strong>multas<\/strong>.<\/p>\n<h2>\u201cEl desconocimiento es lo que hace que exista la informalidad\u201d: Econom\u00eda Sinaloa<\/h2>\n<p>&nbsp;<\/p>\n<p><strong>Wendy Hern\u00e1ndez<\/strong>, subsecretaria de fomento econ\u00f3mico de la Secretar\u00eda de Econom\u00eda de Sinaloa, y encargada de los programas de apoyo al emprendimiento de la dependencia, mencion\u00f3 a ESPEJO que los principales obst\u00e1culos son de\u00a0<strong>informaci\u00f3n<\/strong>\u00a0y saturaci\u00f3n de\u00a0<strong>tr\u00e1mites<\/strong>\u00a0en las dependencias de gobierno.<\/p>\n<blockquote><p>\u201cNosotros hemos detectado que el desconocimiento es lo que hace que exista la informalidad.\u00a0<strong>Si platicas con emprendedores, lo primero que te van a decir es que le tienen miedo al SAT.<\/strong>\u00a0No saben qu\u00e9 van a hacer si les hacen un dep\u00f3sito, una transferencia, o si pagan con cheque. Existe ese desconocimiento\u201d, explic\u00f3.<\/p><\/blockquote>\n<p>&nbsp;<\/p>\n<p>Tambi\u00e9n hizo menci\u00f3n de que la\u00a0<strong>falta de disponibilidad de citas en las oficinas del Sistema de Administraci\u00f3n Tributaria<\/strong>. \u201cA veces los tiempos no son adecuados\u201d, comenta. Por ese motivo, ha surgido la necesidad de acercar los tr\u00e1mites expr\u00e9s a varias zonas del estado con m\u00f3dulos temporales.<\/p>\n<p>Sobre la relevancia de que los emprendedores se formalicen, Hern\u00e1ndez asegur\u00f3 que establecerse legalmente propicia el crecimiento de las organizaciones, al permitirles acceder a cr\u00e9ditos empresariales o la posibilidad de establecer franquicias.<\/p>\n<blockquote><p>\u201c<strong>Abrimos las puertas a un crecimiento<\/strong>\u00a0desde que t\u00fa tienes en mente el estar en un negocio formal. T\u00fa ya sabes que tienes que cumplir con ciertas obligaciones y eso hace que haya m\u00e1s demanda de ti mismo como emprendedor para salir adelante\u201d, dijo.<\/p><\/blockquote>\n<p>&nbsp;<\/p>\n<h2>7 de cada 10 restaurantes en Culiac\u00e1n son informales: Canirac<\/h2>\n<p>&nbsp;<\/p>\n<p>La presidenta de la C\u00e1mara Nacional de la Industria Restaurantera y Alimentos Condimentados (Canirac) en Culiac\u00e1n,\u00a0<strong>Karla Garc\u00eda<\/strong>, hizo menci\u00f3n sobre el alto \u00edndice de informalidad que prevalece en el sector restaurantero de la capital sinaloense, donde se concentran m\u00e1s de un tercio de todas las unidades de negocio del estado. Coment\u00f3 que alrededor de 7 de cada 10 restaurantes pertenec\u00edan al sector informal.<\/p>\n<p>Para Garc\u00eda, la percepci\u00f3n negativa que se ha creado alrededor de la formalidad es una de las principales barreras para que las empresas busquen establecerse legalmente.<\/p>\n<blockquote><p>\u201c<strong>La percepci\u00f3n que de pronto se ve, de que ser formal conlleva demasiado trabajo.<\/strong>\u00a0Claro que tiene sus puntos, avances y ruta. Es la parte que hacemos nosotros, acompa\u00f1arlos para que vean que el proceso de pasar a la formalidad es un proceso que se puede sostener\u201d, dijo.<\/p><\/blockquote>\n<p>&nbsp;<\/p>\n<h2>Flexibilidad al comercio formal para estimular formalizaci\u00f3n<\/h2>\n<p>&nbsp;<\/p>\n<p>Guadalupe Zavala, antes citada, mencion\u00f3 que es necesario que las autoridades pongan en marcha\u00a0<strong>mecanismos de apoyo para los comercios formales<\/strong>, explicando que han sido privilegiadas las medidas para el sector informal, mientras que a los negocios legalmente establecidos se les ha dejado en un<strong>\u00a0segundo plano<\/strong>\u00a0dentro de las agendas institucionales.<\/p>\n<blockquote><p>\u201cPor lo que abogamos es que haya empleos formales con prestaciones. Lo que le digo yo al gobierno es que, si no nos est\u00e1n apoyando con el pago de impuestos,\u00a0<strong>procuren c\u00f3mo apoyarnos con los recargos, las visitas, en multas<\/strong>. Por un descuido de un colaborador la empresa puede llevarse una multa de 70 mil pesos, por un error, aunque cumpla con todo\u201d, comenta.<\/p><\/blockquote>\n<p>&nbsp;<\/p>\n<p>Agreg\u00f3 que la relevancia del asunto radica en que la formalidad es un factor importante del desarrollo econ\u00f3mico de la entidad.<\/p>\n<blockquote><p>\u201cLa econom\u00eda no crece, no hay pago de impuestos.<strong>\u00a0No hay avance ni crecimiento econ\u00f3mico<\/strong>\u201c, asegur\u00f3.<\/p><\/blockquote>\n<p>&nbsp;<\/p>\n<p>Con informaci\u00f3n de Revista Espejo<\/p>\n","protected":false},"excerpt":{"rendered":"<p>Sinaloa registra un aumento de la informalidad laboral ante la crisis de seguridad, la burocracia y el temor al SAT, seg\u00fan l\u00edderes empresariales. Daniel Villaman En\u00a0Sinaloa, el porcentaje de personas ocupadas en el\u00a0sector informal\u00a0ha\u00a0crecido\u00a0a m\u00e1ximos no vistos en un periodo similar en la entidad desde hace, por lo menos, 5 a\u00f1os.\u00a0Incertidumbre\u00a0por la\u00a0crisis de seguridad, pesadas\u00a0cargas fiscales, desinformaci\u00f3n y larga\u00a0tramitolog\u00eda\u00a0son algunas de las explicaciones que l\u00edderes empresariales y la Secretar\u00eda de Econom\u00eda ofrecen sobre el fen\u00f3meno. En el\u00a0segundo trimestre de 2026, la tasa de personas que trabajan en\u00a0organizaciones informales\u00a0en Sinaloa creci\u00f3 hasta colocarse en el 26.6% de toda la poblaci\u00f3n ocupada, [&hellip;]<\/p>\n","protected":false},"author":3,"featured_media":151991,"comment_status":"open","ping_status":"open","sticky":false,"template":"","format":"standard","meta":{"_jetpack_newsletter_access":"","_jetpack_dont_email_post_to_subs":false,"_jetpack_newsletter_tier_id":0,"_jetpack_memberships_contains_paywalled_content":false,"_jetpack_feature_clip_id":0,"_jetpack_memberships_contains_paid_content":false,"footnotes":"","jetpack_publicize_message":"","jetpack_publicize_feature_enabled":true,"jetpack_social_post_already_shared":true,"jetpack_social_options":{"image_generator_settings":{"template":"highway","default_image_id":0,"font":"","enabled":false},"version":2},"jetpack_post_was_ever_published":false},"categories":[90],"tags":[],"class_list":["post-151985","post","type-post","status-publish","format-standard","has-post-thumbnail","hentry","category-estatal","post--single"],"jetpack_publicize_connections":[],"jetpack_featured_media_url":"https:\/\/ovelanalista.com\/wp-content\/uploads\/2026\/09\/Captura-de-pantalla-2026-09-01-a-las-10.38.35-a.m.png","jetpack_sharing_enabled":true,"_links":{"self":[{"href":"https:\/\/ovelanalista.com\/index.php?rest_route=\/wp\/v2\/posts\/151985","targetHints":{"allow":["GET"]}}],"collection":[{"href":"https:\/\/ovelanalista.com\/index.php?rest_route=\/wp\/v2\/posts"}],"about":[{"href":"https:\/\/ovelanalista.com\/index.php?rest_route=\/wp\/v2\/types\/post"}],"author":[{"embeddable":true,"href":"https:\/\/ovelanalista.com\/index.php?rest_route=\/wp\/v2\/users\/3"}],"replies":[{"embeddable":true,"href":"https:\/\/ovelanalista.com\/index.php?rest_route=%2Fwp%2Fv2%2Fcomments&post=151985"}],"version-history":[{"count":1,"href":"https:\/\/ovelanalista.com\/index.php?rest_route=\/wp\/v2\/posts\/151985\/revisions"}],"predecessor-version":[{"id":151992,"href":"https:\/\/ovelanalista.com\/index.php?rest_route=\/wp\/v2\/posts\/151985\/revisions\/151992"}],"wp:featuredmedia":[{"embeddable":true,"href":"https:\/\/ovelanalista.com\/index.php?rest_route=\/wp\/v2\/media\/151991"}],"wp:attachment":[{"href":"https:\/\/ovelanalista.com\/index.php?rest_route=%2Fwp%2Fv2%2Fmedia&parent=151985"}],"wp:term":[{"taxonomy":"category","embeddable":true,"href":"https:\/\/ovelanalista.com\/index.php?rest_route=%2Fwp%2Fv2%2Fcategories&post=151985"},{"taxonomy":"post_tag","embeddable":true,"href":"https:\/\/ovelanalista.com\/index.php?rest_route=%2Fwp%2Fv2%2Ftags&post=151985"}],"curies":[{"name":"wp","href":"https:\/\/api.w.org\/{rel}","templated":true}]}}