{"id":151993,"date":"2026-09-01T17:30:54","date_gmt":"2026-09-02T00:30:54","guid":{"rendered":"https:\/\/ovelanalista.com\/?p=151993"},"modified":"2026-09-01T10:44:11","modified_gmt":"2026-09-01T17:44:11","slug":"seguridad-y-plan-de-pacificacion-de-sinaloa-temas-que-abordaron-alcaldesa-y-gobernadora","status":"publish","type":"post","link":"https:\/\/ovelanalista.com\/?p=151993","title":{"rendered":"Seguridad y plan de pacificaci\u00f3n de Sinaloa, temas que abordaron alcaldesa y gobernadora"},"content":{"rendered":"<p>La presidenta municipal dice que Dom\u00ednguez Nava tiene previsto regresar a Mazatl\u00e1n el pr\u00f3ximo s\u00e1bado<\/p>\n<p class=\"Typography_text-l__QLRR8 Typography_weight-bold__uT6mq\">Carla Gonz\u00e1lez<\/p>\n<p class=\"Typography_text-default__P3otY Typography_weight-normal__pqUbH Typography_text-default__P3otY Typography_weight-normal__pqUbH\">Mazatl\u00e1n, Sin._\u00a0<b class=\"bold\">Seguridad y la propuesta de<\/b>\u00a0establecer un\u00a0<b class=\"bold\">plan de pacificaci\u00f3n para Sinaloa<\/b>\u00a0fueron algunos de los\u00a0<b class=\"bold\">temas que abordaron la alcaldesa de Mazatl\u00e1n<\/b>,\u00a0<i class=\"italic\">Minerva Osuna Zavala,<\/i>\u00a0y la\u00a0<b class=\"bold\">gobernadora interina<\/b>,\u00a0<i class=\"italic\">Graciela Dom\u00ednguez Nava<\/i>, durante la gira de trabajo que realiz\u00f3 la mandataria estatal por el municipio.<\/p>\n<p class=\"Typography_text-default__P3otY Typography_weight-normal__pqUbH Typography_text-default__P3otY Typography_weight-normal__pqUbH\">En medio del\u00a0<b class=\"bold\">repunte de violencia que registra Mazatl\u00e1n,<\/b>\u00a0con m\u00e1s de 60 homicidios dolosos y ocho feminicidios durante agosto,<b class=\"bold\">\u00a0Osuna Zavala se\u00f1al\u00f3 que la mandataria estatal le coment\u00f3<\/b>\u00a0que\u00a0<b class=\"bold\">ya trabaja en un plan de pacificaci\u00f3n para el estado<\/b>, para lo cual\u00a0<b class=\"bold\">prev\u00e9 reunir a los municipios y autoridades de seguridad<\/b>, adem\u00e1s de incorporar a\u00a0<b class=\"bold\">representantes de distintos sectores<\/b><\/p>\n<p class=\"Typography_text-default__P3otY Typography_weight-normal__pqUbH Typography_text-default__P3otY Typography_weight-normal__pqUbH\">La presidenta municipal indic\u00f3 que<b class=\"bold\">\u00a0incluso Dom\u00ednguez Nava tiene previsto regresar a Mazatl\u00e1n el pr\u00f3ximo s\u00e1bado,\u00a0<\/b>ocasi\u00f3n en la que posiblemente<b class=\"bold\">\u00a0sostenga reuniones con representantes de c\u00e1maras empresariales y con madres buscadoras,<\/b>\u00a0a quienes atendi\u00f3 el domingo por la noche al concluir el evento &#8220;M\u00e9xico Canta&#8221;, realizado en el\u00a0<b class=\"bold\">Teatro \u00c1ngela Peralta.<\/b><\/p>\n<p class=\"Typography_text-default__P3otY Typography_weight-normal__pqUbH Typography_text-default__P3otY Typography_weight-normal__pqUbH\"><i class=\"italic\">&#8220;Pues lo que a usted les coment\u00f3, de que quiere hacer un plan de pacificaci\u00f3n donde nos van a reunir a todos los municipios y vamos a platicar sobre eso<\/i>, tambi\u00e9n con las autoridades. Ya me he estado reuniendo con hoteleros, ya con algunos empresarios tambi\u00e9n en particular, y<i class=\"italic\">\u00a0yo creo que ya va a reunir a todo el empezar\u00edamos para platicar con ellos y ver este plan de pacificaci\u00f3n que ella va a trabajar&#8221;,<\/i>\u00a0dijo.<\/p>\n<p class=\"Typography_text-default__P3otY Typography_weight-normal__pqUbH Typography_text-default__P3otY Typography_weight-normal__pqUbH\">En cuanto al\u00a0<b class=\"bold\">despliegue de seguridad,<\/b>\u00a0Osuna Zavala\u00a0<b class=\"bold\">indic\u00f3 que la gobernadora interina no le coment\u00f3 sobre la llegada de m\u00e1s elementos de las Fuerzas Armadas a Mazatl\u00e1n;<\/b>\u00a0no obstante, se\u00f1al\u00f3 que los alrededor de<b class=\"bold\">\u00a06 mil efectivos que actualmente se encuentran en el municipio permanecer\u00e1n<\/b>, pese a que ya concluy\u00f3 el periodo vacacional.<\/p>\n<p>&nbsp;<\/p>\n<p>Con informaci\u00f3n de El Sol de Mazatl\u00e1n<\/p>\n","protected":false},"excerpt":{"rendered":"<p>La presidenta municipal dice que Dom\u00ednguez Nava tiene previsto regresar a Mazatl\u00e1n el pr\u00f3ximo s\u00e1bado Carla Gonz\u00e1lez Mazatl\u00e1n, Sin._\u00a0Seguridad y la propuesta de\u00a0establecer un\u00a0plan de pacificaci\u00f3n para Sinaloa\u00a0fueron algunos de los\u00a0temas que abordaron la alcaldesa de Mazatl\u00e1n,\u00a0Minerva Osuna Zavala,\u00a0y la\u00a0gobernadora interina,\u00a0Graciela Dom\u00ednguez Nava, durante la gira de trabajo que realiz\u00f3 la mandataria estatal por el municipio. En medio del\u00a0repunte de violencia que registra Mazatl\u00e1n,\u00a0con m\u00e1s de 60 homicidios dolosos y ocho feminicidios durante agosto,\u00a0Osuna Zavala se\u00f1al\u00f3 que la mandataria estatal le coment\u00f3\u00a0que\u00a0ya trabaja en un plan de pacificaci\u00f3n para el estado, para lo cual\u00a0prev\u00e9 reunir a los municipios y autoridades [&hellip;]<\/p>\n","protected":false},"author":3,"featured_media":151996,"comment_status":"open","ping_status":"open","sticky":false,"template":"","format":"standard","meta":{"_jetpack_newsletter_access":"","_jetpack_dont_email_post_to_subs":false,"_jetpack_newsletter_tier_id":0,"_jetpack_memberships_contains_paywalled_content":false,"_jetpack_feature_clip_id":0,"_jetpack_memberships_contains_paid_content":false,"footnotes":"","jetpack_publicize_message":"","jetpack_publicize_feature_enabled":true,"jetpack_social_post_already_shared":true,"jetpack_social_options":{"image_generator_settings":{"template":"highway","default_image_id":0,"font":"","enabled":false},"version":2},"jetpack_post_was_ever_published":false},"categories":[90],"tags":[],"class_list":["post-151993","post","type-post","status-publish","format-standard","has-post-thumbnail","hentry","category-estatal","post--single"],"jetpack_publicize_connections":[],"jetpack_featured_media_url":"https:\/\/ovelanalista.com\/wp-content\/uploads\/2026\/09\/Captura-de-pantalla-2026-09-01-a-las-10.41.26-a.m.png","jetpack_sharing_enabled":true,"_links":{"self":[{"href":"https:\/\/ovelanalista.com\/index.php?rest_route=\/wp\/v2\/posts\/151993","targetHints":{"allow":["GET"]}}],"collection":[{"href":"https:\/\/ovelanalista.com\/index.php?rest_route=\/wp\/v2\/posts"}],"about":[{"href":"https:\/\/ovelanalista.com\/index.php?rest_route=\/wp\/v2\/types\/post"}],"author":[{"embeddable":true,"href":"https:\/\/ovelanalista.com\/index.php?rest_route=\/wp\/v2\/users\/3"}],"replies":[{"embeddable":true,"href":"https:\/\/ovelanalista.com\/index.php?rest_route=%2Fwp%2Fv2%2Fcomments&post=151993"}],"version-history":[{"count":1,"href":"https:\/\/ovelanalista.com\/index.php?rest_route=\/wp\/v2\/posts\/151993\/revisions"}],"predecessor-version":[{"id":151998,"href":"https:\/\/ovelanalista.com\/index.php?rest_route=\/wp\/v2\/posts\/151993\/revisions\/151998"}],"wp:featuredmedia":[{"embeddable":true,"href":"https:\/\/ovelanalista.com\/index.php?rest_route=\/wp\/v2\/media\/151996"}],"wp:attachment":[{"href":"https:\/\/ovelanalista.com\/index.php?rest_route=%2Fwp%2Fv2%2Fmedia&parent=151993"}],"wp:term":[{"taxonomy":"category","embeddable":true,"href":"https:\/\/ovelanalista.com\/index.php?rest_route=%2Fwp%2Fv2%2Fcategories&post=151993"},{"taxonomy":"post_tag","embeddable":true,"href":"https:\/\/ovelanalista.com\/index.php?rest_route=%2Fwp%2Fv2%2Ftags&post=151993"}],"curies":[{"name":"wp","href":"https:\/\/api.w.org\/{rel}","templated":true}]}}