{"id":151994,"date":"2026-09-01T18:30:18","date_gmt":"2026-09-02T01:30:18","guid":{"rendered":"https:\/\/ovelanalista.com\/?p=151994"},"modified":"2026-09-01T10:50:09","modified_gmt":"2026-09-01T17:50:09","slug":"ai-condena-ataque-contra-buscadora-de-desaparecidos-y-su-hija-en-culiacan","status":"publish","type":"post","link":"https:\/\/ovelanalista.com\/?p=151994","title":{"rendered":"AI condena ataque contra buscadora de desaparecidos y su hija en Culiac\u00e1n"},"content":{"rendered":"<p>La hija de Alma Rosa Rojo Medina, fundadora de Voces Unidas por la Vida, tambi\u00e9n result\u00f3 herida en el ataque armado<\/p>\n<div class=\"entry-grid__content-area entry-main-text\">\n<header class=\"entry-header mb-4\">\n<div class=\"entry-info entry-info-header mb-0 mb-lg-2\">\n<div class=\"entry-excerpt px-0 pb-3\">\n<p>La hija de Alma Rosa Rojo Medina, fundadora de Voces Unidas por la Vida, tambi\u00e9n result\u00f3 herida en el ataque armado<\/p>\n<p>&nbsp;<\/p>\n<div class=\"article-item__date mb-auto align-self-center pb-2\">agosto 31, 2026<\/div>\n<\/div>\n<\/div>\n<\/header>\n<\/div>\n<div class=\"entry-grid__content-area2 entry-main-text\">\n<div class=\"row\">\n<div class=\"col-12 col-lg-8\">\n<div class=\"article-content\">\n<p>La organizaci\u00f3n\u00a0<strong>Amnist\u00eda Internacional (AI)<\/strong>\u00a0lament\u00f3 este lunes los ataques contra\u00a0<strong>Alma Rosa Rojo Medina<\/strong>, fundadora del colectivo de madres buscadoras\u00a0<strong>Voces Unidas por la Vida<\/strong>, y su hija el pasado 29 de agosto en\u00a0<strong>Culiac\u00e1n,<\/strong>\u00a0capital de\u00a0<strong>Sinaloa,<\/strong>\u00a0al tiempo que exigi\u00f3 una investigaci\u00f3n \u201cpronta, exhaustiva e imparcial\u201d sobre el caso.<\/p>\n<p>En un pronunciamiento,\u00a0<strong>AI<\/strong>\u00a0apunt\u00f3 la exigencia de las indagatorias a la\u00a0<strong>Fiscal\u00eda General del Estado de Sinaloa<\/strong>\u00a0y confirm\u00f3 que la hija de\u00a0<strong>Rojo Medina<\/strong>\u00a0tambi\u00e9n result\u00f3 herida durante el ataque liderado por hombres armados que dispararon contra el veh\u00edculo en el que viajaba la activista.<\/p>\n<p>\u201cExigimos a la Fiscal\u00eda General del Estado de Sinaloa investigar de manera pronta, exhaustiva e imparcial los ataques contra Alma Rosa y su hija, considerando como l\u00ednea de investigaci\u00f3n su labor como defensora de derechos humanos\u201d, expres\u00f3 la organizaci\u00f3n en su mensaje publicado en la red social X.<\/p>\n<p>Por su parte, la Fiscal\u00eda local inform\u00f3 que hasta el momento est\u00e1 abierta una indagatoria por\u00a0<strong>feminicidio<\/strong>\u00a0<strong>en grado de tentativa<\/strong>, y se\u00f1al\u00f3 tambi\u00e9n que una de las l\u00edneas de investigaci\u00f3n busca determinar si el ataque est\u00e1 relacionado con el activismo de\u00a0<strong>Rojo Medina.<\/strong><\/p>\n<p>AI record\u00f3 adem\u00e1s que, frente a las omisiones del Estado mexicano, son personas como\u00a0<strong>Rojo Medina<\/strong>\u00a0las que asumen la b\u00fasqueda de sus seres queridos y enfrentan riesgos y agresiones por realizar esta labor.<\/p>\n<p>Por lo tanto, solicit\u00f3 asegurar medidas adecuadas para las mujeres buscadoras a trav\u00e9s del\u00a0<strong>Mecanismo de Protecci\u00f3n<\/strong>, cuya actuaci\u00f3n debe acompa\u00f1arlas \u201cno solo durante las jornadas de b\u00fasqueda, sino tambi\u00e9n en su vida cotidiana\u201d.<\/p>\n<p>\u201cEl Estado mexicano debe atender de manera efectiva la crisis de desapariciones y garantizar condiciones de seguridad para quienes realizan labores de b\u00fasqueda\u201d, insisti\u00f3 al apuntar que M\u00e9xico registra m\u00e1s de 132.000 personas desaparecidas.<\/p>\n<p>En ese contexto,\u00a0<strong>\u201cSinaloa<\/strong>\u00a0ocupa el quinto lugar en desapariciones, con m\u00e1s de 7 mil 300, y el tercer lugar en n\u00famero de homicidios, con 114 tan solo en julio\u201d, indic\u00f3.<\/p>\n<p>El llamado por parte de\u00a0<strong>AI<\/strong>\u00a0ocurre dos d\u00edas despu\u00e9s de que\u00a0<strong>Rojo Medina<\/strong>\u00a0y su hija fueran agredidas en la colonia\u00a0<strong>Esthela Ortiz de Toledo<\/strong>, en\u00a0<strong>Culiac\u00e1n,<\/strong>\u00a0un suceso que adem\u00e1s revivi\u00f3 el caso de\u00a0<strong>Sandra Luz Hern\u00e1ndez<\/strong>, tambi\u00e9n integrante de\u00a0<strong>Voces Unidas por la Vida,<\/strong>\u00a0que buscaba a su hijo desaparecido y fue asesinada a tiros en\u00a0<strong>Culiac\u00e1n<\/strong>\u00a0en mayo de 2014.<\/p>\n<p>Este es considerado el segundo ataque al colectivo fundado por\u00a0<strong>Rojo Medina<\/strong>, quien comenz\u00f3 su activismo tras la desaparici\u00f3n de su hermano\u00a0<strong>Miguel \u00c1ngel<\/strong>\u00a0en 2009; desde aquel suceso ha encabezado b\u00fasquedas de personas y restos humanos en distintos puntos de\u00a0<strong>Sinaloa.<\/strong><\/p>\n<p>Las amenazas y ataques a las personas buscadoras son recurrentes en\u00a0<strong>Sinaloa,<\/strong>\u00a0uno de los estados m\u00e1s peligrosos de\u00a0<strong>M\u00e9xico,<\/strong>\u00a0al ser un territorio de disputa entre\u00a0<strong>Los Chapitos y La Mayiza,<\/strong>\u00a0facciones del\u00a0<strong>Cartel de Sinaloa<\/strong>\u00a0enfrentadas tras la captura en\u00a0<strong>Estados Unidos<\/strong>\u00a0del hist\u00f3rico narcotraficante<strong>\u00a0Ismael \u2018el Mayo\u2019 Zambada.<\/strong><\/p>\n<p>Con informaci\u00f3n de EFE.<\/p>\n<\/div>\n<\/div>\n<p>&nbsp;<\/p>\n<\/div>\n<\/div>\n","protected":false},"excerpt":{"rendered":"<p>La hija de Alma Rosa Rojo Medina, fundadora de Voces Unidas por la Vida, tambi\u00e9n result\u00f3 herida en el ataque armado La hija de Alma Rosa Rojo Medina, fundadora de Voces Unidas por la Vida, tambi\u00e9n result\u00f3 herida en el ataque armado &nbsp; agosto 31, 2026 La organizaci\u00f3n\u00a0Amnist\u00eda Internacional (AI)\u00a0lament\u00f3 este lunes los ataques contra\u00a0Alma Rosa Rojo Medina, fundadora del colectivo de madres buscadoras\u00a0Voces Unidas por la Vida, y su hija el pasado 29 de agosto en\u00a0Culiac\u00e1n,\u00a0capital de\u00a0Sinaloa,\u00a0al tiempo que exigi\u00f3 una investigaci\u00f3n \u201cpronta, exhaustiva e imparcial\u201d sobre el caso. En un pronunciamiento,\u00a0AI\u00a0apunt\u00f3 la exigencia de las indagatorias a la\u00a0Fiscal\u00eda [&hellip;]<\/p>\n","protected":false},"author":3,"featured_media":152000,"comment_status":"open","ping_status":"open","sticky":false,"template":"","format":"standard","meta":{"_jetpack_newsletter_access":"","_jetpack_dont_email_post_to_subs":false,"_jetpack_newsletter_tier_id":0,"_jetpack_memberships_contains_paywalled_content":false,"_jetpack_feature_clip_id":0,"_jetpack_memberships_contains_paid_content":false,"footnotes":"","jetpack_publicize_message":"","jetpack_publicize_feature_enabled":true,"jetpack_social_post_already_shared":true,"jetpack_social_options":{"image_generator_settings":{"template":"highway","default_image_id":0,"font":"","enabled":false},"version":2},"jetpack_post_was_ever_published":false},"categories":[75],"tags":[],"class_list":["post-151994","post","type-post","status-publish","format-standard","has-post-thumbnail","hentry","category-nacional","post--single"],"jetpack_publicize_connections":[],"jetpack_featured_media_url":"https:\/\/ovelanalista.com\/wp-content\/uploads\/2026\/09\/madre-buscadora-atacan-a-balazos-a-madre-buscadora-alma-rosa-rojo-medina.jpg","jetpack_sharing_enabled":true,"_links":{"self":[{"href":"https:\/\/ovelanalista.com\/index.php?rest_route=\/wp\/v2\/posts\/151994","targetHints":{"allow":["GET"]}}],"collection":[{"href":"https:\/\/ovelanalista.com\/index.php?rest_route=\/wp\/v2\/posts"}],"about":[{"href":"https:\/\/ovelanalista.com\/index.php?rest_route=\/wp\/v2\/types\/post"}],"author":[{"embeddable":true,"href":"https:\/\/ovelanalista.com\/index.php?rest_route=\/wp\/v2\/users\/3"}],"replies":[{"embeddable":true,"href":"https:\/\/ovelanalista.com\/index.php?rest_route=%2Fwp%2Fv2%2Fcomments&post=151994"}],"version-history":[{"count":1,"href":"https:\/\/ovelanalista.com\/index.php?rest_route=\/wp\/v2\/posts\/151994\/revisions"}],"predecessor-version":[{"id":152005,"href":"https:\/\/ovelanalista.com\/index.php?rest_route=\/wp\/v2\/posts\/151994\/revisions\/152005"}],"wp:featuredmedia":[{"embeddable":true,"href":"https:\/\/ovelanalista.com\/index.php?rest_route=\/wp\/v2\/media\/152000"}],"wp:attachment":[{"href":"https:\/\/ovelanalista.com\/index.php?rest_route=%2Fwp%2Fv2%2Fmedia&parent=151994"}],"wp:term":[{"taxonomy":"category","embeddable":true,"href":"https:\/\/ovelanalista.com\/index.php?rest_route=%2Fwp%2Fv2%2Fcategories&post=151994"},{"taxonomy":"post_tag","embeddable":true,"href":"https:\/\/ovelanalista.com\/index.php?rest_route=%2Fwp%2Fv2%2Ftags&post=151994"}],"curies":[{"name":"wp","href":"https:\/\/api.w.org\/{rel}","templated":true}]}}