{"id":151995,"date":"2026-09-01T19:00:42","date_gmt":"2026-09-02T02:00:42","guid":{"rendered":"https:\/\/ovelanalista.com\/?p=151995"},"modified":"2026-09-01T10:49:43","modified_gmt":"2026-09-01T17:49:43","slug":"higinio-martinez-perfila-una-gestion-de-dialogo-e-imparcialidad-como-presidente-del-senado","status":"publish","type":"post","link":"https:\/\/ovelanalista.com\/?p=151995","title":{"rendered":"Higinio Mart\u00ednez perfila una gesti\u00f3n de di\u00e1logo e imparcialidad como presidente del Senado"},"content":{"rendered":"<p>El morenista Higinio Mart\u00ednez asume la Presidencia de la Mesa Directiva del Senado de la Rep\u00fablica para el periodo 2026-2027<\/p>\n<p>El morenista\u00a0<strong><a href=\"https:\/\/www.facebook.com\/higiniomartinezmiranda\" target=\"_blank\" rel=\"noopener noreferrer\">Higinio<\/a>\u00a0Mart\u00ednez<\/strong>\u00a0se alista para asumir como\u00a0<strong>presidente<\/strong>\u00a0de la<strong>\u00a0Mesa Directiva del Senado de la Rep\u00fablica<\/strong>\u00a0para el a\u00f1o legislativo que inicia formalmente este 1 de septiembre de 2026.<\/p>\n<p>En entrevista con\u00a0<b>Joaqu\u00edn L\u00f3pez-D\u00f3riga<\/b>\u00a0para su espacio en\u00a0<b>Radio F\u00f3rmula<\/b>, Mart\u00ednez Miranda proyecta una conducci\u00f3n enfocada en el consenso, la imparcialidad y el respeto a la pluralidad pol\u00edtica en la C\u00e1mara Alta, en un periodo que ser\u00e1 complejo debido a la contienda electoral de 2027.<\/p>\n<blockquote><p>\u201cA m\u00ed no me toca debatir, a m\u00ed no me toca preparar y darle el curso a los debates y darle la palabra a todas y todos los que deseen de acuerdo al reglamento. Espero hacer ese bien trabajo y ayudar, por supuesto, para que todo lo que salga de ah\u00ed sirva finalmente al pa\u00eds\u201d, sostuvo.<\/p><\/blockquote>\n<h3>Debate parlamentario y contienda electoral<\/h3>\n<p>Frente al incremento de la rispidez pol\u00edtica derivado del proceso electoral, el senador mexiquense desestim\u00f3 la idea de que la tribuna de la C\u00e1mara Alta determine los resultados en las urnas, marcando una distinci\u00f3n entre la contienda pol\u00edtica y labor legislativa.<\/p>\n<p>\u201cYo soy de los que sostengo que por m\u00e1s que haga un excelente trabajo como presidente del Senado, ese trabajo no va a repercutir en el electorado. Las elecciones se ganan all\u00e1 afuera con los candidatos y los resultados de los gobiernos. No creo en que en el Senado se ganen las elecciones, pero cada quien tiene el derecho de pensar como quiera\u201d, asever\u00f3.<\/p>\n<p>En ese sentido, el legislador de la 4T enfatiz\u00f3 que mantendr\u00e1 su disposici\u00f3n al di\u00e1logo con todas las fuerzas pol\u00edticas representadas en la C\u00e1mara Alta.<\/p>\n<div id=\"ros-inread-multiple-i8o3yw\" class=\"ad-container dfp-ad-unit ad-inread ad-slot\" data-ad-type=\"inreadbox\" data-slot=\"inread-multiple\" data-ad-loaded=\"1\" data-ad-setup=\"{&quot;postID&quot;:1809988,&quot;canRefresh&quot;:false,&quot;infinitescroll&quot;:false}\" data-google-query-id=\"CKXCvsn4zZYDFXs0RAgdrSsNMg\">\n<div id=\"google_ads_iframe_\/117913022\/ld\/inread-multiple_0__container__\"><\/div>\n<\/div>\n<p>\u201cMi trabajo siempre ha sido el establecer relaciones y comunicaci\u00f3n. Tienen que ser respetadas todas las expresiones a que tienen derecho las y los senadores. En la presidencia lo que se debe hacer es garantizar el respeto a todas las expresiones\u201d.<\/p>\n<h3>Agenda legislativa y doble nacionalidad<\/h3>\n<p>Respecto a los temas prioritarios en el arranque del a\u00f1o legislativo en el Senado de la Rep\u00fablica, Higinio Mart\u00ednez se\u00f1al\u00f3 que dentro de las reformas de car\u00e1cter constitucional se perfila el debate relativo a las regulaciones sobre la doble nacionalidad para el ejercicio de cargos de alta representaci\u00f3n.<\/p>\n<p>\u201cMe parece que hay cargos importantes, como la Presidencia y las gubernaturas, porque representan el pacto federal, donde se deber\u00eda tener cuidado en qui\u00e9n finalmente es postulado\u201d, refiri\u00f3.<\/p>\n<p>\u201cQuien aspira a un cargo de esa magnitud debe representar los intereses de nuestra naci\u00f3n y no debe haber ninguna duda de su nacionalidad\u201d, opin\u00f3 al referir que la prioridad de la Carta Magna debe ser la salvaguarda de la soberan\u00eda nacional.<\/p>\n<div id=\"ros-inread-multiple-tedwsu\" class=\"ad-container dfp-ad-unit ad-inread ad-slot\" data-ad-type=\"inreadbox\" data-slot=\"inread-multiple\" data-ad-loaded=\"1\" data-ad-setup=\"{&quot;postID&quot;:1809988,&quot;canRefresh&quot;:false,&quot;infinitescroll&quot;:false}\" data-google-query-id=\"CMbOscv4zZYDFa8sRAgdLD4qyA\">\n<div id=\"google_ads_iframe_\/117913022\/ld\/inread-multiple_1__container__\"><\/div>\n<\/div>\n<p class=\"p1\">Con informaci\u00f3n de L\u00f3pez-D\u00f3riga Digital<\/p>\n","protected":false},"excerpt":{"rendered":"<p>El morenista Higinio Mart\u00ednez asume la Presidencia de la Mesa Directiva del Senado de la Rep\u00fablica para el periodo 2026-2027 El morenista\u00a0Higinio\u00a0Mart\u00ednez\u00a0se alista para asumir como\u00a0presidente\u00a0de la\u00a0Mesa Directiva del Senado de la Rep\u00fablica\u00a0para el a\u00f1o legislativo que inicia formalmente este 1 de septiembre de 2026. En entrevista con\u00a0Joaqu\u00edn L\u00f3pez-D\u00f3riga\u00a0para su espacio en\u00a0Radio F\u00f3rmula, Mart\u00ednez Miranda proyecta una conducci\u00f3n enfocada en el consenso, la imparcialidad y el respeto a la pluralidad pol\u00edtica en la C\u00e1mara Alta, en un periodo que ser\u00e1 complejo debido a la contienda electoral de 2027. \u201cA m\u00ed no me toca debatir, a m\u00ed no me toca preparar [&hellip;]<\/p>\n","protected":false},"author":3,"featured_media":152001,"comment_status":"open","ping_status":"open","sticky":false,"template":"","format":"standard","meta":{"_jetpack_newsletter_access":"","_jetpack_dont_email_post_to_subs":false,"_jetpack_newsletter_tier_id":0,"_jetpack_memberships_contains_paywalled_content":false,"_jetpack_feature_clip_id":0,"_jetpack_memberships_contains_paid_content":false,"footnotes":"","jetpack_publicize_message":"","jetpack_publicize_feature_enabled":true,"jetpack_social_post_already_shared":true,"jetpack_social_options":{"image_generator_settings":{"template":"highway","default_image_id":0,"font":"","enabled":false},"version":2},"jetpack_post_was_ever_published":false},"categories":[75],"tags":[],"class_list":["post-151995","post","type-post","status-publish","format-standard","has-post-thumbnail","hentry","category-nacional","post--single"],"jetpack_publicize_connections":[],"jetpack_featured_media_url":"https:\/\/ovelanalista.com\/wp-content\/uploads\/2026\/09\/higinio-martinez.jpg","jetpack_sharing_enabled":true,"_links":{"self":[{"href":"https:\/\/ovelanalista.com\/index.php?rest_route=\/wp\/v2\/posts\/151995","targetHints":{"allow":["GET"]}}],"collection":[{"href":"https:\/\/ovelanalista.com\/index.php?rest_route=\/wp\/v2\/posts"}],"about":[{"href":"https:\/\/ovelanalista.com\/index.php?rest_route=\/wp\/v2\/types\/post"}],"author":[{"embeddable":true,"href":"https:\/\/ovelanalista.com\/index.php?rest_route=\/wp\/v2\/users\/3"}],"replies":[{"embeddable":true,"href":"https:\/\/ovelanalista.com\/index.php?rest_route=%2Fwp%2Fv2%2Fcomments&post=151995"}],"version-history":[{"count":1,"href":"https:\/\/ovelanalista.com\/index.php?rest_route=\/wp\/v2\/posts\/151995\/revisions"}],"predecessor-version":[{"id":152004,"href":"https:\/\/ovelanalista.com\/index.php?rest_route=\/wp\/v2\/posts\/151995\/revisions\/152004"}],"wp:featuredmedia":[{"embeddable":true,"href":"https:\/\/ovelanalista.com\/index.php?rest_route=\/wp\/v2\/media\/152001"}],"wp:attachment":[{"href":"https:\/\/ovelanalista.com\/index.php?rest_route=%2Fwp%2Fv2%2Fmedia&parent=151995"}],"wp:term":[{"taxonomy":"category","embeddable":true,"href":"https:\/\/ovelanalista.com\/index.php?rest_route=%2Fwp%2Fv2%2Fcategories&post=151995"},{"taxonomy":"post_tag","embeddable":true,"href":"https:\/\/ovelanalista.com\/index.php?rest_route=%2Fwp%2Fv2%2Ftags&post=151995"}],"curies":[{"name":"wp","href":"https:\/\/api.w.org\/{rel}","templated":true}]}}