{"id":152003,"date":"2026-09-01T19:30:19","date_gmt":"2026-09-02T02:30:19","guid":{"rendered":"https:\/\/ovelanalista.com\/?p=152003"},"modified":"2026-09-01T10:51:11","modified_gmt":"2026-09-01T17:51:11","slug":"mexico-evita-la-bancarrota-hidrica-pero-el-44-de-sus-acuiferos-esta-bajo-presion","status":"publish","type":"post","link":"https:\/\/ovelanalista.com\/?p=152003","title":{"rendered":"M\u00e9xico evita la \u201cbancarrota h\u00eddrica\u201d, pero el 44% de sus acu\u00edferos est\u00e1 bajo presi\u00f3n"},"content":{"rendered":"<p>Ra\u00fal Rodr\u00edguez, presidente del Consejo Consultivo del Agua, se\u00f1ala que el principal desaf\u00edo mexicano reside en la gesti\u00f3n del agua<\/p>\n<p><strong>M\u00e9xico<\/strong>\u00a0no est\u00e1 en una situaci\u00f3n de \u201c<strong>bancarrota h\u00eddrica<\/strong>\u201d, pero enfrenta se\u00f1ales preocupantes de\u00a0<strong>sobrexplotaci\u00f3n<\/strong>\u00a0de sus\u00a0<strong>reservas<\/strong>, con un 44 por ciento de sus acu\u00edferos en disponibilidad media o negativa y regiones como el Valle de M\u00e9xico extrayendo casi el doble del agua que recuperan naturalmente.<\/p>\n<p>As\u00ed lo advirti\u00f3 a EFE, Jorge Arriaga, coordinador ejecutivo de la Red de Agua de la Universidad Nacional Aut\u00f3noma de M\u00e9xico (UNAM) y del Centro Regional de Seguridad H\u00eddrica bajo los auspicios de la Unesco, quien particip\u00f3 en la Semana Mundial del Agua celebrada recientemente en Estocolmo.<\/p>\n<p>\u201cLa bancarrota h\u00eddrica no es un concepto que podamos hacer operativo\u201d, explic\u00f3 Arriaga sobre el t\u00e9rmino impulsado por Naciones Unidas para advertir de sociedades que viven persistentemente por encima de sus l\u00edmites hidrol\u00f3gicos y deterioran el capital natural que sostiene su suministro.<\/p>\n<p>M\u00e9xico no est\u00e1 en una bancarrota h\u00eddrica, pero tambi\u00e9n es cierto que s\u00ed enfrentamos una situaci\u00f3n compleja\u201d, matiz\u00f3.<\/p>\n<p>De los 653 acu\u00edferos registrados en el pa\u00eds, explic\u00f3, el 44 por ciento presenta una disponibilidad media o negativa, lo que implica que en numerosos casos se extrae m\u00e1s agua de la que puede recargarse naturalmente.<\/p>\n<p>Uno de los focos m\u00e1s preocupantes es el Valle de M\u00e9xico, donde \u201cestamos extrayendo pr\u00e1cticamente el doble de lo que se recarga de manera natural\u201d, una situaci\u00f3n que, seg\u00fan Arriaga, pone en riesgo la sostenibilidad de la regi\u00f3n a largo plazo.<\/p>\n<p>El problema se agrava por el desequilibrio territorial: el\u00a0<strong>centro<\/strong>\u00a0y\u00a0<strong>norte<\/strong>\u00a0concentran la\u00a0<strong>mayor<\/strong>\u00a0parte de la\u00a0<strong>poblaci\u00f3n<\/strong>\u00a0y la actividad econ\u00f3mica, pero disponen de\u00a0<strong>menos<\/strong>\u00a0<strong>agua<\/strong>, mientras el sur y sureste tienen mayor disponibilidad y menor concentraci\u00f3n poblacional y productiva.<\/p>\n<p>Ra\u00fal Rodr\u00edguez, presidente del Consejo Consultivo del Agua, coincidi\u00f3 en que el principal desaf\u00edo mexicano reside en la\u00a0<strong>gesti\u00f3n<\/strong>.<\/p>\n<p>\u201cS\u00ed hay agua\u201d, afirm\u00f3 el experto, quien se\u00f1al\u00f3 como \u00e1reas prioritarias la modernizaci\u00f3n del campo, que concentra el 76 por ciento del consumo, y la reducci\u00f3n de las p\u00e9rdidas en las redes urbanas.<\/p>\n<p>Arriaga consider\u00f3 que todav\u00eda existe margen para revertir el deterioro, pero advirti\u00f3 que las\u00a0<strong>consecuencias<\/strong>\u00a0recaer\u00e1n especialmente sobre las\u00a0<strong>poblaciones<\/strong>\u00a0con\u00a0<strong>menos<\/strong>\u00a0<strong>recursos<\/strong>, que ya destinan una mayor proporci\u00f3n de sus ingresos a suplir servicios discontinuos.<\/p>\n<p>Sin acelerar las medidas, alert\u00f3, la crisis puede traducirse no solo en impactos econ\u00f3micos y alimentarios, sino tambi\u00e9n en \u201cconflictos sociales y p\u00e9rdida de legitimidad de las instituciones\u201d encargadas de administrar el agua.<\/p>\n<p>Con informaci\u00f3n de EFE<\/p>\n","protected":false},"excerpt":{"rendered":"<p>Ra\u00fal Rodr\u00edguez, presidente del Consejo Consultivo del Agua, se\u00f1ala que el principal desaf\u00edo mexicano reside en la gesti\u00f3n del agua M\u00e9xico\u00a0no est\u00e1 en una situaci\u00f3n de \u201cbancarrota h\u00eddrica\u201d, pero enfrenta se\u00f1ales preocupantes de\u00a0sobrexplotaci\u00f3n\u00a0de sus\u00a0reservas, con un 44 por ciento de sus acu\u00edferos en disponibilidad media o negativa y regiones como el Valle de M\u00e9xico extrayendo casi el doble del agua que recuperan naturalmente. As\u00ed lo advirti\u00f3 a EFE, Jorge Arriaga, coordinador ejecutivo de la Red de Agua de la Universidad Nacional Aut\u00f3noma de M\u00e9xico (UNAM) y del Centro Regional de Seguridad H\u00eddrica bajo los auspicios de la Unesco, quien particip\u00f3 [&hellip;]<\/p>\n","protected":false},"author":3,"featured_media":152006,"comment_status":"open","ping_status":"open","sticky":false,"template":"","format":"standard","meta":{"_jetpack_newsletter_access":"","_jetpack_dont_email_post_to_subs":false,"_jetpack_newsletter_tier_id":0,"_jetpack_memberships_contains_paywalled_content":false,"_jetpack_feature_clip_id":0,"_jetpack_memberships_contains_paid_content":false,"footnotes":"","jetpack_publicize_message":"","jetpack_publicize_feature_enabled":true,"jetpack_social_post_already_shared":true,"jetpack_social_options":{"image_generator_settings":{"template":"highway","default_image_id":0,"font":"","enabled":false},"version":2},"jetpack_post_was_ever_published":false},"categories":[75],"tags":[],"class_list":["post-152003","post","type-post","status-publish","format-standard","has-post-thumbnail","hentry","category-nacional","post--single"],"jetpack_publicize_connections":[],"jetpack_featured_media_url":"https:\/\/ovelanalista.com\/wp-content\/uploads\/2026\/09\/sequia-mata-a-cientos-de-miles-de-peces-en-el-norte-de-mexico1-scaled-1.jpg","jetpack_sharing_enabled":true,"_links":{"self":[{"href":"https:\/\/ovelanalista.com\/index.php?rest_route=\/wp\/v2\/posts\/152003","targetHints":{"allow":["GET"]}}],"collection":[{"href":"https:\/\/ovelanalista.com\/index.php?rest_route=\/wp\/v2\/posts"}],"about":[{"href":"https:\/\/ovelanalista.com\/index.php?rest_route=\/wp\/v2\/types\/post"}],"author":[{"embeddable":true,"href":"https:\/\/ovelanalista.com\/index.php?rest_route=\/wp\/v2\/users\/3"}],"replies":[{"embeddable":true,"href":"https:\/\/ovelanalista.com\/index.php?rest_route=%2Fwp%2Fv2%2Fcomments&post=152003"}],"version-history":[{"count":1,"href":"https:\/\/ovelanalista.com\/index.php?rest_route=\/wp\/v2\/posts\/152003\/revisions"}],"predecessor-version":[{"id":152007,"href":"https:\/\/ovelanalista.com\/index.php?rest_route=\/wp\/v2\/posts\/152003\/revisions\/152007"}],"wp:featuredmedia":[{"embeddable":true,"href":"https:\/\/ovelanalista.com\/index.php?rest_route=\/wp\/v2\/media\/152006"}],"wp:attachment":[{"href":"https:\/\/ovelanalista.com\/index.php?rest_route=%2Fwp%2Fv2%2Fmedia&parent=152003"}],"wp:term":[{"taxonomy":"category","embeddable":true,"href":"https:\/\/ovelanalista.com\/index.php?rest_route=%2Fwp%2Fv2%2Fcategories&post=152003"},{"taxonomy":"post_tag","embeddable":true,"href":"https:\/\/ovelanalista.com\/index.php?rest_route=%2Fwp%2Fv2%2Ftags&post=152003"}],"curies":[{"name":"wp","href":"https:\/\/api.w.org\/{rel}","templated":true}]}}