{"id":152008,"date":"2026-09-01T20:30:38","date_gmt":"2026-09-02T03:30:38","guid":{"rendered":"https:\/\/ovelanalista.com\/?p=152008"},"modified":"2026-09-01T10:55:51","modified_gmt":"2026-09-01T17:55:51","slug":"raul-bolanos-cacho-cue-asume-como-presidente-de-la-camara-de-diputados","status":"publish","type":"post","link":"https:\/\/ovelanalista.com\/?p=152008","title":{"rendered":"Ra\u00fal Bola\u00f1os-Cacho Cu\u00e9 asume como presidente de la C\u00e1mara de Diputados"},"content":{"rendered":"<p>La Mesa Directiva ser\u00e1 presidida por Ra\u00fal Bola\u00f1os-Cacho Cu\u00e9, diputado por el Partido Verde Ecologista de M\u00e9xico<\/p>\n<div class=\"entry-grid__content-area entry-main-text\">\n<header class=\"entry-header mb-4\">\n<div class=\"entry-info entry-info-header mb-0 mb-lg-2\">\n<div class=\"entry-excerpt px-0 pb-3\">\n<p>La Mesa Directiva ser\u00e1 presidida por Ra\u00fal Bola\u00f1os-Cacho Cu\u00e9, diputado por el Partido Verde Ecologista de M\u00e9xico<\/p>\n<p>&nbsp;<\/p>\n<div class=\"article-item__date mb-auto align-self-center pb-2\">agosto 31, 2026<\/div>\n<\/div>\n<\/div>\n<\/header>\n<\/div>\n<div class=\"entry-grid__content-area2 entry-main-text\">\n<div class=\"row\">\n<div class=\"col-12 col-lg-8\">\n<div class=\"article-content\">\n<p>La\u00a0<strong>C\u00e1mara de Diputados<\/strong>\u00a0ratific\u00f3 este lunes la integraci\u00f3n y elecci\u00f3n de la Mesa Directiva que conducir\u00e1 los trabajos del\u00a0<strong>Tercer A\u00f1o<\/strong>\u00a0de\u00a0<strong>Ejercicio de la LXVI Legislatura<\/strong>.<\/p>\n<div class=\"twitter-tweet twitter-tweet-rendered\"><iframe id=\"twitter-widget-0\" class=\"\" title=\"X Post\" src=\"https:\/\/platform.twitter.com\/embed\/Tweet.html?creatorScreenName=lopezdoriga&amp;dnt=false&amp;embedId=twitter-widget-0&amp;features=eyJ0ZndfdGltZWxpbmVfbGlzdCI6eyJidWNrZXQiOltdLCJ2ZXJzaW9uIjpudWxsfSwidGZ3X2ZvbGxvd2VyX2NvdW50X3N1bnNldCI6eyJidWNrZXQiOnRydWUsInZlcnNpb24iOm51bGx9LCJ0ZndfdHdlZXRfZWRpdF9iYWNrZW5kIjp7ImJ1Y2tldCI6Im9uIiwidmVyc2lvbiI6bnVsbH0sInRmd19yZWZzcmNfc2Vzc2lvbiI6eyJidWNrZXQiOiJvbiIsInZlcnNpb24iOm51bGx9LCJ0ZndfZm9zbnJfc29mdF9pbnRlcnZlbnRpb25zX2VuYWJsZWQiOnsiYnVja2V0Ijoib24iLCJ2ZXJzaW9uIjpudWxsfSwidGZ3X21peGVkX21lZGlhXzE1ODk3Ijp7ImJ1Y2tldCI6InRyZWF0bWVudCIsInZlcnNpb24iOm51bGx9LCJ0ZndfZXhwZXJpbWVudHNfY29va2llX2V4cGlyYXRpb24iOnsiYnVja2V0IjoxMjA5NjAwLCJ2ZXJzaW9uIjpudWxsfSwidGZ3X3Nob3dfYmlyZHdhdGNoX3Bpdm90c19lbmFibGVkIjp7ImJ1Y2tldCI6Im9uIiwidmVyc2lvbiI6bnVsbH0sInRmd19kdXBsaWNhdGVfc2NyaWJlc190b19zZXR0aW5ncyI6eyJidWNrZXQiOiJvbiIsInZlcnNpb24iOm51bGx9LCJ0ZndfdXNlX3Byb2ZpbGVfaW1hZ2Vfc2hhcGVfZW5hYmxlZCI6eyJidWNrZXQiOiJvbiIsInZlcnNpb24iOm51bGx9LCJ0ZndfdmlkZW9faGxzX2R5bmFtaWNfbWFuaWZlc3RzXzE1MDgyIjp7ImJ1Y2tldCI6InRydWVfYml0cmF0ZSIsInZlcnNpb24iOm51bGx9LCJ0ZndfbGVnYWN5X3RpbWVsaW5lX3N1bnNldCI6eyJidWNrZXQiOnRydWUsInZlcnNpb24iOm51bGx9LCJ0ZndfdHdlZXRfZWRpdF9mcm9udGVuZCI6eyJidWNrZXQiOiJvbiIsInZlcnNpb24iOm51bGx9fQ%3D%3D&amp;frame=false&amp;hideCard=false&amp;hideThread=false&amp;id=2094573793100312803&amp;lang=es&amp;origin=https%3A%2F%2Flopezdoriga.com%2Fnacional%2Fraul-bolanos-cacho-cue-asume-como-presidente-de-la-camara-de-diputados%2F&amp;sessionId=3077520ca39f444ff6de271c35464c7c7aae62d2&amp;siteScreenName=lopezdoriga&amp;theme=light&amp;widgetsVersion=6a3ad42b224df%3A1778106238597&amp;width=550px\" frameborder=\"0\" scrolling=\"no\" allowfullscreen=\"allowfullscreen\" data-tweet-id=\"2094573793100312803\" data-mce-fragment=\"1\"><\/iframe><\/div>\n<p>&nbsp;<\/p>\n<p>La Mesa Directiva ser\u00e1 presidida por\u00a0<strong>Ra\u00fal Bola\u00f1os-Cacho Cu\u00e9<\/strong>, diputado por el\u00a0<strong>Partido Verde Ecologista de M\u00e9xico<\/strong>, quien tom\u00f3 protesta este mismo lunes.<\/p>\n<p>El acuerdo estructur\u00f3 la mesa con tres vicepresidencias, asignadas a\u00a0<strong>Sergio Carlos Guti\u00e9rrez Luna<\/strong>\u00a0(<strong>Morena<\/strong>),\u00a0<strong>Annia Sarah\u00ed G\u00f3mez C\u00e1rdenas<\/strong>\u00a0(<strong>PAN<\/strong>) y\u00a0<strong>Nayeli Arlen Fern\u00e1ndez Cruz<\/strong>\u00a0(<strong>PVEM<\/strong>).<\/p>\n<p>La integraci\u00f3n de la Mesa Directiva se aprob\u00f3 con 432 sufragios a favor, 10 abstenciones y un voto en contra.<\/p>\n<div class=\"embed embed--youtube\">\n<div class=\"embed-responsive embed-responsive-16by9\"><iframe class=\"perfmatters-lazy entered pmloaded\" title=\"El Verde toma la Mesa Directiva en C\u00e1mara de Diputados: esto promete Ra\u00fal Bola\u00f1os\" src=\"https:\/\/www.youtube.com\/embed\/v_2c7nKgacY?feature=oembed\" frameborder=\"0\" allowfullscreen=\"allowfullscreen\" data-src=\"https:\/\/www.youtube.com\/embed\/v_2c7nKgacY?feature=oembed\" data-ll-status=\"loaded\" data-mce-fragment=\"1\"><\/iframe><\/div>\n<\/div>\n<p>Con informaci\u00f3n de L\u00f3pez-D\u00f3riga Digital<\/p>\n<div id=\"ros-inread-multiple-efjzuu\" class=\"ad-container dfp-ad-unit ad-inread ad-slot\" data-ad-type=\"inreadbox\" data-slot=\"inread-multiple\" data-ad-loaded=\"1\" data-ad-setup=\"{&quot;postID&quot;:1810044,&quot;canRefresh&quot;:false,&quot;infinitescroll&quot;:false}\" data-google-query-id=\"CN6n9OP5zZYDFWyv7gEddkYiyA\"><\/div>\n<\/div>\n<\/div>\n<\/div>\n<\/div>\n","protected":false},"excerpt":{"rendered":"<p>La Mesa Directiva ser\u00e1 presidida por Ra\u00fal Bola\u00f1os-Cacho Cu\u00e9, diputado por el Partido Verde Ecologista de M\u00e9xico La Mesa Directiva ser\u00e1 presidida por Ra\u00fal Bola\u00f1os-Cacho Cu\u00e9, diputado por el Partido Verde Ecologista de M\u00e9xico &nbsp; agosto 31, 2026 La\u00a0C\u00e1mara de Diputados\u00a0ratific\u00f3 este lunes la integraci\u00f3n y elecci\u00f3n de la Mesa Directiva que conducir\u00e1 los trabajos del\u00a0Tercer A\u00f1o\u00a0de\u00a0Ejercicio de la LXVI Legislatura. &nbsp; La Mesa Directiva ser\u00e1 presidida por\u00a0Ra\u00fal Bola\u00f1os-Cacho Cu\u00e9, diputado por el\u00a0Partido Verde Ecologista de M\u00e9xico, quien tom\u00f3 protesta este mismo lunes. El acuerdo estructur\u00f3 la mesa con tres vicepresidencias, asignadas a\u00a0Sergio Carlos Guti\u00e9rrez Luna\u00a0(Morena),\u00a0Annia Sarah\u00ed G\u00f3mez C\u00e1rdenas\u00a0(PAN) y\u00a0Nayeli [&hellip;]<\/p>\n","protected":false},"author":3,"featured_media":152013,"comment_status":"open","ping_status":"open","sticky":false,"template":"","format":"video","meta":{"_jetpack_newsletter_access":"","_jetpack_dont_email_post_to_subs":false,"_jetpack_newsletter_tier_id":0,"_jetpack_memberships_contains_paywalled_content":false,"_jetpack_feature_clip_id":0,"_jetpack_memberships_contains_paid_content":false,"footnotes":"","jetpack_publicize_message":"","jetpack_publicize_feature_enabled":true,"jetpack_social_post_already_shared":true,"jetpack_social_options":{"image_generator_settings":{"template":"highway","default_image_id":0,"font":"","enabled":false},"version":2},"jetpack_post_was_ever_published":false},"categories":[75],"tags":[],"class_list":["post-152008","post","type-post","status-publish","format-video","has-post-thumbnail","hentry","category-nacional","post_format-post-format-video","post--single"],"jetpack_publicize_connections":[],"jetpack_featured_media_url":"https:\/\/ovelanalista.com\/wp-content\/uploads\/2026\/09\/raul-bolanos-cacho-cue-asume-como-presidente-de-la-camara-de-diputados.jpg","jetpack_sharing_enabled":true,"_links":{"self":[{"href":"https:\/\/ovelanalista.com\/index.php?rest_route=\/wp\/v2\/posts\/152008","targetHints":{"allow":["GET"]}}],"collection":[{"href":"https:\/\/ovelanalista.com\/index.php?rest_route=\/wp\/v2\/posts"}],"about":[{"href":"https:\/\/ovelanalista.com\/index.php?rest_route=\/wp\/v2\/types\/post"}],"author":[{"embeddable":true,"href":"https:\/\/ovelanalista.com\/index.php?rest_route=\/wp\/v2\/users\/3"}],"replies":[{"embeddable":true,"href":"https:\/\/ovelanalista.com\/index.php?rest_route=%2Fwp%2Fv2%2Fcomments&post=152008"}],"version-history":[{"count":1,"href":"https:\/\/ovelanalista.com\/index.php?rest_route=\/wp\/v2\/posts\/152008\/revisions"}],"predecessor-version":[{"id":152014,"href":"https:\/\/ovelanalista.com\/index.php?rest_route=\/wp\/v2\/posts\/152008\/revisions\/152014"}],"wp:featuredmedia":[{"embeddable":true,"href":"https:\/\/ovelanalista.com\/index.php?rest_route=\/wp\/v2\/media\/152013"}],"wp:attachment":[{"href":"https:\/\/ovelanalista.com\/index.php?rest_route=%2Fwp%2Fv2%2Fmedia&parent=152008"}],"wp:term":[{"taxonomy":"category","embeddable":true,"href":"https:\/\/ovelanalista.com\/index.php?rest_route=%2Fwp%2Fv2%2Fcategories&post=152008"},{"taxonomy":"post_tag","embeddable":true,"href":"https:\/\/ovelanalista.com\/index.php?rest_route=%2Fwp%2Fv2%2Ftags&post=152008"}],"curies":[{"name":"wp","href":"https:\/\/api.w.org\/{rel}","templated":true}]}}