{"id":152009,"date":"2026-09-01T20:00:01","date_gmt":"2026-09-02T03:00:01","guid":{"rendered":"https:\/\/ovelanalista.com\/?p=152009"},"modified":"2026-09-01T10:53:48","modified_gmt":"2026-09-01T17:53:48","slug":"pvem-pide-reforzar-proteccion-animal-en-nueva-ley-y-sumar-a-especialistas","status":"publish","type":"post","link":"https:\/\/ovelanalista.com\/?p=152009","title":{"rendered":"PVEM pide reforzar protecci\u00f3n animal en nueva ley y sumar a especialistas"},"content":{"rendered":"<p>El PVEM pidi\u00f3 que la nueva ley mantenga la reforma constitucional y se construya con especialistas, defensores de los animales y autoridades<\/p>\n<div class=\"entry-grid__content-area entry-main-text\">\n<header class=\"entry-header mb-4\">\n<div class=\"entry-info entry-info-header mb-0 mb-lg-2\">\n<div class=\"entry-excerpt px-0 pb-3\">\n<p>El PVEM pidi\u00f3 que la nueva ley mantenga la reforma constitucional y se construya con especialistas, defensores de los animales y autoridades<\/p>\n<p>&nbsp;<\/p>\n<div class=\"article-item__date mb-auto align-self-center pb-2\">agosto 31, 2026<\/div>\n<\/div>\n<\/div>\n<\/header>\n<\/div>\n<div class=\"entry-grid__content-area2 entry-main-text\">\n<div class=\"row\">\n<div class=\"col-12 col-lg-8\">\n<div class=\"article-content\">\n<p>El Partido Verde Ecologista de M\u00e9xico\u00a0<strong>(PVEM)<\/strong>\u00a0destac\u00f3 la reforma constitucional aprobada en 2024 en materia de\u00a0<strong>bienestar animal<\/strong>, al se\u00f1alar que establece un nuevo marco para garantizar la\u00a0<strong>protecci\u00f3n y el cuidado de los animales<\/strong>\u00a0en el pa\u00eds.<\/p>\n<p>El\u00a0<strong>PVEM<\/strong>\u00a0sostuvo que la legislaci\u00f3n secundaria que actualmente se analiza debe mantener los alcances de la reforma constitucional y construirse con la participaci\u00f3n de especialistas, organizaciones defensoras de los animales y autoridades de los distintos niveles de gobierno.<\/p>\n<div id=\"ros-inread-7f3d5a\" class=\"ad-container dfp-ad-unit ad-inread ad-main-inread ad-slot\" data-ad-type=\"inread\" data-slot=\"inread\" data-ad-loaded=\"1\" data-ad-setup=\"{&quot;postID&quot;:1810073,&quot;canRefresh&quot;:false,&quot;infinitescroll&quot;:false}\" data-google-query-id=\"COedgL75zZYDFctXCAQdqOAjsw\">\n<div id=\"google_ads_iframe_\/117913022\/ld\/inread_0__container__\"><\/div>\n<\/div>\n<blockquote><p>\u201cLa construcci\u00f3n de una legislaci\u00f3n secundaria debe mantener el esp\u00edritu de dicha reforma y contar con la participaci\u00f3n de especialistas, organizaciones defensoras de los animales y autoridades de todos los niveles de gobierno\u201d.<\/p>\n<div class=\"st-inarticle-slot\">\n<div id=\"standard_4\" class=\"st-placement inArticle standard_4\">\n<div class=\"st-adunit st-adunit-tagged st-adunit-inarticle st-reset st-show goku\" data-testid=\"adunit\">\n<div class=\"st-adunit-ad st-reset\" data-testid=\"adunit-ad\">\n<div class=\"st-display-render st-reset open st-controls\" data-testid=\"controls\">\n<div class=\"x-to-close st-reset\" data-testid=\"close-button\"><\/div>\n<\/div>\n<\/div>\n<\/div>\n<\/div>\n<\/div>\n<\/blockquote>\n<p>El posicionamiento ocurre luego de que la presidenta\u00a0<strong>Claudia Sheinbaum\u00a0<\/strong>pidi\u00f3 a la Secretar\u00eda de Medio Ambiente y Recursos Naturales\u00a0<strong>(Semarnat)<\/strong>\u00a0revisar el proyecto de la nueva\u00a0<strong>Ley General en Materia de Bienestar, Cuidado y Protecci\u00f3n de los Animales<\/strong>\u00a0junto con legisladores, especialistas y defensores de los animales.<\/p>\n<p>La mandataria plante\u00f3 incorporar las observaciones de organizaciones ambientalistas al dictamen y tambi\u00e9n llam\u00f3 a impulsar una campa\u00f1a de adopci\u00f3n de perros y gatos.<\/p>\n<p>Con informaci\u00f3n de L\u00f3pez-D\u00f3riga Digital.<\/p>\n<\/div>\n<\/div>\n<\/div>\n<\/div>\n","protected":false},"excerpt":{"rendered":"<p>El PVEM pidi\u00f3 que la nueva ley mantenga la reforma constitucional y se construya con especialistas, defensores de los animales y autoridades El PVEM pidi\u00f3 que la nueva ley mantenga la reforma constitucional y se construya con especialistas, defensores de los animales y autoridades &nbsp; agosto 31, 2026 El Partido Verde Ecologista de M\u00e9xico\u00a0(PVEM)\u00a0destac\u00f3 la reforma constitucional aprobada en 2024 en materia de\u00a0bienestar animal, al se\u00f1alar que establece un nuevo marco para garantizar la\u00a0protecci\u00f3n y el cuidado de los animales\u00a0en el pa\u00eds. El\u00a0PVEM\u00a0sostuvo que la legislaci\u00f3n secundaria que actualmente se analiza debe mantener los alcances de la reforma constitucional y [&hellip;]<\/p>\n","protected":false},"author":3,"featured_media":152010,"comment_status":"open","ping_status":"open","sticky":false,"template":"","format":"standard","meta":{"_jetpack_newsletter_access":"","_jetpack_dont_email_post_to_subs":false,"_jetpack_newsletter_tier_id":0,"_jetpack_memberships_contains_paywalled_content":false,"_jetpack_feature_clip_id":0,"_jetpack_memberships_contains_paid_content":false,"footnotes":"","jetpack_publicize_message":"","jetpack_publicize_feature_enabled":true,"jetpack_social_post_already_shared":true,"jetpack_social_options":{"image_generator_settings":{"template":"highway","default_image_id":0,"font":"","enabled":false},"version":2},"jetpack_post_was_ever_published":false},"categories":[75],"tags":[],"class_list":["post-152009","post","type-post","status-publish","format-standard","has-post-thumbnail","hentry","category-nacional","post--single"],"jetpack_publicize_connections":[],"jetpack_featured_media_url":"https:\/\/ovelanalista.com\/wp-content\/uploads\/2026\/09\/whatsapp-image-2026-08-31-at-92145-pm.jpeg","jetpack_sharing_enabled":true,"_links":{"self":[{"href":"https:\/\/ovelanalista.com\/index.php?rest_route=\/wp\/v2\/posts\/152009","targetHints":{"allow":["GET"]}}],"collection":[{"href":"https:\/\/ovelanalista.com\/index.php?rest_route=\/wp\/v2\/posts"}],"about":[{"href":"https:\/\/ovelanalista.com\/index.php?rest_route=\/wp\/v2\/types\/post"}],"author":[{"embeddable":true,"href":"https:\/\/ovelanalista.com\/index.php?rest_route=\/wp\/v2\/users\/3"}],"replies":[{"embeddable":true,"href":"https:\/\/ovelanalista.com\/index.php?rest_route=%2Fwp%2Fv2%2Fcomments&post=152009"}],"version-history":[{"count":1,"href":"https:\/\/ovelanalista.com\/index.php?rest_route=\/wp\/v2\/posts\/152009\/revisions"}],"predecessor-version":[{"id":152011,"href":"https:\/\/ovelanalista.com\/index.php?rest_route=\/wp\/v2\/posts\/152009\/revisions\/152011"}],"wp:featuredmedia":[{"embeddable":true,"href":"https:\/\/ovelanalista.com\/index.php?rest_route=\/wp\/v2\/media\/152010"}],"wp:attachment":[{"href":"https:\/\/ovelanalista.com\/index.php?rest_route=%2Fwp%2Fv2%2Fmedia&parent=152009"}],"wp:term":[{"taxonomy":"category","embeddable":true,"href":"https:\/\/ovelanalista.com\/index.php?rest_route=%2Fwp%2Fv2%2Fcategories&post=152009"},{"taxonomy":"post_tag","embeddable":true,"href":"https:\/\/ovelanalista.com\/index.php?rest_route=%2Fwp%2Fv2%2Ftags&post=152009"}],"curies":[{"name":"wp","href":"https:\/\/api.w.org\/{rel}","templated":true}]}}