{"id":152012,"date":"2026-09-01T21:00:14","date_gmt":"2026-09-02T04:00:14","guid":{"rendered":"https:\/\/ovelanalista.com\/?p=152012"},"modified":"2026-09-01T10:57:40","modified_gmt":"2026-09-01T17:57:40","slug":"me-quitare-la-playera-partidista-raul-bolanos-promete-neutralidad-como-presidente-de-la-camara-de-diputados","status":"publish","type":"post","link":"https:\/\/ovelanalista.com\/?p=152012","title":{"rendered":"\u201cMe quitar\u00e9 la playera partidista\u201d: Ra\u00fal Bola\u00f1os promete neutralidad como presidente de la C\u00e1mara de Diputados"},"content":{"rendered":"<p>Ra\u00fal Bola\u00f1os asegur\u00f3 que priorizar\u00e1 la neutralidad durante su presidencia de la Mesa Directiva de la C\u00e1mara de Diputados<\/p>\n<div class=\"entry-grid__content-area entry-main-text\">\n<header class=\"entry-header mb-4\">\n<div class=\"entry-info entry-info-header mb-0 mb-lg-2\">\n<div class=\"entry-excerpt px-0 pb-3\">\n<p>Ra\u00fal Bola\u00f1os asegur\u00f3 que priorizar\u00e1 la neutralidad durante su presidencia de la Mesa Directiva de la C\u00e1mara de Diputados<\/p>\n<p>&nbsp;<\/p>\n<div class=\"article-item__date mb-auto align-self-center pb-2\">agosto 31, 2026<\/div>\n<\/div>\n<\/div>\n<\/header>\n<\/div>\n<div class=\"entry-grid__content-area2 entry-main-text\">\n<div class=\"row\">\n<div class=\"col-12 col-lg-8\">\n<div class=\"article-content\">\n<p><strong>Ra\u00fal Bola\u00f1os-Cacho Cu\u00e9<\/strong>\u00a0afirm\u00f3 que se conducir\u00e1 con\u00a0<strong>neutralidad<\/strong>\u00a0al presidir la\u00a0<strong>Mesa Directiva<\/strong>\u00a0de la\u00a0<strong>C\u00e1mara de Diputados<\/strong>, a fin de garantizar que todas las voces sean escuchadas.<\/p>\n<p>En entrevista con\u00a0<strong>Joaqu\u00edn L\u00f3pez-D\u00f3riga<\/strong>\u00a0para\u00a0<em>Radio F\u00f3rmula<\/em>\u00a0el diputado destac\u00f3 que es la primera vez que el\u00a0<strong>Partido Verde Ecologista de M\u00e9xico<\/strong>\u00a0(PVEM) preside San L\u00e1zaro por todo un periodo, al convertirse en la tercera fuerza pol\u00edtica de la c\u00e1mara.<\/p>\n<blockquote><p>Ahora yo tengo el honor y la confianza de mi grupo parlamentario para ser la propuesta para presidir la Mesa Directiva\u2026 Hoy somos la tercera fuerza pol\u00edtica en la C\u00e1mara de Diputados, 63 diputadas y diputados comprometid\u00edsimos con nuestro pa\u00eds\u201d, dijo.<\/p><\/blockquote>\n<h2>\u00a0Ra\u00fal Bola\u00f1os promete neutralidad pese a alianza del Partido Verde con Morena<\/h2>\n<p>El diputado\u00a0<strong>Ra\u00fal Bola\u00f1os<\/strong>\u00a0detall\u00f3 que como\u00a0<strong>presidente<\/strong>\u00a0de la\u00a0<strong>Mesa Directiva<\/strong>\u00a0de la\u00a0<strong>C\u00e1mara de Diputados<\/strong>\u00a0representar\u00e1 a una instituci\u00f3n y no a su partido de origen, el Partido Verde, con lo que la alianza con Morena no tendr\u00e1 cabida.<\/p>\n<blockquote><p>A partir de que yo tome protesta me quitar\u00e9 la playera partidista para asumir la responsabilidad institucional y actuar\u00e9 con estricto apego a la ley y con plena neutralidad, garantizando que todas las voces de esta C\u00e1mara sean escuchadas\u201d, asegur\u00f3.<\/p><\/blockquote>\n<p>Sostuvo que con\u00a0<strong>pluralidad<\/strong>\u00a0fortalecer\u00e1 el\u00a0<strong>sistema democr\u00e1tico<\/strong>\u00a0dentro de\u00a0<strong>San L\u00e1zaro<\/strong>.<\/p>\n<blockquote><p>Yo no soy de esos que creen que no debemos de hablar con la oposici\u00f3n. Yo soy de los que cree que la pol\u00edtica debe y es punto de encuentro. Y yo aspiro a que esta C\u00e1mara pueda ser recordada por su capacidad para construir acuerdos y de hacer buena pol\u00edtica\u201d, resalt\u00f3.<\/p><\/blockquote>\n<h2>\u00a0Instalaci\u00f3n del Congreso ser\u00e1 una \u201csesi\u00f3n bastante compleja\u201d<\/h2>\n<p>El diputado Bola\u00f1os adelant\u00f3 que la instalaci\u00f3n del C<strong>ongreso de la Uni\u00f3n<\/strong>\u00a0se avizora como una\u00a0<strong>sesi\u00f3n bastante compleja<\/strong>, pero que trabajar\u00e1 por crear una sesi\u00f3n seria, en la que \u201cvalgan m\u00e1s los argumentos que los insultos\u201d.<\/p>\n<blockquote><p>Yo espero que gane el debate serio, el an\u00e1lisis profundo del Informe de la presidenta (Claudia Sheinbaum) y que le demos un buen ejemplo a las y los mexicanos. Pero nada que con mucho di\u00e1logo, mucha paciencia, serenidad y platicando con todas y todos no podamos avanzar\u201d, indic\u00f3.<\/p><\/blockquote>\n<p>En este sentido, explic\u00f3 que a las 11:00 h acompa\u00f1ar\u00e1 a la\u00a0<strong>presidenta Claudia Sheinbaum<\/strong>\u00a0en la presentaci\u00f3n de su\u00a0<strong>Segundo Informe de Gobierno<\/strong>.<\/p>\n<p>Posteriormente, a las 17:00 h, presidir\u00e1 la sesi\u00f3n del Congreso de la Uni\u00f3n en la que la secretaria de Gobernaci\u00f3n, Rosa Icela Rodr\u00edguez, entregar\u00e1 el documento para su\u00a0<strong>discusi\u00f3n<\/strong>.<\/p>\n<blockquote><p>A partir de ah\u00ed son los posicionamientos de los Grupos Parlamentarios, donde yo insisto, esperemos que reine la seriedad y la buena pol\u00edtica\u201d, concluy\u00f3.<\/p><\/blockquote>\n<p>Con informaci\u00f3n de L\u00f3pez-D\u00f3riga Digital<\/p>\n<\/div>\n<p>&nbsp;<\/p>\n<\/div>\n<\/div>\n<\/div>\n","protected":false},"excerpt":{"rendered":"<p>Ra\u00fal Bola\u00f1os asegur\u00f3 que priorizar\u00e1 la neutralidad durante su presidencia de la Mesa Directiva de la C\u00e1mara de Diputados Ra\u00fal Bola\u00f1os asegur\u00f3 que priorizar\u00e1 la neutralidad durante su presidencia de la Mesa Directiva de la C\u00e1mara de Diputados &nbsp; agosto 31, 2026 Ra\u00fal Bola\u00f1os-Cacho Cu\u00e9\u00a0afirm\u00f3 que se conducir\u00e1 con\u00a0neutralidad\u00a0al presidir la\u00a0Mesa Directiva\u00a0de la\u00a0C\u00e1mara de Diputados, a fin de garantizar que todas las voces sean escuchadas. En entrevista con\u00a0Joaqu\u00edn L\u00f3pez-D\u00f3riga\u00a0para\u00a0Radio F\u00f3rmula\u00a0el diputado destac\u00f3 que es la primera vez que el\u00a0Partido Verde Ecologista de M\u00e9xico\u00a0(PVEM) preside San L\u00e1zaro por todo un periodo, al convertirse en la tercera fuerza pol\u00edtica de la c\u00e1mara. [&hellip;]<\/p>\n","protected":false},"author":3,"featured_media":152015,"comment_status":"open","ping_status":"open","sticky":false,"template":"","format":"standard","meta":{"_jetpack_newsletter_access":"","_jetpack_dont_email_post_to_subs":false,"_jetpack_newsletter_tier_id":0,"_jetpack_memberships_contains_paywalled_content":false,"_jetpack_feature_clip_id":0,"_jetpack_memberships_contains_paid_content":false,"footnotes":"","jetpack_publicize_message":"","jetpack_publicize_feature_enabled":true,"jetpack_social_post_already_shared":true,"jetpack_social_options":{"image_generator_settings":{"template":"highway","default_image_id":0,"font":"","enabled":false},"version":2},"jetpack_post_was_ever_published":false},"categories":[75],"tags":[],"class_list":["post-152012","post","type-post","status-publish","format-standard","has-post-thumbnail","hentry","category-nacional","post--single"],"jetpack_publicize_connections":[],"jetpack_featured_media_url":"https:\/\/ovelanalista.com\/wp-content\/uploads\/2026\/09\/raul-bolanos-cacho.jpg","jetpack_sharing_enabled":true,"_links":{"self":[{"href":"https:\/\/ovelanalista.com\/index.php?rest_route=\/wp\/v2\/posts\/152012","targetHints":{"allow":["GET"]}}],"collection":[{"href":"https:\/\/ovelanalista.com\/index.php?rest_route=\/wp\/v2\/posts"}],"about":[{"href":"https:\/\/ovelanalista.com\/index.php?rest_route=\/wp\/v2\/types\/post"}],"author":[{"embeddable":true,"href":"https:\/\/ovelanalista.com\/index.php?rest_route=\/wp\/v2\/users\/3"}],"replies":[{"embeddable":true,"href":"https:\/\/ovelanalista.com\/index.php?rest_route=%2Fwp%2Fv2%2Fcomments&post=152012"}],"version-history":[{"count":1,"href":"https:\/\/ovelanalista.com\/index.php?rest_route=\/wp\/v2\/posts\/152012\/revisions"}],"predecessor-version":[{"id":152016,"href":"https:\/\/ovelanalista.com\/index.php?rest_route=\/wp\/v2\/posts\/152012\/revisions\/152016"}],"wp:featuredmedia":[{"embeddable":true,"href":"https:\/\/ovelanalista.com\/index.php?rest_route=\/wp\/v2\/media\/152015"}],"wp:attachment":[{"href":"https:\/\/ovelanalista.com\/index.php?rest_route=%2Fwp%2Fv2%2Fmedia&parent=152012"}],"wp:term":[{"taxonomy":"category","embeddable":true,"href":"https:\/\/ovelanalista.com\/index.php?rest_route=%2Fwp%2Fv2%2Fcategories&post=152012"},{"taxonomy":"post_tag","embeddable":true,"href":"https:\/\/ovelanalista.com\/index.php?rest_route=%2Fwp%2Fv2%2Ftags&post=152012"}],"curies":[{"name":"wp","href":"https:\/\/api.w.org\/{rel}","templated":true}]}}