{"id":152017,"date":"2026-09-01T11:15:05","date_gmt":"2026-09-01T18:15:05","guid":{"rendered":"https:\/\/ovelanalista.com\/?p=152017"},"modified":"2026-09-01T11:00:43","modified_gmt":"2026-09-01T18:00:43","slug":"ine-rechaza-emblema-de-somos-partido-entrega-nueva-propuesta","status":"publish","type":"post","link":"https:\/\/ovelanalista.com\/?p=152017","title":{"rendered":"INE rechaza emblema de Somos; partido entrega nueva propuesta"},"content":{"rendered":"<p>El partido Somos entreg\u00f3 una tercera propuesta de emblema ante el rechazo del INE a un logo con el mapa de la Rep\u00fablica Mexicana<\/p>\n<p>El<strong>\u00a0Instituto Nacional Electoral<\/strong>\u00a0(INE) volvi\u00f3 a\u00a0<strong>rechazar<\/strong>\u00a0la propuesta de\u00a0<strong>emblema<\/strong>\u00a0de\u00a0<strong>Somos<\/strong>, con lo que el partido entreg\u00f3 una tercera propuesta.<\/p>\n<h2>\u00a0\u00bfPor qu\u00e9 el INE rechaz\u00f3 el emblema de Somos?<\/h2>\n<p>El Consejo General del INE rechaz\u00f3 la segunda propuesta de emblema del partido Somos al no haberse eliminado el\u00a0<strong>problema de identidad visual<\/strong>\u00a0se\u00f1alado por la Sala Superior del Tribunal Electoral del Poder Judicial de la Federaci\u00f3n.<\/p>\n<p>Somos sustituy\u00f3 la denominaci\u00f3n MX por un\u00a0<strong>mapa de la Rep\u00fablica Mexicana<\/strong>\u00a0acompa\u00f1ado del verbo\u00a0<strong>Somos<\/strong>.<\/p>\n<p>El INE\u00a0<a href=\"https:\/\/centralelectoral.ine.mx\/2026\/08\/31\/rechaza-ine-propuesta-de-emblema-de-somos\/\" target=\"_blank\" rel=\"noopener noreferrer\">consider\u00f3<\/a>\u00a0que el mapa constituye un s\u00edmbolo inequ\u00edvoco de identidad nacional, que en combinaci\u00f3n con la denominaci\u00f3n del partido transmit\u00eda la idea de representaci\u00f3n del pa\u00eds en su conjunto.<\/p>\n<p>Subray\u00f3 tambi\u00e9n que aprobar el emblema en sus t\u00e9rminos contravendr\u00eda la jurisprudencia del TEPJF, que establece que denominaci\u00f3n, emblema y colores deben diferenciar a cada partido pol\u00edtico de las instituciones nacionales.<\/p>\n<p>De esta forma, el Consejo General resolvi\u00f3 que la identidad gr\u00e1fica no puede ser neutra si denota pertenencia nacional, pues ello generar\u00eda una ventaja indebida frente a otras fuerzas pol\u00edticas y vulnerar\u00eda lo mandatado por la Sala Superior respecto de la funci\u00f3n meramente distintiva de los signos partidistas.<\/p>\n<h2>\u00a0Somos presenta nueva propuesta de emblema<\/h2>\n<p>El partido\u00a0<strong>Somos<\/strong>\u00a0conden\u00f3 el rechazo de su propuesta de emblema, hecho que calific\u00f3 de \u201c<strong>acto abusivo<\/strong>\u00a0e\u00a0<strong>ilegal<\/strong>\u201d y un precedente peligroso para sus derechos pol\u00edticos.<\/p>\n<blockquote><p>Lo que vemos es una expresi\u00f3n profundamente autoritaria, pero tengan la absoluta claridad de que vamos a dar la batalla\u201d, dijo Emilio \u00c1lvarez Icaza, miembro del partido.<\/p><\/blockquote>\n<p>No obstante, se entreg\u00f3 al INE una\u00a0<strong>tercera<\/strong>\u00a0<strong>propuesta<\/strong>\u00a0con la\u00a0<strong>denominaci\u00f3n Somos<\/strong>\u00a0en color rosa sobre un\u00a0<strong>fondo blanco<\/strong>.<\/p>\n<p>Con informaci\u00f3n de L\u00f3pez-D\u00f3riga Digital<\/p>\n","protected":false},"excerpt":{"rendered":"<p>El partido Somos entreg\u00f3 una tercera propuesta de emblema ante el rechazo del INE a un logo con el mapa de la Rep\u00fablica Mexicana El\u00a0Instituto Nacional Electoral\u00a0(INE) volvi\u00f3 a\u00a0rechazar\u00a0la propuesta de\u00a0emblema\u00a0de\u00a0Somos, con lo que el partido entreg\u00f3 una tercera propuesta. \u00a0\u00bfPor qu\u00e9 el INE rechaz\u00f3 el emblema de Somos? El Consejo General del INE rechaz\u00f3 la segunda propuesta de emblema del partido Somos al no haberse eliminado el\u00a0problema de identidad visual\u00a0se\u00f1alado por la Sala Superior del Tribunal Electoral del Poder Judicial de la Federaci\u00f3n. Somos sustituy\u00f3 la denominaci\u00f3n MX por un\u00a0mapa de la Rep\u00fablica Mexicana\u00a0acompa\u00f1ado del verbo\u00a0Somos. El INE\u00a0consider\u00f3\u00a0que el [&hellip;]<\/p>\n","protected":false},"author":3,"featured_media":152018,"comment_status":"open","ping_status":"open","sticky":false,"template":"","format":"standard","meta":{"_jetpack_newsletter_access":"","_jetpack_dont_email_post_to_subs":false,"_jetpack_newsletter_tier_id":0,"_jetpack_memberships_contains_paywalled_content":false,"_jetpack_feature_clip_id":0,"_jetpack_memberships_contains_paid_content":false,"footnotes":"","jetpack_publicize_message":"","jetpack_publicize_feature_enabled":true,"jetpack_social_post_already_shared":true,"jetpack_social_options":{"image_generator_settings":{"template":"highway","default_image_id":0,"font":"","enabled":false},"version":2},"jetpack_post_was_ever_published":false},"categories":[75],"tags":[],"class_list":["post-152017","post","type-post","status-publish","format-standard","has-post-thumbnail","hentry","category-nacional","post--single"],"jetpack_publicize_connections":[],"jetpack_featured_media_url":"https:\/\/ovelanalista.com\/wp-content\/uploads\/2026\/09\/propuesta-de-emblema-de-somos-rechazada-por-el-ine.jpg","jetpack_sharing_enabled":true,"_links":{"self":[{"href":"https:\/\/ovelanalista.com\/index.php?rest_route=\/wp\/v2\/posts\/152017","targetHints":{"allow":["GET"]}}],"collection":[{"href":"https:\/\/ovelanalista.com\/index.php?rest_route=\/wp\/v2\/posts"}],"about":[{"href":"https:\/\/ovelanalista.com\/index.php?rest_route=\/wp\/v2\/types\/post"}],"author":[{"embeddable":true,"href":"https:\/\/ovelanalista.com\/index.php?rest_route=\/wp\/v2\/users\/3"}],"replies":[{"embeddable":true,"href":"https:\/\/ovelanalista.com\/index.php?rest_route=%2Fwp%2Fv2%2Fcomments&post=152017"}],"version-history":[{"count":1,"href":"https:\/\/ovelanalista.com\/index.php?rest_route=\/wp\/v2\/posts\/152017\/revisions"}],"predecessor-version":[{"id":152019,"href":"https:\/\/ovelanalista.com\/index.php?rest_route=\/wp\/v2\/posts\/152017\/revisions\/152019"}],"wp:featuredmedia":[{"embeddable":true,"href":"https:\/\/ovelanalista.com\/index.php?rest_route=\/wp\/v2\/media\/152018"}],"wp:attachment":[{"href":"https:\/\/ovelanalista.com\/index.php?rest_route=%2Fwp%2Fv2%2Fmedia&parent=152017"}],"wp:term":[{"taxonomy":"category","embeddable":true,"href":"https:\/\/ovelanalista.com\/index.php?rest_route=%2Fwp%2Fv2%2Fcategories&post=152017"},{"taxonomy":"post_tag","embeddable":true,"href":"https:\/\/ovelanalista.com\/index.php?rest_route=%2Fwp%2Fv2%2Ftags&post=152017"}],"curies":[{"name":"wp","href":"https:\/\/api.w.org\/{rel}","templated":true}]}}