{"id":152023,"date":"2026-09-01T12:15:20","date_gmt":"2026-09-01T19:15:20","guid":{"rendered":"https:\/\/ovelanalista.com\/?p=152023"},"modified":"2026-09-01T11:05:53","modified_gmt":"2026-09-01T18:05:53","slug":"la-trayectoria-de-juan-ramon-de-la-fuente-de-medico-a-rector-de-la-unam-y-diplomatico","status":"publish","type":"post","link":"https:\/\/ovelanalista.com\/?p=152023","title":{"rendered":"La trayectoria de Juan Ram\u00f3n de la Fuente: de m\u00e9dico a rector de la UNAM y diplom\u00e1tico"},"content":{"rendered":"<p>La trayectoria de Juan Ram\u00f3n de la Fuente constituye un recorrido que combina la medicina y la investigaci\u00f3n con la administraci\u00f3n universitaria y el servicio p\u00fablico<\/p>\n<div class=\"entry-grid__content-area entry-main-text\">\n<header class=\"entry-header mb-4\">\n<div class=\"entry-info entry-info-header mb-0 mb-lg-2\">\n<div class=\"entry-excerpt px-0 pb-3\">\n<p>La trayectoria de Juan Ram\u00f3n de la Fuente constituye un recorrido que combina la medicina y la investigaci\u00f3n con la administraci\u00f3n universitaria y el servicio p\u00fablico<\/p>\n<p>&nbsp;<\/p>\n<div class=\"article-item__date mb-auto align-self-center pb-2\">agosto 31, 2026<\/div>\n<\/div>\n<\/div>\n<\/header>\n<\/div>\n<div class=\"entry-grid__content-area2 entry-main-text\">\n<div class=\"row\">\n<div class=\"col-12 col-lg-8\">\n<div class=\"article-content\">\n<p><strong>Juan Ram\u00f3n de la Fuente<\/strong>\u00a0ha desarrollado una\u00a0<strong>trayectoria<\/strong>\u00a0vinculada con la medicina, la investigaci\u00f3n, la\u00a0<strong>educaci\u00f3n superior<\/strong>\u00a0y el\u00a0<strong>servicio p\u00fablico<\/strong>, con distintos cargos dentro y fuera de M\u00e9xico.<\/p>\n<p>Originario de una formaci\u00f3n acad\u00e9mica en la\u00a0<strong>Universidad Nacional Aut\u00f3noma de M\u00e9xico<\/strong>\u00a0(<strong>UNAM<\/strong>),\u00a0<strong>De la Fuente<\/strong>\u00a0estudi\u00f3\u00a0<strong>Medicina\u00a0<\/strong>y posteriormente se desempe\u00f1\u00f3 como m\u00e9dico, docente e investigador.<\/p>\n<p>Despu\u00e9s de concluir sus estudios, se especializ\u00f3 en\u00a0<strong>Psiquiatr\u00eda<\/strong>\u00a0y realiz\u00f3 parte de su preparaci\u00f3n profesional en\u00a0<strong>Estados Unidos<\/strong>. Su trabajo acad\u00e9mico estuvo relacionado con la investigaci\u00f3n cl\u00ednica, la neurobiolog\u00eda, las adicciones y la salud p\u00fablica.<\/p>\n<\/div>\n<div class=\"ad-container dfp-ad-unit ad-inread ad-main-inread ad-slot\" data-ad-type=\"inread\" data-slot=\"inread\" data-ad-loaded=\"1\" data-ad-setup=\"{&quot;postID&quot;:1809999,&quot;canRefresh&quot;:false,&quot;infinitescroll&quot;:false}\" data-google-query-id=\"CJGL45b8zZYDFd1ZCAQdr5wncw\">\n<p>En su labor dentro de la\u00a0<strong>UNAM<\/strong>\u00a0ocup\u00f3 diferentes responsabilidades acad\u00e9micas y administrativas. Antes de llegar a la\u00a0<strong>rector\u00eda de la instituci\u00f3n<\/strong>, encabez\u00f3 la\u00a0<strong>Secretar\u00eda de Salud federal<\/strong>, desde donde particip\u00f3 en la conducci\u00f3n de\u00a0<strong>pol\u00edticas p\u00fablicas<\/strong>\u00a0relacionadas con la atenci\u00f3n m\u00e9dica, la prevenci\u00f3n y la salud mental.<\/p>\n<div class=\"st-inarticle-slot\">\n<div id=\"standard_4\" class=\"st-placement inArticle standard_4\">\n<div class=\"st-adunit st-adunit-tagged st-adunit-inarticle st-reset st-show goku\" data-testid=\"adunit\">\n<div class=\"st-adunit-ad st-reset\" data-testid=\"adunit-ad\">\n<div class=\"st-display-render st-reset open st-controls\" data-testid=\"controls\">\n<div class=\"st-canvas st-reset horizontal-static\" data-testid=\"canvas\"><iframe id=\"703374324\" class=\"st-standard-ads-sandbox\" name=\"seedtag_creative\" scrolling=\"no\" sandbox=\"allow-scripts allow-same-origin allow-popups\" data-testid=\"iframe-ad-container\"><\/iframe><\/div>\n<div class=\"x-to-close st-reset\" data-testid=\"close-button\"><\/div>\n<\/div>\n<\/div>\n<\/div>\n<\/div>\n<\/div>\n<h2>Rector de la UNAM<\/h2>\n<p>En 1999, la\u00a0<strong>Junta de Gobierno de la UNAM<\/strong>\u00a0lo design\u00f3 rector de la instituci\u00f3n, en un contexto marcado por un conflicto estudiantil y un paro que hab\u00eda interrumpido las actividades universitarias.<\/p>\n<p><strong>De la Fuente<\/strong>\u00a0permaneci\u00f3 al frente de la\u00a0<strong>Universidad de 1999 a 2007<\/strong>. Durante esos a\u00f1os se impulsaron acciones relacionadas con la actualizaci\u00f3n de programas acad\u00e9micos, el fortalecimiento de la investigaci\u00f3n, la infraestructura universitaria y la vinculaci\u00f3n de la\u00a0<strong>UNAM<\/strong>\u00a0con instituciones educativas y cient\u00edficas de otros pa\u00edses.<\/p>\n<p>Su gesti\u00f3n coincidi\u00f3 con una etapa compleja para la universidad, particularmente por las consecuencias del movimiento estudiantil iniciado en 1999 y el proceso de recuperaci\u00f3n de las actividades acad\u00e9micas.<\/p>\n<h2>Del \u00e1mbito universitario a la diplomacia<\/h2>\n<p>Despu\u00e9s de concluir su periodo como rector,\u00a0<strong>De la Fuente Ram\u00edrez<\/strong>\u00a0continu\u00f3 participando en actividades acad\u00e9micas y de representaci\u00f3n p\u00fablica.<\/p>\n<p>En diciembre de 2018 fue designado representante permanente de\u00a0<strong>M\u00e9xico<\/strong>\u00a0ante la\u00a0<strong>Organizaci\u00f3n de las Naciones Unidas<\/strong>\u00a0(<strong>ONU<\/strong>).<\/p>\n<p>Tras su encargo ante la ONU, De la Fuente Ram\u00edrez fue considerado por la presidenta Claudia Sheinbaum para encabezar la Secretar\u00eda de Relaciones Exteriores, cargo que desempe\u00f1\u00f3 entre 2024 y 2026.<\/p>\n<p>La trayectoria de Juan Ram\u00f3n de la Fuente constituye un recorrido que combina la medicina y la investigaci\u00f3n con la administraci\u00f3n universitaria, el servicio p\u00fablico y la representaci\u00f3n diplom\u00e1tica de M\u00e9xico.<\/p>\n<div id=\"ros-inread-multiple-32vznz\" class=\"ad-container dfp-ad-unit ad-inread ad-slot\" data-ad-type=\"inreadbox\" data-slot=\"inread-multiple\" data-ad-loaded=\"1\" data-ad-setup=\"{&quot;postID&quot;:1809999,&quot;canRefresh&quot;:false,&quot;infinitescroll&quot;:false}\" data-google-query-id=\"CMToppz8zZYDFZhPCAQd_1stUQ\">\n<div id=\"google_ads_iframe_\/117913022\/ld\/inread-multiple_1__container__\"><\/div>\n<\/div>\n<p>Con informaci\u00f3n de L\u00f3pez-D\u00f3riga Digital<\/p>\n<\/div>\n<\/div>\n<\/div>\n<\/div>\n","protected":false},"excerpt":{"rendered":"<p>La trayectoria de Juan Ram\u00f3n de la Fuente constituye un recorrido que combina la medicina y la investigaci\u00f3n con la administraci\u00f3n universitaria y el servicio p\u00fablico La trayectoria de Juan Ram\u00f3n de la Fuente constituye un recorrido que combina la medicina y la investigaci\u00f3n con la administraci\u00f3n universitaria y el servicio p\u00fablico &nbsp; agosto 31, 2026 Juan Ram\u00f3n de la Fuente\u00a0ha desarrollado una\u00a0trayectoria\u00a0vinculada con la medicina, la investigaci\u00f3n, la\u00a0educaci\u00f3n superior\u00a0y el\u00a0servicio p\u00fablico, con distintos cargos dentro y fuera de M\u00e9xico. Originario de una formaci\u00f3n acad\u00e9mica en la\u00a0Universidad Nacional Aut\u00f3noma de M\u00e9xico\u00a0(UNAM),\u00a0De la Fuente\u00a0estudi\u00f3\u00a0Medicina\u00a0y posteriormente se desempe\u00f1\u00f3 como m\u00e9dico, docente e [&hellip;]<\/p>\n","protected":false},"author":3,"featured_media":152025,"comment_status":"open","ping_status":"open","sticky":false,"template":"","format":"standard","meta":{"_jetpack_newsletter_access":"","_jetpack_dont_email_post_to_subs":false,"_jetpack_newsletter_tier_id":0,"_jetpack_memberships_contains_paywalled_content":false,"_jetpack_feature_clip_id":0,"_jetpack_memberships_contains_paid_content":false,"footnotes":"","jetpack_publicize_message":"","jetpack_publicize_feature_enabled":true,"jetpack_social_post_already_shared":true,"jetpack_social_options":{"image_generator_settings":{"template":"highway","default_image_id":0,"font":"","enabled":false},"version":2},"jetpack_post_was_ever_published":false},"categories":[75],"tags":[],"class_list":["post-152023","post","type-post","status-publish","format-standard","has-post-thumbnail","hentry","category-nacional","post--single"],"jetpack_publicize_connections":[],"jetpack_featured_media_url":"https:\/\/ovelanalista.com\/wp-content\/uploads\/2026\/09\/juan-ramon-de-la-fuente-cuba.jpg","jetpack_sharing_enabled":true,"_links":{"self":[{"href":"https:\/\/ovelanalista.com\/index.php?rest_route=\/wp\/v2\/posts\/152023","targetHints":{"allow":["GET"]}}],"collection":[{"href":"https:\/\/ovelanalista.com\/index.php?rest_route=\/wp\/v2\/posts"}],"about":[{"href":"https:\/\/ovelanalista.com\/index.php?rest_route=\/wp\/v2\/types\/post"}],"author":[{"embeddable":true,"href":"https:\/\/ovelanalista.com\/index.php?rest_route=\/wp\/v2\/users\/3"}],"replies":[{"embeddable":true,"href":"https:\/\/ovelanalista.com\/index.php?rest_route=%2Fwp%2Fv2%2Fcomments&post=152023"}],"version-history":[{"count":1,"href":"https:\/\/ovelanalista.com\/index.php?rest_route=\/wp\/v2\/posts\/152023\/revisions"}],"predecessor-version":[{"id":152026,"href":"https:\/\/ovelanalista.com\/index.php?rest_route=\/wp\/v2\/posts\/152023\/revisions\/152026"}],"wp:featuredmedia":[{"embeddable":true,"href":"https:\/\/ovelanalista.com\/index.php?rest_route=\/wp\/v2\/media\/152025"}],"wp:attachment":[{"href":"https:\/\/ovelanalista.com\/index.php?rest_route=%2Fwp%2Fv2%2Fmedia&parent=152023"}],"wp:term":[{"taxonomy":"category","embeddable":true,"href":"https:\/\/ovelanalista.com\/index.php?rest_route=%2Fwp%2Fv2%2Fcategories&post=152023"},{"taxonomy":"post_tag","embeddable":true,"href":"https:\/\/ovelanalista.com\/index.php?rest_route=%2Fwp%2Fv2%2Ftags&post=152023"}],"curies":[{"name":"wp","href":"https:\/\/api.w.org\/{rel}","templated":true}]}}