{"id":152024,"date":"2026-09-01T12:45:44","date_gmt":"2026-09-01T19:45:44","guid":{"rendered":"https:\/\/ovelanalista.com\/?p=152024"},"modified":"2026-09-01T11:08:18","modified_gmt":"2026-09-01T18:08:18","slug":"detienen-a-arturo-n-por-el-transfeminicidio-de-paola-buenrostro","status":"publish","type":"post","link":"https:\/\/ovelanalista.com\/?p=152024","title":{"rendered":"Detienen a Arturo \u201cN\u201d por el transfeminicidio de Paola Buenrostro"},"content":{"rendered":"<p>Arturo \u201cN\u201d es se\u00f1akado por su probable participaci\u00f3n en el transfeminicidio de Paola Buenrostro, ocurrido en septiembre de 2016<\/p>\n<div class=\"entry-grid__content-area entry-main-text\">\n<header class=\"entry-header mb-4\">\n<div class=\"entry-info entry-info-header mb-0 mb-lg-2\">\n<div class=\"entry-excerpt px-0 pb-3\">\n<p>Arturo \u201cN\u201d es se\u00f1akado por su probable participaci\u00f3n en el transfeminicidio de Paola Buenrostro, ocurrido en septiembre de 2016<\/p>\n<p>&nbsp;<\/p>\n<div class=\"article-item__date mb-auto align-self-center pb-2\">septiembre 1, 2026<\/div>\n<\/div>\n<\/div>\n<\/header>\n<\/div>\n<div class=\"entry-grid__content-area2 entry-main-text\">\n<div class=\"row\">\n<div class=\"col-12 col-lg-8\">\n<div class=\"article-content\">\n<p>La Fiscal\u00eda General de Justicia de la Ciudad de M\u00e9xico (<strong>FGJ CDMX<\/strong>) confirm\u00f3 la\u00a0<strong>detenci\u00f3n<\/strong>\u00a0de\u00a0<strong>Arturo \u201cN\u201d<\/strong>, por su probable\u00a0<strong>participaci\u00f3n<\/strong>\u00a0en el\u00a0<strong>transfeminicidio<\/strong>\u00a0de\u00a0<strong>Paola Buenrostro<\/strong>, ocurrido a finales de septiembre de 2016.<\/p>\n<p>Por medio de un\u00a0<a href=\"https:\/\/www.fgjcdmx.gob.mx\/comunicacion\/nota\/CS2026-294\" target=\"_blank\" rel=\"noopener noreferrer\">comunicado<\/a>, la autoridad capitalina indic\u00f3 que dicha captura ocurri\u00f3 en el municipio de\u00a0<strong>Nicol\u00e1s Romero, Estado de M\u00e9xico,<\/strong>\u00a0tras varios a\u00f1os de b\u00fasqueda.<\/p>\n<p>\u201cPara localizar al imputado, la Polic\u00eda de Investigaci\u00f3n (PDI) desarroll\u00f3 distintas l\u00edneas de investigaci\u00f3n y realiz\u00f3 diligencias de campo en Ciudad de M\u00e9xico y Estado de M\u00e9xico, adem\u00e1s de solicitar la colaboraci\u00f3n de la Fiscal\u00eda General del Estado de Baja California\u201d, apunt\u00f3 la SSC CDMX.<\/p>\n<div class=\"st-inarticle-slot\">\n<div id=\"standard_4\" class=\"st-placement inArticle standard_4\">\n<div class=\"st-adunit st-adunit-tagged st-adunit-inarticle st-reset st-show goku\" data-testid=\"adunit\">\n<div class=\"st-adunit-ad st-reset\" data-testid=\"adunit-ad\">\n<div class=\"st-display-render st-reset open st-controls\" data-testid=\"controls\">\n<div class=\"st-canvas st-reset horizontal-static\" data-testid=\"canvas\"><\/div>\n<div class=\"x-to-close st-reset\" data-testid=\"close-button\"><\/div>\n<\/div>\n<\/div>\n<\/div>\n<\/div>\n<\/div>\n<p>\u201cEstas acciones permitieron descartar diversas ubicaciones y concentrar la b\u00fasqueda en la colonia El Tr\u00e1fico, municipio de Nicol\u00e1s Romero, Estado de M\u00e9xico, donde los agentes localizaron y aprehendieron a Arturo \u2018N&#8217;\u201d, refiri\u00f3.<\/p>\n<div id=\"ros-inread-multiple-oevrrs\" class=\"ad-container dfp-ad-unit ad-inread ad-slot\" data-ad-type=\"inreadbox\" data-slot=\"inread-multiple\" data-ad-loaded=\"1\" data-ad-setup=\"{&quot;postID&quot;:1810159,&quot;canRefresh&quot;:false,&quot;infinitescroll&quot;:false}\" data-google-query-id=\"CM6DtOD8zZYDFe-wOgUd2SwmPw\">\n<div id=\"google_ads_iframe_\/117913022\/ld\/inread-multiple_0__container__\"><\/div>\n<\/div>\n<p>De acuerdo con la investigaci\u00f3n, la madrugada del 30 de septiembre de 2016, Paola Buenrostro abord\u00f3 el veh\u00edculo de Arturo \u201cN\u201d, despu\u00e9s de que \u00e9ste contratara sus servicios. Momentos despu\u00e9s, pidi\u00f3 auxilio a sus compa\u00f1eras y enseguida se escucharon dos disparos. Al acercarse al autom\u00f3vil, encontraron a la v\u00edctima inconsciente en el asiento del copiloto y al imputado con un arma de fuego en la mano. Paola perdi\u00f3 la vida a causa de las lesiones por arma de fuego.<\/p>\n<p>En su momento la investigaci\u00f3n apunt\u00f3 a la probable participaci\u00f3n de Arturo \u201cN\u201d, con lo que se obtuvo, el 19 de octubre de 2016, una orden de aprehensi\u00f3n en su contra. Como parte de las acciones para ampliar su b\u00fasqueda, en abril de 2023 la Fiscal\u00eda CDMX ofreci\u00f3 una recompensa de hasta 500 mil pesos a quien proporcionara informaci\u00f3n \u00fatil para su localizaci\u00f3n, aprehensi\u00f3n y puesta a disposici\u00f3n.<\/p>\n<p>El caso de Paola fue el primero reconocido como transfeminicidio por la entonces Comisi\u00f3n de Derechos Humanos del Distrito Federal. En la Recomendaci\u00f3n 02\/2019, el organismo document\u00f3 deficiencias en la investigaci\u00f3n inicial, falta de reconocimiento de la identidad de g\u00e9nero de Paola y la victimizaci\u00f3n secundaria sufrida por una de sus compa\u00f1eras.<\/p>\n<p>En ese momento, las autoridades no la reconocieron como integrante de la familia social ni como v\u00edctima indirecta, lo que limit\u00f3 su derecho a conocer y participar en la investigaci\u00f3n.<\/p>\n<p>La FGJ CDMX acept\u00f3 la recomendaci\u00f3n y, en 2021, ofreci\u00f3 una disculpa p\u00fablica a la memoria de Paola y a su familia social. La trascendencia del caso, la exigencia permanente de justicia por parte de la familia social y la movilizaci\u00f3n de organizaciones y colectivas trans tambi\u00e9n contribuyeron a la reforma conocida como Ley Paola Buenrostro, mediante la cual se incorpor\u00f3 el transfeminicidio al C\u00f3digo Penal de la Ciudad de M\u00e9xico en 2024.<\/p>\n<p>Con informaci\u00f3n de L\u00f3pez-D\u00f3riga Digital<\/p>\n<\/div>\n<\/div>\n<\/div>\n<\/div>\n","protected":false},"excerpt":{"rendered":"<p>Arturo \u201cN\u201d es se\u00f1akado por su probable participaci\u00f3n en el transfeminicidio de Paola Buenrostro, ocurrido en septiembre de 2016 Arturo \u201cN\u201d es se\u00f1akado por su probable participaci\u00f3n en el transfeminicidio de Paola Buenrostro, ocurrido en septiembre de 2016 &nbsp; septiembre 1, 2026 La Fiscal\u00eda General de Justicia de la Ciudad de M\u00e9xico (FGJ CDMX) confirm\u00f3 la\u00a0detenci\u00f3n\u00a0de\u00a0Arturo \u201cN\u201d, por su probable\u00a0participaci\u00f3n\u00a0en el\u00a0transfeminicidio\u00a0de\u00a0Paola Buenrostro, ocurrido a finales de septiembre de 2016. Por medio de un\u00a0comunicado, la autoridad capitalina indic\u00f3 que dicha captura ocurri\u00f3 en el municipio de\u00a0Nicol\u00e1s Romero, Estado de M\u00e9xico,\u00a0tras varios a\u00f1os de b\u00fasqueda. \u201cPara localizar al imputado, la Polic\u00eda de [&hellip;]<\/p>\n","protected":false},"author":3,"featured_media":152028,"comment_status":"open","ping_status":"open","sticky":false,"template":"","format":"standard","meta":{"_jetpack_newsletter_access":"","_jetpack_dont_email_post_to_subs":false,"_jetpack_newsletter_tier_id":0,"_jetpack_memberships_contains_paywalled_content":false,"_jetpack_feature_clip_id":0,"_jetpack_memberships_contains_paid_content":false,"footnotes":"","jetpack_publicize_message":"","jetpack_publicize_feature_enabled":true,"jetpack_social_post_already_shared":true,"jetpack_social_options":{"image_generator_settings":{"template":"highway","default_image_id":0,"font":"","enabled":false},"version":2},"jetpack_post_was_ever_published":false},"categories":[75],"tags":[],"class_list":["post-152024","post","type-post","status-publish","format-standard","has-post-thumbnail","hentry","category-nacional","post--single"],"jetpack_publicize_connections":[],"jetpack_featured_media_url":"https:\/\/ovelanalista.com\/wp-content\/uploads\/2026\/09\/arturo-n-presunto-transfeminicida-paola-buenrostro.jpg","jetpack_sharing_enabled":true,"_links":{"self":[{"href":"https:\/\/ovelanalista.com\/index.php?rest_route=\/wp\/v2\/posts\/152024","targetHints":{"allow":["GET"]}}],"collection":[{"href":"https:\/\/ovelanalista.com\/index.php?rest_route=\/wp\/v2\/posts"}],"about":[{"href":"https:\/\/ovelanalista.com\/index.php?rest_route=\/wp\/v2\/types\/post"}],"author":[{"embeddable":true,"href":"https:\/\/ovelanalista.com\/index.php?rest_route=\/wp\/v2\/users\/3"}],"replies":[{"embeddable":true,"href":"https:\/\/ovelanalista.com\/index.php?rest_route=%2Fwp%2Fv2%2Fcomments&post=152024"}],"version-history":[{"count":1,"href":"https:\/\/ovelanalista.com\/index.php?rest_route=\/wp\/v2\/posts\/152024\/revisions"}],"predecessor-version":[{"id":152029,"href":"https:\/\/ovelanalista.com\/index.php?rest_route=\/wp\/v2\/posts\/152024\/revisions\/152029"}],"wp:featuredmedia":[{"embeddable":true,"href":"https:\/\/ovelanalista.com\/index.php?rest_route=\/wp\/v2\/media\/152028"}],"wp:attachment":[{"href":"https:\/\/ovelanalista.com\/index.php?rest_route=%2Fwp%2Fv2%2Fmedia&parent=152024"}],"wp:term":[{"taxonomy":"category","embeddable":true,"href":"https:\/\/ovelanalista.com\/index.php?rest_route=%2Fwp%2Fv2%2Fcategories&post=152024"},{"taxonomy":"post_tag","embeddable":true,"href":"https:\/\/ovelanalista.com\/index.php?rest_route=%2Fwp%2Fv2%2Ftags&post=152024"}],"curies":[{"name":"wp","href":"https:\/\/api.w.org\/{rel}","templated":true}]}}