{"id":152035,"date":"2026-09-01T13:45:59","date_gmt":"2026-09-01T20:45:59","guid":{"rendered":"https:\/\/ovelanalista.com\/?p=152035"},"modified":"2026-09-01T11:18:55","modified_gmt":"2026-09-01T18:18:55","slug":"confirman-muerte-del-r5-fue-abatido-en-enfrentamiento-en-michoacan","status":"publish","type":"post","link":"https:\/\/ovelanalista.com\/?p=152035","title":{"rendered":"Confirman muerte del \u2018R5\u2019; fue abatido en enfrentamiento en Michoac\u00e1n"},"content":{"rendered":"<p>El \u2018R5\u2019, l\u00edder del C\u00e1rtel de los Reyes, fue abatido en Michoac\u00e1n junto con otro miembro del grupo criminal<\/p>\n<p>El Gobierno de M\u00e9xico confirm\u00f3 el\u00a0<strong>abatimiento<\/strong>\u00a0de\u00a0<strong>Luis Enrique Barrag\u00e1n Ch\u00e1vez<\/strong>, alias \u2018el G\u00fcicho\u2019 o \u2018<strong>R5<\/strong>\u2019,\u00a0<strong>l\u00edder<\/strong>\u00a0del\u00a0<strong>C\u00e1rtel de Los Reyes<\/strong>\u00a0y se\u00f1alado como uno de los principales responsables de\u00a0<strong>extorsionar<\/strong>\u00a0a\u00a0<strong>productores de aguacate<\/strong>\u00a0en\u00a0<strong>Michoac\u00e1n<\/strong>, por quien Estados Unidos ofrec\u00eda una recompensa de tres millones de d\u00f3lares.<\/p>\n<p>El secretario de Seguridad y Protecci\u00f3n Ciudadana,\u00a0<strong>Omar Garc\u00eda Harfuch<\/strong>, inform\u00f3 en redes sociales que Barrag\u00e1n Ch\u00e1vez\u00a0<strong>muri\u00f3<\/strong>\u00a0junto con\u00a0<strong>otro presunto integrante<\/strong>\u00a0del\u00a0<strong>grupo criminal<\/strong>\u00a0durante un\u00a0<strong>operativo<\/strong>\u00a0realizado en\u00a0<strong>Tocumbo<\/strong>, en el que los presuntos delincuentes agredieron a los agentes de fuerzas federales.<\/p>\n<p>\u201cAl repeler el ataque, dos agresores perdieron la vida, entre ellos Luis Enrique N., alias \u2018el G\u00fcicho\u2019 o \u2018R5\u2019, identificado como l\u00edder del C\u00e1rtel de Los Reyes y principal coordinador de las extorsiones contra productores de aguacate de la regi\u00f3n\u201d, expuso el funcionario.<\/p>\n<div class=\"twitter-tweet twitter-tweet-rendered\"><iframe id=\"twitter-widget-0\" class=\"\" title=\"X Post\" src=\"https:\/\/platform.twitter.com\/embed\/Tweet.html?creatorScreenName=lopezdoriga&amp;dnt=false&amp;embedId=twitter-widget-0&amp;features=eyJ0ZndfdGltZWxpbmVfbGlzdCI6eyJidWNrZXQiOltdLCJ2ZXJzaW9uIjpudWxsfSwidGZ3X2ZvbGxvd2VyX2NvdW50X3N1bnNldCI6eyJidWNrZXQiOnRydWUsInZlcnNpb24iOm51bGx9LCJ0ZndfdHdlZXRfZWRpdF9iYWNrZW5kIjp7ImJ1Y2tldCI6Im9uIiwidmVyc2lvbiI6bnVsbH0sInRmd19yZWZzcmNfc2Vzc2lvbiI6eyJidWNrZXQiOiJvbiIsInZlcnNpb24iOm51bGx9LCJ0ZndfZm9zbnJfc29mdF9pbnRlcnZlbnRpb25zX2VuYWJsZWQiOnsiYnVja2V0Ijoib24iLCJ2ZXJzaW9uIjpudWxsfSwidGZ3X21peGVkX21lZGlhXzE1ODk3Ijp7ImJ1Y2tldCI6InRyZWF0bWVudCIsInZlcnNpb24iOm51bGx9LCJ0ZndfZXhwZXJpbWVudHNfY29va2llX2V4cGlyYXRpb24iOnsiYnVja2V0IjoxMjA5NjAwLCJ2ZXJzaW9uIjpudWxsfSwidGZ3X3Nob3dfYmlyZHdhdGNoX3Bpdm90c19lbmFibGVkIjp7ImJ1Y2tldCI6Im9uIiwidmVyc2lvbiI6bnVsbH0sInRmd19kdXBsaWNhdGVfc2NyaWJlc190b19zZXR0aW5ncyI6eyJidWNrZXQiOiJvbiIsInZlcnNpb24iOm51bGx9LCJ0ZndfdXNlX3Byb2ZpbGVfaW1hZ2Vfc2hhcGVfZW5hYmxlZCI6eyJidWNrZXQiOiJvbiIsInZlcnNpb24iOm51bGx9LCJ0ZndfdmlkZW9faGxzX2R5bmFtaWNfbWFuaWZlc3RzXzE1MDgyIjp7ImJ1Y2tldCI6InRydWVfYml0cmF0ZSIsInZlcnNpb24iOm51bGx9LCJ0ZndfbGVnYWN5X3RpbWVsaW5lX3N1bnNldCI6eyJidWNrZXQiOnRydWUsInZlcnNpb24iOm51bGx9LCJ0ZndfdHdlZXRfZWRpdF9mcm9udGVuZCI6eyJidWNrZXQiOiJvbiIsInZlcnNpb24iOm51bGx9fQ%3D%3D&amp;frame=false&amp;hideCard=false&amp;hideThread=false&amp;id=2094772405818294759&amp;lang=es&amp;origin=https%3A%2F%2Flopezdoriga.com%2Fnacional%2Fconfirman-muerte-r5-fue-abatido-enfrentamiento-michoacan%2F&amp;sessionId=febb98490233dace74cacffd47e65cd6021146c3&amp;siteScreenName=lopezdoriga&amp;theme=light&amp;widgetsVersion=6a3ad42b224df%3A1778106238597&amp;width=550px\" frameborder=\"0\" scrolling=\"no\" allowfullscreen=\"allowfullscreen\" data-tweet-id=\"2094772405818294759\" data-mce-fragment=\"1\"><\/iframe><\/div>\n<p>&nbsp;<\/p>\n<p>Garc\u00eda Harfuch explic\u00f3 que elementos de la Secretar\u00eda de la Defensa Nacional y de la Guardia Nacional, en coordinaci\u00f3n con la Fiscal\u00eda y la Polic\u00eda de Michoac\u00e1n, desplegaron el operativo tras trabajos de inteligencia militar.<\/p>\n<p>El titular de la SSPC\u00a0<a href=\"https:\/\/www.gob.mx\/defensa\/prensa\/se-informa-sobre-una-operacion-para-la-detencion-de-luis-enrique-n-a-el-guicho-o-r5?idiom=es\" target=\"_blank\" rel=\"noopener noreferrer\">precis\u00f3<\/a>\u00a0que \u2018<strong>el R5<\/strong>\u2019 contaba con una\u00a0<strong>orden de detenci\u00f3n<\/strong>\u00a0provisional con fines de\u00a0<strong>extradici\u00f3n<\/strong>\u00a0a\u00a0<strong>Estados Unidos<\/strong>\u00a0y que el Departamento de Estado ofrec\u00eda una\u00a0<strong>recompensa<\/strong>\u00a0de<strong>\u00a0tres millones de d\u00f3lares<\/strong>\u00a0por informaci\u00f3n que condujera a su arresto por delitos relacionados con el tr\u00e1fico de drogas y de armas.<\/p>\n<p>La confirmaci\u00f3n federal llega un d\u00eda despu\u00e9s de que el gobernador de Michoac\u00e1n, Alfredo Ram\u00edrez Bedolla, informara de un\u00a0<a href=\"https:\/\/lopezdoriga.com\/nacional\/abaten-r5-lider-cartel-los-reyes\/\" target=\"_blank\" rel=\"noopener\">enfrentamiento durante un operativo<\/a>\u00a0en la regi\u00f3n, aunque entonces evit\u00f3 confirmar oficialmente la identidad de los fallecidos a la espera de las diligencias de la Fiscal\u00eda.<\/p>\n<div class=\"entry-content entry-grid mx-auto col-12 col-lg-12 col-xl-10\">\n<div class=\"entry-grid__content-area2 entry-main-text\">\n<div class=\"row\">\n<div class=\"col-12 col-lg-8\">\n<div class=\"article-content\">\n<p>despu\u00e9s de la captura de Alfonso Fern\u00e1ndez Magall\u00f3n, alias \u2018la Quiringua\u2019, otro de los principales dirigentes de la organizaci\u00f3n, en un operativo realizado a comienzos de agosto.<\/p>\n<p>Tras esa detenci\u00f3n, las autoridades identificaron al \u2018R5\u2019 como responsable de la estructura criminal.<\/p>\n<p>El\u00a0<strong>C\u00e1rtel de Los Reyes<\/strong>\u00a0opera principalmente en municipios del occidente de\u00a0<strong>Michoac\u00e1n<\/strong>\u00a0como Los Reyes, Perib\u00e1n, Ting\u00fcind\u00edn, Tocumbo y Cotija, una de las principales regiones productoras de aguacate del pa\u00eds y donde las autoridades han reforzado durante los \u00faltimos meses los operativos contra la extorsi\u00f3n.<\/p>\n<p>La organizaci\u00f3n est\u00e1 vinculada con\u00a0<strong>C\u00e1rteles<\/strong>\u00a0<strong>Unidos<\/strong>, una alianza de grupos criminales surgida para disputar territorio al C\u00e1rtel Jalisco Nueva Generaci\u00f3n (CJNG) en Michoac\u00e1n. Estados Unidos design\u00f3 en febrero de 2025 a C\u00e1rteles Unidos y al CJNG, entre otras organizaciones mexicanas, como organizaciones terroristas extranjeras.<\/p>\n<h2>\u00a0Extorsi\u00f3n al sector aguacatero<\/h2>\n<div id=\"ros-inread-multiple-4ygqrn\" class=\"ad-container dfp-ad-unit ad-inread ad-slot\" data-ad-type=\"inreadbox\" data-slot=\"inread-multiple\" data-ad-loaded=\"1\" data-ad-setup=\"{&quot;postID&quot;:1810138,&quot;canRefresh&quot;:false,&quot;infinitescroll&quot;:false}\" data-google-query-id=\"CM-x8Yj_zZYDFb8sRAgd3UoGpQ\">\n<div id=\"google_ads_iframe_\/117913022\/ld\/inread-multiple_1__container__\"><\/div>\n<\/div>\n<p>La\u00a0<strong>extorsi\u00f3n<\/strong>\u00a0a\u00a0<strong>productores<\/strong>,\u00a0<strong>empacadores<\/strong>\u00a0y\u00a0<strong>transportistas<\/strong>\u00a0de\u00a0<strong>aguacate<\/strong>\u00a0y otros productos agr\u00edcolas se ha convertido en uno de los principales focos de la\u00a0<strong>estrategia de seguridad<\/strong>\u00a0en\u00a0<strong>Michoac\u00e1n<\/strong>, el mayor estado productor de aguacate de M\u00e9xico.<\/p>\n<p>El sector aguacatero tiene especial relevancia en la relaci\u00f3n con Estados Unidos, principal destino de las exportaciones mexicanas, y los problemas de seguridad han provocado en distintas ocasiones afectaciones al comercio bilateral.<\/p>\n<p>La muerte del \u2018R5\u2019 se suma as\u00ed a una serie de operaciones recientes contra dirigentes criminales vinculados con la extorsi\u00f3n en Michoac\u00e1n.<\/p>\n<p>Con informaci\u00f3n de EFE<\/p>\n<\/div>\n<\/div>\n<div class=\"col-12 col-lg-4 d-none d-lg-block\">\n<div class=\"sidebar-content-area\">\n<div class=\"wa-widget--recientes\">\n<div class=\"wa-widget-article-list\"><\/div>\n<\/div>\n<div id=\"ros-box-b-6a96d904b9fe8\" class=\"ad-container dfp-ad-unit ad-custom ad-boxbanner sticky-top sticky-header sticky-ad ad-slot\" data-ad-type=\"custom\" data-slot=\"ros-box-b\" data-ad-setup=\"{&quot;postID&quot;:1810138,&quot;css&quot;:&quot;ad-boxbanner sticky-top sticky-header sticky-ad&quot;,&quot;canRefresh&quot;:true,&quot;mappings&quot;:{&quot;sizes&quot;:[[300,250],[300,600]],&quot;desktop&quot;:[[300,250],[300,600]],&quot;mobile&quot;:[],&quot;all&quot;:[]},&quot;infinitescroll&quot;:false}\" data-ad-loaded=\"1\" data-google-query-id=\"CKnghvz-zZYDFdGR7gEdtp4zFA\">\n<div id=\"google_ads_iframe_\/117913022\/ld\/ros-box-b_0__container__\"><\/div>\n<\/div>\n<\/div>\n<\/div>\n<\/div>\n<\/div>\n<\/div>\n<div class=\"col-12\">\n<footer class=\"mt-5\">\n<div id=\"ros-top-b-6a96d904ba04d\" class=\"ad-container dfp-ad-unit ad-billboardboxmobile ad-superbanner ad-slot\" data-ad-type=\"billboardboxmobile\" data-slot=\"ros-top-b\" data-ad-setup=\"{&quot;postID&quot;:1810138,&quot;css&quot;:&quot;ad-superbanner&quot;,&quot;canRefresh&quot;:true,&quot;mappings&quot;:[],&quot;infinitescroll&quot;:false}\" data-ad-loaded=\"1\" data-google-query-id=\"COPK24z_zZYDFdAPRAgdb7ol7A\"><\/div>\n<\/footer>\n<\/div>\n","protected":false},"excerpt":{"rendered":"<p>El \u2018R5\u2019, l\u00edder del C\u00e1rtel de los Reyes, fue abatido en Michoac\u00e1n junto con otro miembro del grupo criminal El Gobierno de M\u00e9xico confirm\u00f3 el\u00a0abatimiento\u00a0de\u00a0Luis Enrique Barrag\u00e1n Ch\u00e1vez, alias \u2018el G\u00fcicho\u2019 o \u2018R5\u2019,\u00a0l\u00edder\u00a0del\u00a0C\u00e1rtel de Los Reyes\u00a0y se\u00f1alado como uno de los principales responsables de\u00a0extorsionar\u00a0a\u00a0productores de aguacate\u00a0en\u00a0Michoac\u00e1n, por quien Estados Unidos ofrec\u00eda una recompensa de tres millones de d\u00f3lares. El secretario de Seguridad y Protecci\u00f3n Ciudadana,\u00a0Omar Garc\u00eda Harfuch, inform\u00f3 en redes sociales que Barrag\u00e1n Ch\u00e1vez\u00a0muri\u00f3\u00a0junto con\u00a0otro presunto integrante\u00a0del\u00a0grupo criminal\u00a0durante un\u00a0operativo\u00a0realizado en\u00a0Tocumbo, en el que los presuntos delincuentes agredieron a los agentes de fuerzas federales. \u201cAl repeler el ataque, dos agresores perdieron [&hellip;]<\/p>\n","protected":false},"author":3,"featured_media":152038,"comment_status":"open","ping_status":"open","sticky":false,"template":"","format":"standard","meta":{"_jetpack_newsletter_access":"","_jetpack_dont_email_post_to_subs":false,"_jetpack_newsletter_tier_id":0,"_jetpack_memberships_contains_paywalled_content":false,"_jetpack_feature_clip_id":0,"_jetpack_memberships_contains_paid_content":false,"footnotes":"","jetpack_publicize_message":"","jetpack_publicize_feature_enabled":true,"jetpack_social_post_already_shared":true,"jetpack_social_options":{"image_generator_settings":{"template":"highway","default_image_id":0,"font":"","enabled":false},"version":2},"jetpack_post_was_ever_published":false},"categories":[75],"tags":[],"class_list":["post-152035","post","type-post","status-publish","format-standard","has-post-thumbnail","hentry","category-nacional","post--single"],"jetpack_publicize_connections":[],"jetpack_featured_media_url":"https:\/\/ovelanalista.com\/wp-content\/uploads\/2026\/09\/luis-enrique-barragan-chavez-alias-el-guicho-o-r5.jpg","jetpack_sharing_enabled":true,"_links":{"self":[{"href":"https:\/\/ovelanalista.com\/index.php?rest_route=\/wp\/v2\/posts\/152035","targetHints":{"allow":["GET"]}}],"collection":[{"href":"https:\/\/ovelanalista.com\/index.php?rest_route=\/wp\/v2\/posts"}],"about":[{"href":"https:\/\/ovelanalista.com\/index.php?rest_route=\/wp\/v2\/types\/post"}],"author":[{"embeddable":true,"href":"https:\/\/ovelanalista.com\/index.php?rest_route=\/wp\/v2\/users\/3"}],"replies":[{"embeddable":true,"href":"https:\/\/ovelanalista.com\/index.php?rest_route=%2Fwp%2Fv2%2Fcomments&post=152035"}],"version-history":[{"count":1,"href":"https:\/\/ovelanalista.com\/index.php?rest_route=\/wp\/v2\/posts\/152035\/revisions"}],"predecessor-version":[{"id":152039,"href":"https:\/\/ovelanalista.com\/index.php?rest_route=\/wp\/v2\/posts\/152035\/revisions\/152039"}],"wp:featuredmedia":[{"embeddable":true,"href":"https:\/\/ovelanalista.com\/index.php?rest_route=\/wp\/v2\/media\/152038"}],"wp:attachment":[{"href":"https:\/\/ovelanalista.com\/index.php?rest_route=%2Fwp%2Fv2%2Fmedia&parent=152035"}],"wp:term":[{"taxonomy":"category","embeddable":true,"href":"https:\/\/ovelanalista.com\/index.php?rest_route=%2Fwp%2Fv2%2Fcategories&post=152035"},{"taxonomy":"post_tag","embeddable":true,"href":"https:\/\/ovelanalista.com\/index.php?rest_route=%2Fwp%2Fv2%2Ftags&post=152035"}],"curies":[{"name":"wp","href":"https:\/\/api.w.org\/{rel}","templated":true}]}}