{"id":152042,"date":"2026-09-01T14:15:12","date_gmt":"2026-09-01T21:15:12","guid":{"rendered":"https:\/\/ovelanalista.com\/?p=152042"},"modified":"2026-09-01T11:23:37","modified_gmt":"2026-09-01T18:23:37","slug":"higinio-martinez-asume-como-nuevo-presidente-de-la-mesa-directiva-del-senado","status":"publish","type":"post","link":"https:\/\/ovelanalista.com\/?p=152042","title":{"rendered":"Higinio Mart\u00ednez asume como nuevo presidente de la Mesa Directiva del Senado"},"content":{"rendered":"<p>Tras la aprobaci\u00f3n del acuerdo, la nueva Mesa Directiva tom\u00f3 protesta y se declar\u00f3 instalada<\/p>\n<div class=\"entry-grid__content-area entry-main-text\">\n<header class=\"entry-header mb-4\">\n<div class=\"entry-info entry-info-header mb-0 mb-lg-2\">\n<div class=\"entry-excerpt px-0 pb-3\">\n<p>Tras la aprobaci\u00f3n del acuerdo, la nueva Mesa Directiva tom\u00f3 protesta y se declar\u00f3 instalada<\/p>\n<p>&nbsp;<\/p>\n<div class=\"article-item__date mb-auto align-self-center pb-2\">agosto 31, 2026<\/div>\n<\/div>\n<\/div>\n<\/header>\n<\/div>\n<div class=\"entry-grid__content-area2 entry-main-text\">\n<div class=\"row\">\n<div class=\"col-12 col-lg-8\">\n<div class=\"article-content\">\n<p>El\u00a0<strong>Senado de la Rep\u00fablica<\/strong>\u00a0aprob\u00f3 este lunes la integraci\u00f3n de la\u00a0<strong>Mesa Directiva<\/strong>\u00a0que se desempe\u00f1ar\u00e1 durante el\u00a0<strong>Tercer A\u00f1o de Ejercicio<\/strong>\u00a0de la\u00a0<strong>LXVI Legislatura<\/strong>.<\/p>\n<p>La Mesa Directiva qued\u00f3 presidida por\u00a0<strong>Higinio Mart\u00ednez<\/strong>\u00a0(Morena) y en las vicepresidencias quedaron la senadora Ver\u00f3nica Noem\u00ed Camino Farjat, Mauricio Vila Dosal, y Jorge Carlos Ram\u00edrez Mar\u00edn.<\/p>\n<p>Tras la aprobaci\u00f3n del acuerdo, la nueva Mesa Directiva tom\u00f3 protesta y se declar\u00f3 instalada.<\/p>\n<p>Con informaci\u00f3n de L\u00f3pez-D\u00f3riga Digital<\/p>\n<div class=\"st-inarticle-slot\">\n<div id=\"standard_4\" class=\"st-placement inArticle standard_4\">\n<div class=\"st-adunit st-adunit-tagged st-adunit-inarticle st-reset st-show goku\" data-testid=\"adunit\">\n<div class=\"st-adunit-ad st-reset\" data-testid=\"adunit-ad\">\n<div class=\"st-display-render st-reset open st-controls\" data-testid=\"controls\"><\/div>\n<\/div>\n<\/div>\n<\/div>\n<\/div>\n<\/div>\n<\/div>\n<\/div>\n<\/div>\n","protected":false},"excerpt":{"rendered":"<p>Tras la aprobaci\u00f3n del acuerdo, la nueva Mesa Directiva tom\u00f3 protesta y se declar\u00f3 instalada Tras la aprobaci\u00f3n del acuerdo, la nueva Mesa Directiva tom\u00f3 protesta y se declar\u00f3 instalada &nbsp; agosto 31, 2026 El\u00a0Senado de la Rep\u00fablica\u00a0aprob\u00f3 este lunes la integraci\u00f3n de la\u00a0Mesa Directiva\u00a0que se desempe\u00f1ar\u00e1 durante el\u00a0Tercer A\u00f1o de Ejercicio\u00a0de la\u00a0LXVI Legislatura. La Mesa Directiva qued\u00f3 presidida por\u00a0Higinio Mart\u00ednez\u00a0(Morena) y en las vicepresidencias quedaron la senadora Ver\u00f3nica Noem\u00ed Camino Farjat, Mauricio Vila Dosal, y Jorge Carlos Ram\u00edrez Mar\u00edn. Tras la aprobaci\u00f3n del acuerdo, la nueva Mesa Directiva tom\u00f3 protesta y se declar\u00f3 instalada. Con informaci\u00f3n de L\u00f3pez-D\u00f3riga Digital<\/p>\n","protected":false},"author":3,"featured_media":152043,"comment_status":"open","ping_status":"open","sticky":false,"template":"","format":"standard","meta":{"_jetpack_newsletter_access":"","_jetpack_dont_email_post_to_subs":false,"_jetpack_newsletter_tier_id":0,"_jetpack_memberships_contains_paywalled_content":false,"_jetpack_feature_clip_id":0,"_jetpack_memberships_contains_paid_content":false,"footnotes":"","jetpack_publicize_message":"","jetpack_publicize_feature_enabled":true,"jetpack_social_post_already_shared":true,"jetpack_social_options":{"image_generator_settings":{"template":"highway","default_image_id":0,"font":"","enabled":false},"version":2},"jetpack_post_was_ever_published":false},"categories":[75],"tags":[],"class_list":["post-152042","post","type-post","status-publish","format-standard","has-post-thumbnail","hentry","category-nacional","post--single"],"jetpack_publicize_connections":[],"jetpack_featured_media_url":"https:\/\/ovelanalista.com\/wp-content\/uploads\/2026\/09\/senado-mesa-directiva.jpg","jetpack_sharing_enabled":true,"_links":{"self":[{"href":"https:\/\/ovelanalista.com\/index.php?rest_route=\/wp\/v2\/posts\/152042","targetHints":{"allow":["GET"]}}],"collection":[{"href":"https:\/\/ovelanalista.com\/index.php?rest_route=\/wp\/v2\/posts"}],"about":[{"href":"https:\/\/ovelanalista.com\/index.php?rest_route=\/wp\/v2\/types\/post"}],"author":[{"embeddable":true,"href":"https:\/\/ovelanalista.com\/index.php?rest_route=\/wp\/v2\/users\/3"}],"replies":[{"embeddable":true,"href":"https:\/\/ovelanalista.com\/index.php?rest_route=%2Fwp%2Fv2%2Fcomments&post=152042"}],"version-history":[{"count":1,"href":"https:\/\/ovelanalista.com\/index.php?rest_route=\/wp\/v2\/posts\/152042\/revisions"}],"predecessor-version":[{"id":152044,"href":"https:\/\/ovelanalista.com\/index.php?rest_route=\/wp\/v2\/posts\/152042\/revisions\/152044"}],"wp:featuredmedia":[{"embeddable":true,"href":"https:\/\/ovelanalista.com\/index.php?rest_route=\/wp\/v2\/media\/152043"}],"wp:attachment":[{"href":"https:\/\/ovelanalista.com\/index.php?rest_route=%2Fwp%2Fv2%2Fmedia&parent=152042"}],"wp:term":[{"taxonomy":"category","embeddable":true,"href":"https:\/\/ovelanalista.com\/index.php?rest_route=%2Fwp%2Fv2%2Fcategories&post=152042"},{"taxonomy":"post_tag","embeddable":true,"href":"https:\/\/ovelanalista.com\/index.php?rest_route=%2Fwp%2Fv2%2Ftags&post=152042"}],"curies":[{"name":"wp","href":"https:\/\/api.w.org\/{rel}","templated":true}]}}