{"id":152049,"date":"2026-09-01T14:07:57","date_gmt":"2026-09-01T21:07:57","guid":{"rendered":"https:\/\/ovelanalista.com\/?p=152049"},"modified":"2026-09-01T14:07:57","modified_gmt":"2026-09-01T21:07:57","slug":"el-incomodo-regreso-de-insunza-y-el-terrorismo-que-no-es-terrorismo","status":"publish","type":"post","link":"https:\/\/ovelanalista.com\/?p=152049","title":{"rendered":"El inc\u00f3modo regreso de Insunza y el terrorismo que no es terrorismo"},"content":{"rendered":"<p><strong>Francisco Garfias.<\/strong><\/p>\n<p>El regreso de Enrique Insunza al Senado es reflejo del estado de par\u00e1lisis de la FGR.<\/p>\n<p>Supuestamente est\u00e1 bajo investigaci\u00f3n por las grav\u00edsimas acusaciones que le hizo el Distrito Sur de Nueva York, pero por lo pronto sigue en el cargo, a diferencia de Rocha Moya, obligado a pedir licencia.<\/p>\n<p>EEUU se\u00f1ala a Insunza como enlace del gobierno de Rocha Moya con\u00a0<i>Los Chapitos.<\/i>\u00a0\u00c9l dice que es un asunto de \u201ccorte pol\u00edtico\u201d y se declara inocente.<\/p>\n<p>El Distrito Sur de NY asegura que acord\u00f3 \u201cplanes espec\u00edficos\u201d para que el gobierno de Rocha Moya apoyara y protegiera al C\u00e1rtel Sinaloa, a cambio de favores que ayudaran a los funcionarios a mantenerse en el poder.<\/p>\n<p>Dice tambi\u00e9n que Insunza transmiti\u00f3 comunicaciones de los l\u00edderes de\u00a0<i>Los Chapitos<\/i>\u00a0a Rocha Moya, sobre el apoyo electoral del c\u00e1rtel, a cambio de protecci\u00f3n de su administraci\u00f3n.<\/p>\n<p>Insunza tom\u00f3 la decisi\u00f3n separarse de la bancada de Morena, luego de que algunos integrantes de esa bancada le sugirieron pidiera licencia, luego del esc\u00e1ndalo del regreso de 33 horas de Rocha Moya.<\/p>\n<p>No los escuch\u00f3. Sigue en el cargo a\u00fan cuando oficialmenete est\u00e1 siendo investigado. Ayer volvi\u00f3 a sus oficinas del Senado, despu\u00e9s de 123 d\u00edas de ausencia.<\/p>\n<p>Hasta una rueda de prensa ofreci\u00f3 para declararse inocente y denunciar\u00a0\u00a0\u201cuna embestida medi\u00e1tica de calumnias y diatribas\u201d en su contra, desde que EEUU pidi\u00f3 su detenci\u00f3n con fines de extradici\u00f3n \u201csin presentar una prueba\u201d.<\/p>\n<p>Aprovech\u00f3 para aclarar que, a\u00fan siendo miembro de la Comisi\u00f3n Permanente, no acudi\u00f3 a las sesiones por decisi\u00f3n del coordinador del grupo parlamentario de Morena, Ignacio Mier.<\/p>\n<p>Y se defendi\u00f3 de los se\u00f1alamientos de que cobr\u00f3 su dieta sin trabajar. Dijo al respecto:<\/p>\n<p>\u201cJam\u00e1s me ausent\u00e9 de mi responsabilidad legislativa, como presidente que soy, hasta hoy, de la Comisi\u00f3n de Asuntos Legislativos.<\/p>\n<p>\u201cTuve a mi cargo la preparaci\u00f3n de 22 reformas, he trabajado junto con mi equipo t\u00e9cnico, de tal manera que no me he separado de mi trabajo legislativo\u201d, asegur\u00f3.<\/p>\n<p class=\"x_ydp7d74d7c3MsoNormal\">Por ahora no parece que Inzunza tome el camino de Rocha Moya. Todo dependera de la presi\u00f3n a la que ser\u00e1 sometido. Por lo pronto le fue mejor que al gobernador con licencia.<\/p>\n<p class=\"x_ydp7d74d7c3MsoNormal\">***<\/p>\n<p class=\"x_ydp7d74d7c3MsoNormal\">La noche del domingo 30 de agosto de 2026, alrededor de las 20:00 horas, un autom\u00f3vil particular con explosivos deton\u00f3 frente a la Comandancia de Polic\u00eda Municipal de Ojocaliente, Zacatecas, en plena Feria Regional de la Tuna y de la Uva.<\/p>\n<p class=\"x_ydp7d74d7c3MsoNormal\">El saldo es de entre 7 y 10 heridos civiles y al menos dos polic\u00edas; da\u00f1os en la comandancia, a dos patrullas, y a 11 veh\u00edculos particulares, viviendas y comercios.<\/p>\n<p class=\"x_ydp7d74d7c3MsoNormal\">Es el tercer ataque con explosivos en el estado, en menos de una semana. La Fiscal\u00eda de Zacatecas apunta al CJNG por un veh\u00edculo robado en Jalisco, y la disputa territorial con \u201cLa Mayiza\u201d.<\/p>\n<p class=\"x_ydp7d74d7c3MsoNormal\">El m\u00e9todo utilizado es el mismo que usaron Al Qaeda, ETA, el IRA, las FARC, Pablo Escobar en Medell\u00edn: un artefacto explosivo improvisado colocado en un veh\u00edculo y detonado contra un objetivo.<\/p>\n<p class=\"x_ydp7d74d7c3MsoNormal\">Pero dice el gobierno de la 4T que no es terrorismo porque esos actos de violencia e intimidaci\u00f3n dirigidos contra la poblaci\u00f3n o el Estado con el prop\u00f3sito de afectar, coaccionar o derribar al gobierno.<\/p>\n<p class=\"x_ydp7d74d7c3MsoNormal\">Hasta anoche, no hab\u00eda comentario registrado de la presidenta Sheimbaum\u00a0\u00a0sobre la explosi\u00f3n en Ojocaliente, pero su postura al respecto ha sido consistente.<\/p>\n<p class=\"x_ydp7d74d7c3MsoNormal\">No admite que se llame \u201cterrorismo\u201d a las explosiones de coches-bomba. Dice que los c\u00e1rteles tienen un objetivo econ\u00f3mico y de control territorial, no ideol\u00f3gico-pol\u00edtico de ese tipo.<\/p>\n<p class=\"x_ydp7d74d7c3MsoNormal\">\u201cNosotros no podemos aceptar que se les llame terroristas a estos grupos porque su objetivo es otro\u201d, ha dicho.<\/p>\n<p class=\"x_ydp7d74d7c3MsoNormal\">\u00a1Ah\u2026 Menos mal!<\/p>\n<p>***<\/p>\n<p class=\"x_ydp7d74d7c3MsoNormal\">Su nombre es Jorge Amilcar Ol\u00e1n Aparicio. Es un empresario amigo, socio y c\u00f3mplice de Andy L\u00f3pez Beltr\u00e1n. A menudo\u00a0\u00a0aparece en reportajes sobre presunto tr\u00e1fico de influencias y\u00a0\u00a0contratos p\u00fablicos millonarios.<\/p>\n<p>Mexicanos contra la Corrupci\u00f3n y la Impunidad lo volvi\u00f3 a balconear. Dice que Ol\u00e1n ya extendi\u00f3 su red de negocios a Estados Unidos.<\/p>\n<p>Dice la organizaci\u00f3n ciudadana:<\/p>\n<p>\u201cUn mes antes de que Andy L\u00f3pez Beltr\u00e1n hiciera p\u00fablica la cancelaci\u00f3n de su visa para ingresar a Estados Unidos, su amigo Am\u00edlcar Ol\u00e1n extend\u00eda su red empresarial a Texas.<\/p>\n<p>\u201cEl empresario, beneficiado con contratos multimillonarios durante el gobierno de AMLO, constituy\u00f3 una compa\u00f1\u00eda y se asoci\u00f3 en otra con una mujer se\u00f1alada como operadora de sus negocios de balastro en las obras ferroviarias de la 4T\u201d.<\/p>\n<p>MCCI agrega que registros mercantiles de la Secretar\u00eda de Estado de Texas, cuya copia publica, revelan que, el pasado 25 de junio de 2026, Ol\u00e1n constituy\u00f3 la compa\u00f1\u00eda Stone Basaltico LLC, en la que figura como \u00fanico accionista y donde su t\u00eda, Teresa de Jes\u00fas Ol\u00e1n Rodr\u00edguez, funge como agente para recibir notificaciones judiciales.<\/p>\n<p>As\u00ed de bien le ha ido a Am\u00edlcar, gracias a su cercan\u00eda con el hijo de AMLO.<\/p>\n","protected":false},"excerpt":{"rendered":"<p>Francisco Garfias. El regreso de Enrique Insunza al Senado es reflejo del estado de par\u00e1lisis de la FGR. Supuestamente est\u00e1 bajo investigaci\u00f3n por las grav\u00edsimas acusaciones que le hizo el Distrito Sur de Nueva York, pero por lo pronto sigue en el cargo, a diferencia de Rocha Moya, obligado a pedir licencia. EEUU se\u00f1ala a Insunza como enlace del gobierno de Rocha Moya con\u00a0Los Chapitos.\u00a0\u00c9l dice que es un asunto de \u201ccorte pol\u00edtico\u201d y se declara inocente. El Distrito Sur de NY asegura que acord\u00f3 \u201cplanes espec\u00edficos\u201d para que el gobierno de Rocha Moya apoyara y protegiera al C\u00e1rtel Sinaloa, [&hellip;]<\/p>\n","protected":false},"author":3,"featured_media":104284,"comment_status":"open","ping_status":"open","sticky":false,"template":"","format":"standard","meta":{"_jetpack_newsletter_access":"","_jetpack_dont_email_post_to_subs":false,"_jetpack_newsletter_tier_id":0,"_jetpack_memberships_contains_paywalled_content":false,"_jetpack_feature_clip_id":0,"_jetpack_memberships_contains_paid_content":false,"footnotes":"","jetpack_publicize_message":"","jetpack_publicize_feature_enabled":true,"jetpack_social_post_already_shared":true,"jetpack_social_options":{"image_generator_settings":{"template":"highway","default_image_id":0,"font":"","enabled":false},"version":2},"jetpack_post_was_ever_published":false},"categories":[104],"tags":[],"class_list":["post-152049","post","type-post","status-publish","format-standard","has-post-thumbnail","hentry","category-columnistas-estatales","post--single"],"jetpack_publicize_connections":[],"jetpack_featured_media_url":"https:\/\/ovelanalista.com\/wp-content\/uploads\/2024\/09\/Garfias-5-2.jpg","jetpack_sharing_enabled":true,"_links":{"self":[{"href":"https:\/\/ovelanalista.com\/index.php?rest_route=\/wp\/v2\/posts\/152049","targetHints":{"allow":["GET"]}}],"collection":[{"href":"https:\/\/ovelanalista.com\/index.php?rest_route=\/wp\/v2\/posts"}],"about":[{"href":"https:\/\/ovelanalista.com\/index.php?rest_route=\/wp\/v2\/types\/post"}],"author":[{"embeddable":true,"href":"https:\/\/ovelanalista.com\/index.php?rest_route=\/wp\/v2\/users\/3"}],"replies":[{"embeddable":true,"href":"https:\/\/ovelanalista.com\/index.php?rest_route=%2Fwp%2Fv2%2Fcomments&post=152049"}],"version-history":[{"count":1,"href":"https:\/\/ovelanalista.com\/index.php?rest_route=\/wp\/v2\/posts\/152049\/revisions"}],"predecessor-version":[{"id":152051,"href":"https:\/\/ovelanalista.com\/index.php?rest_route=\/wp\/v2\/posts\/152049\/revisions\/152051"}],"wp:featuredmedia":[{"embeddable":true,"href":"https:\/\/ovelanalista.com\/index.php?rest_route=\/wp\/v2\/media\/104284"}],"wp:attachment":[{"href":"https:\/\/ovelanalista.com\/index.php?rest_route=%2Fwp%2Fv2%2Fmedia&parent=152049"}],"wp:term":[{"taxonomy":"category","embeddable":true,"href":"https:\/\/ovelanalista.com\/index.php?rest_route=%2Fwp%2Fv2%2Fcategories&post=152049"},{"taxonomy":"post_tag","embeddable":true,"href":"https:\/\/ovelanalista.com\/index.php?rest_route=%2Fwp%2Fv2%2Ftags&post=152049"}],"curies":[{"name":"wp","href":"https:\/\/api.w.org\/{rel}","templated":true}]}}