{"id":152070,"date":"2026-09-02T09:57:12","date_gmt":"2026-09-02T16:57:12","guid":{"rendered":"https:\/\/ovelanalista.com\/?p=152070"},"modified":"2026-09-02T09:57:12","modified_gmt":"2026-09-02T16:57:12","slug":"sheinbaum-nahle-los-numeros-matan-rumores","status":"publish","type":"post","link":"https:\/\/ovelanalista.com\/?p=152070","title":{"rendered":"Sheinbaum-Nahle: los n\u00fameros matan rumores"},"content":{"rendered":"<p><strong>Astrolabio Pol\u00edtico<\/strong><\/p>\n<p>Por: <strong>Luis Ram\u00edrez Baqueiro<\/strong><\/p>\n<blockquote><p>\u201cEl liderazgo es una oportunidad de servir; no de lucirse\u201d. \u2013 J. Donald Walters.<\/p><\/blockquote>\n<p>&nbsp;<\/p>\n<p>El Segundo Informe de Gobierno de Claudia Sheinbaum Pardo no s\u00f3lo sirvi\u00f3 para colocar sobre la mesa cifras econ\u00f3micas, laborales y de seguridad. Para Veracruz dej\u00f3 adem\u00e1s una lectura pol\u00edtica imposible de ignorar: la relaci\u00f3n entre la Presidenta y la gobernadora Roc\u00edo Nahle Garc\u00eda est\u00e1 muy lejos de ese supuesto distanciamiento que peri\u00f3dicamente algunos sectores pretenden instalar en la conversaci\u00f3n p\u00fablica.<\/p>\n<p>Nahle estuvo presente en Palacio Nacional junto con mandatarios estatales e integrantes de la clase pol\u00edtica nacional. Pero la mejor manera de medir una relaci\u00f3n entre gobiernos no son las fotograf\u00edas, sino los resultados.<\/p>\n<p>Sheinbaum lleg\u00f3 a su segundo informe destacando una transformaci\u00f3n profunda del mercado laboral. El salario m\u00ednimo, record\u00f3, pas\u00f3 de 2 mil 800 pesos mensuales en 2018 a m\u00e1s de 9 mil pesos en 2026, un incremento real acumulado de alrededor de 154 por ciento. El salario promedio de la econom\u00eda se ubica por encima de los 20 mil pesos mensuales y la pobreza laboral alcanz\u00f3 su menor nivel desde que existe registro comparable. A ello se suma el proceso para llevar gradualmente la jornada laboral a 40 horas semanales.<\/p>\n<p>En econom\u00eda, pese al complicado escenario internacional, el Gobierno federal presume estabilidad: inversi\u00f3n extranjera directa en niveles hist\u00f3ricos, crecimiento del PIB y una tasa de desempleo de apenas 2.7 por ciento. No es poca cosa frente a las tensiones comerciales, los aranceles estadounidenses y la volatilidad internacional.<\/p>\n<p>En seguridad, quiz\u00e1 el terreno pol\u00edticamente m\u00e1s sensible, Sheinbaum inform\u00f3 una reducci\u00f3n de 51 por ciento en el promedio diario de homicidios dolosos durante su administraci\u00f3n, equivalente a 44 asesinatos menos cada d\u00eda; julio de 2026 registr\u00f3, adem\u00e1s, el promedio diario m\u00e1s bajo de los \u00faltimos 11 a\u00f1os.<\/p>\n<p>\u00bfY Veracruz?<\/p>\n<p>Ah\u00ed es donde las cifras terminan golpeando directamente la narrativa del supuesto rompimiento Sheinbaum-Nahle.<\/p>\n<p>En junio, desde Coatzacoalcos, la propia Presidenta anunci\u00f3 una inversi\u00f3n aproximada de 190 mil millones de pesos durante el sexenio para Veracruz, contemplando petroqu\u00edmica, fertilizantes, carreteras, agua potable, plantas de tratamiento, recuperaci\u00f3n de r\u00edos y salud. A ello se agregan cerca de 79 mil millones de pesos anuales en Programas para el Bienestar.<\/p>\n<p>S\u00f3lo en infraestructura carretera federal se contemplan 18 mil millones de pesos entre 2025 y 2030, con 9 mil 205 millones para acciones durante 2026. Est\u00e1n adem\u00e1s el puente Coatzacoalcos III; proyectos carreteros; caminos artesanales; la rehabilitaci\u00f3n del acueducto Uxpanapa-La Cangrejera; obras contra inundaciones; y la intervenci\u00f3n de hospitales y centros de salud. El muro de protecci\u00f3n del r\u00edo Bobos, por ejemplo, comprende 10 kil\u00f3metros y beneficia comunidades de Mart\u00ednez de la Torre y Misantla.<\/p>\n<p>La coordinaci\u00f3n incluso ha generado pol\u00edticas nacionales: Sheinbaum reconoci\u00f3 que el programa veracruzano de distribuci\u00f3n de medicamentos impulsado por Nahle sirvi\u00f3 como referencia para dise\u00f1ar las Rutas de la Salud.<\/p>\n<p>As\u00ed que quienes insisten en buscar divorcios pol\u00edticos tendr\u00e1n que explicar primero los n\u00fameros.<\/p>\n<p>Sheinbaum y Nahle pertenecen adem\u00e1s al reducido grupo de mujeres en quienes Andr\u00e9s Manuel L\u00f3pez Obrador deposit\u00f3 responsabilidades centrales para la continuidad de su proyecto pol\u00edtico: una desde Palacio Nacional y otra desde uno de los estados electoral, energ\u00e9tico y econ\u00f3micamente m\u00e1s importantes del pa\u00eds.<\/p>\n<p>&nbsp;<\/p>\n<p><img loading=\"lazy\" decoding=\"async\" class=\"wp-image-152072 aligncenter\" src=\"https:\/\/ovelanalista.com\/wp-content\/uploads\/2026\/09\/Captura-de-Pantalla-2026-09-02-a-las-9.56.15-300x114.png\" alt=\"\" width=\"784\" height=\"298\" srcset=\"https:\/\/ovelanalista.com\/wp-content\/uploads\/2026\/09\/Captura-de-Pantalla-2026-09-02-a-las-9.56.15-300x114.png 300w, https:\/\/ovelanalista.com\/wp-content\/uploads\/2026\/09\/Captura-de-Pantalla-2026-09-02-a-las-9.56.15-768x291.png 768w, https:\/\/ovelanalista.com\/wp-content\/uploads\/2026\/09\/Captura-de-Pantalla-2026-09-02-a-las-9.56.15-400x151.png 400w, https:\/\/ovelanalista.com\/wp-content\/uploads\/2026\/09\/Captura-de-Pantalla-2026-09-02-a-las-9.56.15-750x284.png 750w, https:\/\/ovelanalista.com\/wp-content\/uploads\/2026\/09\/Captura-de-Pantalla-2026-09-02-a-las-9.56.15.png 1200w\" sizes=\"auto, (max-width: 784px) 100vw, 784px\" \/><\/p>\n<p>La relaci\u00f3n podr\u00e1 tener diferencias administrativas \u2014como ocurre entre cualquier Federaci\u00f3n y estado\u2014, pero hasta ahora los hechos muestran coordinaci\u00f3n. La propia Sheinbaum llam\u00f3 p\u00fablicamente a Nahle \u201cnuestra supergobernadora\u201d y afirm\u00f3 en Veracruz: \u201cQueremos mucho a la gobernadora\u201d.<\/p>\n<p>Y habr\u00e1 otra fotograf\u00eda pol\u00edtica muy pronto.<\/p>\n<p>El pr\u00f3ximo 10 de septiembre, Claudia Sheinbaum estar\u00e1 nuevamente en Veracruz para presentar ante los veracruzanos los resultados de su Segundo Informe como parte de una gira nacional de rendici\u00f3n de cuentas que llevar\u00e1 el balance presidencial directamente a las entidades.<\/p>\n<p>Ser\u00e1 otra oportunidad para medir la relaci\u00f3n Sheinbaum-Nahle.<\/p>\n<p>Aunque, a juzgar por las inversiones, las obras y los resultados acumulados, quiz\u00e1 esa relaci\u00f3n ya se encuentra suficientemente medida: menos rumores y m\u00e1s presupuesto; menos especulaci\u00f3n y m\u00e1s coordinaci\u00f3n.<\/p>\n<p>Al tiempo.<\/p>\n<p>astrolabiopoliticomx@gmail.com<br \/>\n\u201cX\u201d antes Twitter: @LuisBaqueiro_mx<\/p>\n","protected":false},"excerpt":{"rendered":"<p>Astrolabio Pol\u00edtico Por: Luis Ram\u00edrez Baqueiro \u201cEl liderazgo es una oportunidad de servir; no de lucirse\u201d. \u2013 J. Donald Walters. &nbsp; El Segundo Informe de Gobierno de Claudia Sheinbaum Pardo no s\u00f3lo sirvi\u00f3 para colocar sobre la mesa cifras econ\u00f3micas, laborales y de seguridad. Para Veracruz dej\u00f3 adem\u00e1s una lectura pol\u00edtica imposible de ignorar: la relaci\u00f3n entre la Presidenta y la gobernadora Roc\u00edo Nahle Garc\u00eda est\u00e1 muy lejos de ese supuesto distanciamiento que peri\u00f3dicamente algunos sectores pretenden instalar en la conversaci\u00f3n p\u00fablica. Nahle estuvo presente en Palacio Nacional junto con mandatarios estatales e integrantes de la clase pol\u00edtica nacional. Pero [&hellip;]<\/p>\n","protected":false},"author":3,"featured_media":85767,"comment_status":"open","ping_status":"open","sticky":false,"template":"","format":"standard","meta":{"_jetpack_newsletter_access":"","_jetpack_dont_email_post_to_subs":false,"_jetpack_newsletter_tier_id":0,"_jetpack_memberships_contains_paywalled_content":false,"_jetpack_feature_clip_id":0,"_jetpack_memberships_contains_paid_content":false,"footnotes":"","jetpack_publicize_message":"","jetpack_publicize_feature_enabled":true,"jetpack_social_post_already_shared":true,"jetpack_social_options":{"image_generator_settings":{"template":"highway","default_image_id":0,"font":"","enabled":false},"version":2},"jetpack_post_was_ever_published":false},"categories":[79],"tags":[],"class_list":["post-152070","post","type-post","status-publish","format-standard","has-post-thumbnail","hentry","category-columnistas-nacionales","post--single"],"jetpack_publicize_connections":[],"jetpack_featured_media_url":"https:\/\/ovelanalista.com\/wp-content\/uploads\/2023\/11\/luis_ramirez_baqueiro.jpeg","jetpack_sharing_enabled":true,"_links":{"self":[{"href":"https:\/\/ovelanalista.com\/index.php?rest_route=\/wp\/v2\/posts\/152070","targetHints":{"allow":["GET"]}}],"collection":[{"href":"https:\/\/ovelanalista.com\/index.php?rest_route=\/wp\/v2\/posts"}],"about":[{"href":"https:\/\/ovelanalista.com\/index.php?rest_route=\/wp\/v2\/types\/post"}],"author":[{"embeddable":true,"href":"https:\/\/ovelanalista.com\/index.php?rest_route=\/wp\/v2\/users\/3"}],"replies":[{"embeddable":true,"href":"https:\/\/ovelanalista.com\/index.php?rest_route=%2Fwp%2Fv2%2Fcomments&post=152070"}],"version-history":[{"count":1,"href":"https:\/\/ovelanalista.com\/index.php?rest_route=\/wp\/v2\/posts\/152070\/revisions"}],"predecessor-version":[{"id":152073,"href":"https:\/\/ovelanalista.com\/index.php?rest_route=\/wp\/v2\/posts\/152070\/revisions\/152073"}],"wp:featuredmedia":[{"embeddable":true,"href":"https:\/\/ovelanalista.com\/index.php?rest_route=\/wp\/v2\/media\/85767"}],"wp:attachment":[{"href":"https:\/\/ovelanalista.com\/index.php?rest_route=%2Fwp%2Fv2%2Fmedia&parent=152070"}],"wp:term":[{"taxonomy":"category","embeddable":true,"href":"https:\/\/ovelanalista.com\/index.php?rest_route=%2Fwp%2Fv2%2Fcategories&post=152070"},{"taxonomy":"post_tag","embeddable":true,"href":"https:\/\/ovelanalista.com\/index.php?rest_route=%2Fwp%2Fv2%2Ftags&post=152070"}],"curies":[{"name":"wp","href":"https:\/\/api.w.org\/{rel}","templated":true}]}}