{"id":152074,"date":"2026-09-02T10:03:13","date_gmt":"2026-09-02T17:03:13","guid":{"rendered":"https:\/\/ovelanalista.com\/?p=152074"},"modified":"2026-09-02T10:03:13","modified_gmt":"2026-09-02T17:03:13","slug":"las-llaves-de-palacio","status":"publish","type":"post","link":"https:\/\/ovelanalista.com\/?p=152074","title":{"rendered":"Las llaves de Palacio"},"content":{"rendered":"<div class=\"td_block_wrap tdb_single_content tdi_62 td-pb-border-top td_block_template_1 td-post-content tagdiv-type\" data-td-block-uid=\"tdi_62\">\n<div class=\"tdb-block-inner td-fix-index\">\n<p><strong>Jos\u00e9 Luis Parra<\/strong><\/p>\n<p>&nbsp;<\/p>\n<p>Claudia Sheinbaum inici\u00f3 su tercer a\u00f1o de gobierno con un problema mucho m\u00e1s complicado que cualquier cifra presentada en su Segundo Informe: necesita demostrar qui\u00e9n manda.<\/p>\n<p>Porque una cosa es ocupar Palacio Nacional y otra ejercer plenamente el poder presidencial.<br \/>\nMorena gan\u00f3 demasiado.<br \/>\nY ahora ese poder le empieza a estorbar.<\/p>\n<p>El movimiento construido por Andr\u00e9s Manuel L\u00f3pez Obrador nunca fue dise\u00f1ado para tener dos jefes. Mucho menos para que uno despachara en Palacio Nacional y el otro, retirado oficialmente de la pol\u00edtica, siguiera siendo referencia obligada desde Palenque.<\/p>\n<p>Ese experimento tiene fecha de caducidad.<br \/>\nY parece que ya empez\u00f3 a oler raro.<\/p>\n<p>El Segundo Informe dej\u00f3 se\u00f1ales interesantes. La ausencia de menciones directas a L\u00f3pez Obrador puede ser interpretada como simple protocolo, casualidad o hasta econom\u00eda discursiva.<\/p>\n<p>Claro.<br \/>\nY en pol\u00edtica las casualidades abundan.<br \/>\nSobre todo cuando convienen.<\/p>\n<p>M\u00e1s significativa resulta la fotograf\u00eda pol\u00edtica. Andr\u00e9s L\u00f3pez Beltr\u00e1n, aquel poderoso hijo presidencial que comenz\u00f3 el sexenio cerca de las primeras filas, desapareci\u00f3 del escenario principal. La pol\u00edtica tambi\u00e9n habla con sillas vac\u00edas.<\/p>\n<p>Y algunas gritan.<\/p>\n<p>Si adem\u00e1s personajes cercanos al hijo del expresidente comienzan a enfrentar investigaciones y citatorios, el asunto deja de ser solamente cuesti\u00f3n de lugares asignados en ceremonias oficiales.<\/p>\n<p>El deslinde, voluntario o empujado por las circunstancias, empieza a tomar forma.<br \/>\nPero Claudia tiene otro problema.<br \/>\nNo basta alejarse de la familia L\u00f3pez Obrador.Poder ejecutivo<br \/>\nTiene que gobernar Morena.<br \/>\nY all\u00ed est\u00e1 probablemente su mayor reto.<\/p>\n<p>Durante a\u00f1os el partido funcion\u00f3 con una regla bastante sencilla: Andr\u00e9s Manuel decid\u00eda.<\/p>\n<p>Gobernadores, legisladores, dirigentes, candidatos y aspirantes sab\u00edan d\u00f3nde tocar la puerta.<\/p>\n<p>Ahora existen dos ventanillas.<br \/>\nUna en Palacio Nacional.<br \/>\nOtra en Palenque.<\/p>\n<p>Y algunos pol\u00edticos, muy precavidos ellos, seguramente llevan dos juegos de documentos.<\/p>\n<p>Por si acaso.<\/p>\n<p>La disputa por las pr\u00f3ximas gubernaturas ser\u00e1 el laboratorio donde podremos conocer qui\u00e9n tiene realmente el control del movimiento. Claudia tendr\u00e1 candidatos. Los grupos obradoristas tambi\u00e9n.<\/p>\n<p>Y obviamente todos jurar\u00e1n unidad.<br \/>\nHasta que llegue la hora de repartir candidaturas.<br \/>\nAh\u00ed termina buena parte del romanticismo partidista.<br \/>\nPorque los principios son importantes.<br \/>\nPero una gubernatura tambi\u00e9n.<\/p>\n<p>Sheinbaum necesita construir gobernadores propios, legisladores propios y una estructura pol\u00edtica que responda a la Presidencia. De lo contrario podr\u00eda terminar administrando un gobierno cuyo partido recibe \u00f3rdenes, sugerencias o bendiciones desde otra parte.<\/p>\n<p>Eso ser\u00eda peligros\u00edsimo.<br \/>\nNo necesariamente para Morena.<br \/>\nPara ella.<\/p>\n<p>Porque cuando lleguen las facturas pol\u00edticas, econ\u00f3micas o de seguridad, nadie ir\u00e1 hasta Chiapas para cobrarlas.<\/p>\n<p>Las llevar\u00e1n a Palacio Nacional.<br \/>\nY con acuse de recibo.<\/p>\n<p>La Presidenta tambi\u00e9n enfrenta una presi\u00f3n exterior que ning\u00fan mandatario mexicano reciente hab\u00eda tenido en semejantes condiciones. Donald Trump aprieta desde Washington mientras dentro de Morena existen personajes se\u00f1alados, investigados o inc\u00f3modamente relacionados con expedientes que interesan al gobierno estadounidense.<\/p>\n<p>Entre Palenque y Washington queda Palacio Nacional.<br \/>\nBonita ubicaci\u00f3n.<\/p>\n<p>&nbsp;<\/p>\n<p>Por un lado est\u00e1n quienes exigen preservar intacto el legado obradorista y proteger a los integrantes del movimiento.<\/p>\n<p>Por otro, quienes desde Estados Unidos quieren nombres, resultados y definiciones.<\/p>\n<p>Y Claudia tendr\u00e1 que escoger hasta d\u00f3nde llega la lealtad pol\u00edtica y d\u00f3nde empieza la responsabilidad presidencial.<\/p>\n<p>Ese es el verdadero estr\u00e9s.<br \/>\nNo necesariamente el m\u00e9dico.<br \/>\nEl pol\u00edtico.<br \/>\nPorque gobernar significa decidir.<br \/>\nY decidir significa afectar intereses.<br \/>\nMientras tanto aparecen otros incendios.<br \/>\nViolencia.<br \/>\nExplosivos.<br \/>\nAtaques a infraestructura.<br \/>\nCrimen organizado.<br \/>\nGobernadores cuestionados.<br \/>\nPleitos internos.<br \/>\nAspirantes adelantados.<\/p>\n<p>Y una militancia acostumbrada durante a\u00f1os a obedecer a un solo hombre.<br \/>\nDemasiados platos girando al mismo tiempo.<br \/>\nLa Presidenta repiti\u00f3 que no existen divisiones ni rompimientos.<br \/>\nEst\u00e1 bien.<\/p>\n<p>Tambi\u00e9n en los matrimonios suelen decir eso unos d\u00edas antes del abogado.<br \/>\nLa unidad pol\u00edtica no se decreta.<br \/>\nSe ejerce.<\/p>\n<p>Y se demuestra cuando alguien desobedece y paga las consecuencias.<\/p>\n<p>Hasta ahora dentro de Morena sobran personajes capaces de retar, ignorar o simplemente darle largas a Palacio Nacional.Pol\u00edtica<\/p>\n<p>Eso tendr\u00e1 que terminar si Claudia quiere ejercer realmente la Presidencia.<br \/>\nPorque el problema de Morena no es falta de poder.<br \/>\nTiene gubernaturas, Congreso, estructuras, presupuesto y una maquinaria electoral impresionante.<br \/>\nPoder le sobra.<\/p>\n<p>Lo que todav\u00eda no tiene es una instituci\u00f3n capaz de sustituir al caudillo que la construy\u00f3.<\/p>\n<p>Ah\u00ed est\u00e1 el detalle.<br \/>\nL\u00f3pez Obrador cre\u00f3 un movimiento alrededor de s\u00ed mismo.<\/p>\n<p>Sheinbaum necesita convertirlo en un partido alrededor del poder presidencial.<br \/>\nO construir el suyo.<br \/>\nY para hacerlo tendr\u00e1 inevitablemente que cortar algunos cordones umbilicales.<br \/>\nIncluido uno bastante grueso que llega hasta Palenque.<br \/>\nNo sabemos si estamos frente a un rompimiento.<\/p>\n<p>Todav\u00eda.<\/p>\n<p>Pero s\u00ed frente al inicio de una separaci\u00f3n pol\u00edtica inevitable.<br \/>\nPorque dos presidentes pueden convivir en los libros de historia.<br \/>\nEn Palacio Nacional solamente cabe uno.<br \/>\nY Claudia ya empez\u00f3 su tercer a\u00f1o.<br \/>\nHora de saber qui\u00e9n tiene las llaves.<\/p>\n<\/div>\n<\/div>\n","protected":false},"excerpt":{"rendered":"<p>Jos\u00e9 Luis Parra &nbsp; Claudia Sheinbaum inici\u00f3 su tercer a\u00f1o de gobierno con un problema mucho m\u00e1s complicado que cualquier cifra presentada en su Segundo Informe: necesita demostrar qui\u00e9n manda. Porque una cosa es ocupar Palacio Nacional y otra ejercer plenamente el poder presidencial. Morena gan\u00f3 demasiado. Y ahora ese poder le empieza a estorbar. El movimiento construido por Andr\u00e9s Manuel L\u00f3pez Obrador nunca fue dise\u00f1ado para tener dos jefes. Mucho menos para que uno despachara en Palacio Nacional y el otro, retirado oficialmente de la pol\u00edtica, siguiera siendo referencia obligada desde Palenque. Ese experimento tiene fecha de caducidad. Y [&hellip;]<\/p>\n","protected":false},"author":3,"featured_media":123171,"comment_status":"open","ping_status":"open","sticky":false,"template":"","format":"standard","meta":{"_jetpack_newsletter_access":"","_jetpack_dont_email_post_to_subs":false,"_jetpack_newsletter_tier_id":0,"_jetpack_memberships_contains_paywalled_content":false,"_jetpack_feature_clip_id":0,"_jetpack_memberships_contains_paid_content":false,"footnotes":"","jetpack_publicize_message":"","jetpack_publicize_feature_enabled":true,"jetpack_social_post_already_shared":true,"jetpack_social_options":{"image_generator_settings":{"template":"highway","default_image_id":0,"font":"","enabled":false},"version":2},"jetpack_post_was_ever_published":false},"categories":[79],"tags":[],"class_list":["post-152074","post","type-post","status-publish","format-standard","has-post-thumbnail","hentry","category-columnistas-nacionales","post--single"],"jetpack_publicize_connections":[],"jetpack_featured_media_url":"https:\/\/ovelanalista.com\/wp-content\/uploads\/2025\/06\/jose_luis_parra-1140x570-1.jpg","jetpack_sharing_enabled":true,"_links":{"self":[{"href":"https:\/\/ovelanalista.com\/index.php?rest_route=\/wp\/v2\/posts\/152074","targetHints":{"allow":["GET"]}}],"collection":[{"href":"https:\/\/ovelanalista.com\/index.php?rest_route=\/wp\/v2\/posts"}],"about":[{"href":"https:\/\/ovelanalista.com\/index.php?rest_route=\/wp\/v2\/types\/post"}],"author":[{"embeddable":true,"href":"https:\/\/ovelanalista.com\/index.php?rest_route=\/wp\/v2\/users\/3"}],"replies":[{"embeddable":true,"href":"https:\/\/ovelanalista.com\/index.php?rest_route=%2Fwp%2Fv2%2Fcomments&post=152074"}],"version-history":[{"count":1,"href":"https:\/\/ovelanalista.com\/index.php?rest_route=\/wp\/v2\/posts\/152074\/revisions"}],"predecessor-version":[{"id":152083,"href":"https:\/\/ovelanalista.com\/index.php?rest_route=\/wp\/v2\/posts\/152074\/revisions\/152083"}],"wp:featuredmedia":[{"embeddable":true,"href":"https:\/\/ovelanalista.com\/index.php?rest_route=\/wp\/v2\/media\/123171"}],"wp:attachment":[{"href":"https:\/\/ovelanalista.com\/index.php?rest_route=%2Fwp%2Fv2%2Fmedia&parent=152074"}],"wp:term":[{"taxonomy":"category","embeddable":true,"href":"https:\/\/ovelanalista.com\/index.php?rest_route=%2Fwp%2Fv2%2Fcategories&post=152074"},{"taxonomy":"post_tag","embeddable":true,"href":"https:\/\/ovelanalista.com\/index.php?rest_route=%2Fwp%2Fv2%2Ftags&post=152074"}],"curies":[{"name":"wp","href":"https:\/\/api.w.org\/{rel}","templated":true}]}}