{"id":152080,"date":"2026-09-02T10:06:46","date_gmt":"2026-09-02T17:06:46","guid":{"rendered":"https:\/\/ovelanalista.com\/?p=152080"},"modified":"2026-09-02T10:06:46","modified_gmt":"2026-09-02T17:06:46","slug":"quien-pompo","status":"publish","type":"post","link":"https:\/\/ovelanalista.com\/?p=152080","title":{"rendered":"\u00bfQui\u00e9n Pomp\u00f3?"},"content":{"rendered":"<p>HOMO POL\u00cdTICUS<\/p>\n<ul>\n<li><i>Aplastan Hijos Discurso del Padre<\/i><\/li>\n<\/ul>\n<p>&nbsp;<\/p>\n<p>A menos que haya pagado la cuenta uno de los tres con los que pas\u00f3 cinco horas en el restor\u00e1n de alta gama de la Ciudad de M\u00e9xico, la pregunta a los hermanos\u00a0<i>Andy<\/i>\u00a0y\u00a0<i>Bobby<\/i>\u00a0ser\u00eda la que formul\u00f3 el padre de ambos, L\u00f3pez Obrador: \u00bfqui\u00e9n pomp\u00f3?<\/p>\n<p>Durante sus tiempos, el patriarca de Tepetit\u00e1n cuestionaba corrupci\u00f3n y privilegios del pasado, corrupci\u00f3n y privilegios que no se han ido. El lopezobradorismo es pasado. La misma frase, tomada de la letra de una canci\u00f3n que con alegr\u00eda la present\u00f3 en la conferencia de Palacio Nacional, la utiliz\u00f3 para preguntar qui\u00e9n patrocinaba el golpeteo a su gobierno.<\/p>\n<p>Eso fue a mitad de sexenio, porque desde la primera entrega period\u00edstica de El clan, la canci\u00f3n de\u00a0<i>Chico Ch\u00e9<\/i>\u00a0ya no se escuch\u00f3 por ning\u00fan lado. Guard\u00f3 LO silencio, pues su hijo de los mismos nombres era se\u00f1alado de extralimitaciones y patrimonialismos al amparo del poder.<\/p>\n<p>&nbsp;<\/p>\n<p>El lunes, <i>El Universal<\/i>\u00a0jerarquiz\u00f3 la columna de H\u00e9ctor de Maule\u00f3n como nota principal, con pase a la p\u00e1gina 12. La columna fue titulada\u00a0<i>El c\u00f3nclave de la Condesa<\/i>, como se le llama ya en todos lados al encuentro de los hermanos L\u00f3pez Beltr\u00e1n con el diputado federal plurinominal Daniel Asaf, entonces ayudante n\u00famero 1 del expresidente, el empresario tequilero Juan Domingo Beckmann y Mauricio Gardu\u00f1o, proveedor de gobierno.<\/p>\n<p>\u00bfQui\u00e9n pag\u00f3 la cuenta, si Andr\u00e9s Manuel chico no percibe remuneraci\u00f3n fija porque no tiene una plaza laboral? Si Amilcar Ol\u00e1n, el otro amigo-socio de Andy, est\u00e1 en EEUU, \u00bfqu\u00e9 va a decir?<\/p>\n<p>En febrero \u00faltimo, el presid<\/p>\n<p>ente municipal de Tequila, JAL, Diego Rivera, fue capturado por fuerzas federales y remitido a prisi\u00f3n, por el delito de extorsi\u00f3n. Su denunciador fue la empresa tequilera Jos\u00e9 Cuervo, propiedad de Beckmann. Acus\u00f3 que Rivera le hab\u00eda exigido el pago de 60 millones de pesos, lo que para el empresario era una extorsi\u00f3n, pero tras litigios y cabildeos r\u00e1pidos, pag\u00f3 17 millones de pesos que adeudaba al ayuntamiento. Sigue Rivera, militante de MORENA, en prisi\u00f3n.<\/p>\n<p>&nbsp;<\/p>\n<p><img loading=\"lazy\" decoding=\"async\" class=\"wp-image-152082 aligncenter\" src=\"https:\/\/ovelanalista.com\/wp-content\/uploads\/2026\/09\/Captura-de-Pantalla-2026-09-02-a-las-10.02.56-300x183.png\" alt=\"\" width=\"652\" height=\"398\" srcset=\"https:\/\/ovelanalista.com\/wp-content\/uploads\/2026\/09\/Captura-de-Pantalla-2026-09-02-a-las-10.02.56-300x183.png 300w, https:\/\/ovelanalista.com\/wp-content\/uploads\/2026\/09\/Captura-de-Pantalla-2026-09-02-a-las-10.02.56-1024x624.png 1024w, https:\/\/ovelanalista.com\/wp-content\/uploads\/2026\/09\/Captura-de-Pantalla-2026-09-02-a-las-10.02.56-768x468.png 768w, https:\/\/ovelanalista.com\/wp-content\/uploads\/2026\/09\/Captura-de-Pantalla-2026-09-02-a-las-10.02.56-400x244.png 400w, https:\/\/ovelanalista.com\/wp-content\/uploads\/2026\/09\/Captura-de-Pantalla-2026-09-02-a-las-10.02.56-750x457.png 750w, https:\/\/ovelanalista.com\/wp-content\/uploads\/2026\/09\/Captura-de-Pantalla-2026-09-02-a-las-10.02.56-1140x695.png 1140w, https:\/\/ovelanalista.com\/wp-content\/uploads\/2026\/09\/Captura-de-Pantalla-2026-09-02-a-las-10.02.56.png 1198w\" sizes=\"auto, (max-width: 652px) 100vw, 652px\" \/><\/p>\n<p>En el video period\u00edstico que comparti\u00f3 el diario propiedad de Juan Francisco Ealy, y como lo consigna De Maule\u00f3n en su entrega del lunes \u00faltimo, se consumi\u00f3 al menos una botella de caldos b\u00e1quicos de 24 mil pesos la botella, lo que contrasta con los principios que pregonaba L\u00f3pez Obrador: honestidad, austeridad y vida sencilla, contra privilegios, lujos y banalidades. \u00bfQui\u00e9n pomp\u00f3?<\/p>\n<p>&nbsp;<\/p>\n<p><b>letras<\/b>chiquitas<\/p>\n<p>\u00bfA qui\u00e9n se le ocurri\u00f3 incluir en la ceremonia conmemorativa de la Independencia de M\u00e9xico la Danza de los Viejitos? A quien lo hizo y quien autoriz\u00f3 les har\u00eda bien leer de historia patria, checar fechas y saber del significado de ese baile prehisp\u00e1nico. \u00bfAs\u00ed se llevan en Palacio de Gobierno de Cuernavaca?***. La presidente de M\u00e9xico envi\u00f3 un ob\u00fas a la direcci\u00f3n exacta, en su mensaje a la Naci\u00f3n: \u00abLa autoridad pol\u00edtica y moral se construye todos los d\u00edas y no puede adquirirse con dinero\u00bb.<\/p>\n<p>&nbsp;<\/p>\n<p><b>20<\/b>pretendientes<b>27<\/b><\/p>\n<p>Si los diputados federales por Morelos pensaban que tendr\u00edan pase directo a la reelecci\u00f3n, se equivocan. Ser\u00e1n medidos y a\u00fan ganando la encuesta \u2014el Dedo Omnisciente de Palacio Nacional dictar\u00e1\u2014, perfiles sucios no ser\u00e1n contemplados por sobre otros perfiles limpios. Es decir, que ninguno de los cinco va a pasar el primer filtro.<\/p>\n","protected":false},"excerpt":{"rendered":"<p>HOMO POL\u00cdTICUS Aplastan Hijos Discurso del Padre &nbsp; A menos que haya pagado la cuenta uno de los tres con los que pas\u00f3 cinco horas en el restor\u00e1n de alta gama de la Ciudad de M\u00e9xico, la pregunta a los hermanos\u00a0Andy\u00a0y\u00a0Bobby\u00a0ser\u00eda la que formul\u00f3 el padre de ambos, L\u00f3pez Obrador: \u00bfqui\u00e9n pomp\u00f3? Durante sus tiempos, el patriarca de Tepetit\u00e1n cuestionaba corrupci\u00f3n y privilegios del pasado, corrupci\u00f3n y privilegios que no se han ido. El lopezobradorismo es pasado. La misma frase, tomada de la letra de una canci\u00f3n que con alegr\u00eda la present\u00f3 en la conferencia de Palacio Nacional, la utiliz\u00f3 [&hellip;]<\/p>\n","protected":false},"author":3,"featured_media":123567,"comment_status":"open","ping_status":"open","sticky":false,"template":"","format":"standard","meta":{"_jetpack_newsletter_access":"","_jetpack_dont_email_post_to_subs":false,"_jetpack_newsletter_tier_id":0,"_jetpack_memberships_contains_paywalled_content":false,"_jetpack_feature_clip_id":0,"_jetpack_memberships_contains_paid_content":false,"footnotes":"","jetpack_publicize_message":"","jetpack_publicize_feature_enabled":true,"jetpack_social_post_already_shared":true,"jetpack_social_options":{"image_generator_settings":{"template":"highway","default_image_id":0,"font":"","enabled":false},"version":2},"jetpack_post_was_ever_published":false},"categories":[79],"tags":[],"class_list":["post-152080","post","type-post","status-publish","format-standard","has-post-thumbnail","hentry","category-columnistas-nacionales","post--single"],"jetpack_publicize_connections":[],"jetpack_featured_media_url":"https:\/\/ovelanalista.com\/wp-content\/uploads\/2025\/06\/pave_soberanes.jpg","jetpack_sharing_enabled":true,"_links":{"self":[{"href":"https:\/\/ovelanalista.com\/index.php?rest_route=\/wp\/v2\/posts\/152080","targetHints":{"allow":["GET"]}}],"collection":[{"href":"https:\/\/ovelanalista.com\/index.php?rest_route=\/wp\/v2\/posts"}],"about":[{"href":"https:\/\/ovelanalista.com\/index.php?rest_route=\/wp\/v2\/types\/post"}],"author":[{"embeddable":true,"href":"https:\/\/ovelanalista.com\/index.php?rest_route=\/wp\/v2\/users\/3"}],"replies":[{"embeddable":true,"href":"https:\/\/ovelanalista.com\/index.php?rest_route=%2Fwp%2Fv2%2Fcomments&post=152080"}],"version-history":[{"count":1,"href":"https:\/\/ovelanalista.com\/index.php?rest_route=\/wp\/v2\/posts\/152080\/revisions"}],"predecessor-version":[{"id":152087,"href":"https:\/\/ovelanalista.com\/index.php?rest_route=\/wp\/v2\/posts\/152080\/revisions\/152087"}],"wp:featuredmedia":[{"embeddable":true,"href":"https:\/\/ovelanalista.com\/index.php?rest_route=\/wp\/v2\/media\/123567"}],"wp:attachment":[{"href":"https:\/\/ovelanalista.com\/index.php?rest_route=%2Fwp%2Fv2%2Fmedia&parent=152080"}],"wp:term":[{"taxonomy":"category","embeddable":true,"href":"https:\/\/ovelanalista.com\/index.php?rest_route=%2Fwp%2Fv2%2Fcategories&post=152080"},{"taxonomy":"post_tag","embeddable":true,"href":"https:\/\/ovelanalista.com\/index.php?rest_route=%2Fwp%2Fv2%2Ftags&post=152080"}],"curies":[{"name":"wp","href":"https:\/\/api.w.org\/{rel}","templated":true}]}}