{"id":152084,"date":"2026-09-02T10:12:12","date_gmt":"2026-09-02T17:12:12","guid":{"rendered":"https:\/\/ovelanalista.com\/?p=152084"},"modified":"2026-09-02T10:12:12","modified_gmt":"2026-09-02T17:12:12","slug":"honorable-congres-perdon-pueblo-de-morena","status":"publish","type":"post","link":"https:\/\/ovelanalista.com\/?p=152084","title":{"rendered":"Honorable congres\u2026 perd\u00f3n\u2026 pueblo de Morena"},"content":{"rendered":"<p><strong>Eduardo Sadot<\/strong><\/p>\n<p>&nbsp;<\/p>\n<p>El segundo informe de gobierno de la presidente Claudia Sheinbaum no lo dirigi\u00f3 a la soberan\u00eda representada en el Honorable Congreso de la Uni\u00f3n; fue un mensaje dirigido al pueblo de MORENA, para el que gobierna y siempre ha gobernado, no al Pueblo de M\u00e9xico. Solo al pueblo de MORENA que la eligi\u00f3; la oposici\u00f3n y sus \u201cadversarios\u201d estuvieron excluidos. Eso qued\u00f3 de manifiesto al incluir en su mensaje que MORENA y la 4T no est\u00e1n divididos.<\/p>\n<p>Lo m\u00e1s destacado e importante es la menci\u00f3n al salario m\u00ednimo vigente, que ha aumentado sustancialmente en el presente sexenio. Entre 2018 y 2026, la pol\u00edtica salarial en M\u00e9xico registr\u00f3 una transformaci\u00f3n hist\u00f3rica en la percepci\u00f3n m\u00ednima de la fuerza laboral. En el resto del pa\u00eds, el salario m\u00ednimo general pas\u00f3 de 88.36 pesos diarios (aproximadamente 2,686 pesos mensuales) a 315.04 pesos diarios (alrededor de 9,584 pesos mensuales), lo que representa un incremento acumulado del 256.5%.<\/p>\n<p>Por su parte, en la Zona Libre de la Frontera Norte, donde en 2018 reg\u00eda la misma tarifa general de 88.36 pesos al d\u00eda, la remuneraci\u00f3n m\u00ednima alcanz\u00f3 los 440.87 pesos diarios para 2026 (cerca de 13,410 pesos mensuales), acumulando un aumento extraordinario del 398.9%. Esos son los aumentos al salario m\u00ednimo aplicados en M\u00e9xico, aprobados en los \u00faltimos a\u00f1os por la CONASAMI (Comisi\u00f3n Nacional de los Salarios M\u00ednimos), que es el \u00f3rgano descentralizado del Gobierno de M\u00e9xico encargado de fijar y regular los salarios m\u00ednimos generales y profesionales en el pa\u00eds.<\/p>\n<p>Todo ello no es una iniciativa del gobierno actual ni una ocurrencia de la presidenta; s\u00ed debe reconocerse que responden a la pol\u00edtica salarial interna del Gobierno de M\u00e9xico y a las reformas a la Ley Federal del Trabajo, dise\u00f1adas para cumplir de manera general con el principio incluido en el Tratado de Libre Comercio entre M\u00e9xico, Estados Unidos y Canad\u00e1, incluido en el art\u00edculo 23.3, sobre mantener \u201ccondiciones aceptables de trabajo\u201d.<\/p>\n<p>En materia educativa no puedo eludir mi condici\u00f3n de profesor de la UNAM. Estoy obligado, por gratitud y honestidad, con mi alma mater y, como egresado, al igual que la presidenta Sheinbaum, a se\u00f1alar que contin\u00faa la herencia nefasta de privilegiar \u201cnuevas escuelas del bienestar para presumir su fundaci\u00f3n\u201d, en perjuicio de instituciones y modelos educativos exitosos como la UNAM, el IPN y la Universidad Aut\u00f3noma Metropolitana, en lugar de apoyar, impulsar y privilegiar su crecimiento, solo por no pasar en el anonimato como todos los presidentes anteriores, que destinaron recursos y respaldo en lugar de fundar escuelas para dejar constancia de que las crearon.<\/p>\n<p>Los datos del informe destacan la pol\u00edtica de apoyos a la ciudadan\u00eda, con incrementos sustanciales, pero lo que no le alertaron a la presidenta es que esos incrementos en los apoyos obligan a preguntarse: \u00bfsi el modelo econ\u00f3mico est\u00e1 funcionando, por qu\u00e9 aumenta la necesidad de ampliar tanto el universo de beneficiarios y los montos de los apoyos? Esto abre tambi\u00e9n la pregunta de si ello evidencia el fracaso de su modelo econ\u00f3mico, adem\u00e1s de que impacta el proceso electoral en puerta y abre el cuestionamiento sobre el manejo electorero de las pol\u00edticas p\u00fablicas.<\/p>\n<p>Por cierto, llam\u00f3 la atenci\u00f3n en su mensaje un recurso ret\u00f3rico: \u201cUna de las mayores transformaciones de nuestro tiempo, haber convertido el amor en pol\u00edtica p\u00fablica y la pol\u00edtica p\u00fablica en derecho que le pertenecen al pueblo de M\u00e9xico\u201d sic. La ret\u00f3rica es el arte de persuadir mediante la palabra; sin embargo, cuando las palabras sustituyen a los argumentos y a los resultados, puede convertirse en lenguaje pomposo, vac\u00edo o puramente formal, carente de sustento real en los hechos. En este caso, la frase apela m\u00e1s a la emoci\u00f3n que a la demostraci\u00f3n objetiva de resultados.<\/p>\n<p>sadot16@hotmail.com<br \/>\nTwitter: @eduardosadot<br \/>\nTikTok: eduardosadotoficial<br \/>\nFace: Eduardo.Sadot<\/p>\n","protected":false},"excerpt":{"rendered":"<p>Eduardo Sadot &nbsp; El segundo informe de gobierno de la presidente Claudia Sheinbaum no lo dirigi\u00f3 a la soberan\u00eda representada en el Honorable Congreso de la Uni\u00f3n; fue un mensaje dirigido al pueblo de MORENA, para el que gobierna y siempre ha gobernado, no al Pueblo de M\u00e9xico. Solo al pueblo de MORENA que la eligi\u00f3; la oposici\u00f3n y sus \u201cadversarios\u201d estuvieron excluidos. Eso qued\u00f3 de manifiesto al incluir en su mensaje que MORENA y la 4T no est\u00e1n divididos. Lo m\u00e1s destacado e importante es la menci\u00f3n al salario m\u00ednimo vigente, que ha aumentado sustancialmente en el presente sexenio. [&hellip;]<\/p>\n","protected":false},"author":3,"featured_media":91769,"comment_status":"open","ping_status":"open","sticky":false,"template":"","format":"standard","meta":{"_jetpack_newsletter_access":"","_jetpack_dont_email_post_to_subs":false,"_jetpack_newsletter_tier_id":0,"_jetpack_memberships_contains_paywalled_content":false,"_jetpack_feature_clip_id":0,"_jetpack_memberships_contains_paid_content":false,"footnotes":"","jetpack_publicize_message":"","jetpack_publicize_feature_enabled":true,"jetpack_social_post_already_shared":true,"jetpack_social_options":{"image_generator_settings":{"template":"highway","default_image_id":0,"font":"","enabled":false},"version":2},"jetpack_post_was_ever_published":false},"categories":[79],"tags":[],"class_list":["post-152084","post","type-post","status-publish","format-standard","has-post-thumbnail","hentry","category-columnistas-nacionales","post--single"],"jetpack_publicize_connections":[],"jetpack_featured_media_url":"https:\/\/ovelanalista.com\/wp-content\/uploads\/2024\/03\/Eduardo-Sadot.jpeg","jetpack_sharing_enabled":true,"_links":{"self":[{"href":"https:\/\/ovelanalista.com\/index.php?rest_route=\/wp\/v2\/posts\/152084","targetHints":{"allow":["GET"]}}],"collection":[{"href":"https:\/\/ovelanalista.com\/index.php?rest_route=\/wp\/v2\/posts"}],"about":[{"href":"https:\/\/ovelanalista.com\/index.php?rest_route=\/wp\/v2\/types\/post"}],"author":[{"embeddable":true,"href":"https:\/\/ovelanalista.com\/index.php?rest_route=\/wp\/v2\/users\/3"}],"replies":[{"embeddable":true,"href":"https:\/\/ovelanalista.com\/index.php?rest_route=%2Fwp%2Fv2%2Fcomments&post=152084"}],"version-history":[{"count":1,"href":"https:\/\/ovelanalista.com\/index.php?rest_route=\/wp\/v2\/posts\/152084\/revisions"}],"predecessor-version":[{"id":152092,"href":"https:\/\/ovelanalista.com\/index.php?rest_route=\/wp\/v2\/posts\/152084\/revisions\/152092"}],"wp:featuredmedia":[{"embeddable":true,"href":"https:\/\/ovelanalista.com\/index.php?rest_route=\/wp\/v2\/media\/91769"}],"wp:attachment":[{"href":"https:\/\/ovelanalista.com\/index.php?rest_route=%2Fwp%2Fv2%2Fmedia&parent=152084"}],"wp:term":[{"taxonomy":"category","embeddable":true,"href":"https:\/\/ovelanalista.com\/index.php?rest_route=%2Fwp%2Fv2%2Fcategories&post=152084"},{"taxonomy":"post_tag","embeddable":true,"href":"https:\/\/ovelanalista.com\/index.php?rest_route=%2Fwp%2Fv2%2Ftags&post=152084"}],"curies":[{"name":"wp","href":"https:\/\/api.w.org\/{rel}","templated":true}]}}