{"id":152085,"date":"2026-09-02T10:13:46","date_gmt":"2026-09-02T17:13:46","guid":{"rendered":"https:\/\/ovelanalista.com\/?p=152085"},"modified":"2026-09-02T10:13:46","modified_gmt":"2026-09-02T17:13:46","slug":"pejelandia-sigue-vigente","status":"publish","type":"post","link":"https:\/\/ovelanalista.com\/?p=152085","title":{"rendered":"Pejelandia sigue vigente"},"content":{"rendered":"<p><strong>Estado de los ESTADOS.<\/strong><\/p>\n<blockquote><p>\u201cLa primera obligaci\u00f3n del gobierno es dar cuenta de sus actos ante el pueblo\u201d: Sim\u00f3n Bol\u00edvar<\/p><\/blockquote>\n<ul>\n<li>Pejelandia sigue vigente<\/li>\n<li>80 minutos de incredulidad<\/li>\n<li>De las becas al descarrilamiento<\/li>\n<\/ul>\n<p>&nbsp;<\/p>\n<p>Ciudad de M\u00e9xico, 1 de septiembre de 2026.- Conforme avanzaba el tiempo crec\u00eda la incredulidad pasando por una etapa de admiraci\u00f3n salpicada de decepci\u00f3n. Ah\u00ed estaba sola en un largo templete, empeque\u00f1ecida la figura en cuyo fondo se luc\u00eda un insultante color blanco. Sumaron 300 los asistentes: gobernadores, miembros del gabinete, integrantes de la SCJN, l\u00edderes del Congreso y algunos invitados especiales, entre ellos, por supuesto, los l\u00edderes de las fracciones parlamentarias de ambas c\u00e1maras. Fue este el primer acto de un Segundo Informe presidencial que contar\u00e1 con 32 representaciones de las cuales, sin duda, veremos un sin n\u00famero de modificaciones, sobre todo en las cifras expuestas.<\/p>\n<p>&nbsp;<\/p>\n<p><img loading=\"lazy\" decoding=\"async\" class=\"wp-image-152088 aligncenter\" src=\"https:\/\/ovelanalista.com\/wp-content\/uploads\/2026\/09\/Captura-de-Pantalla-2026-09-02-a-las-10.07.19-300x122.png\" alt=\"\" width=\"664\" height=\"270\" srcset=\"https:\/\/ovelanalista.com\/wp-content\/uploads\/2026\/09\/Captura-de-Pantalla-2026-09-02-a-las-10.07.19-300x122.png 300w, https:\/\/ovelanalista.com\/wp-content\/uploads\/2026\/09\/Captura-de-Pantalla-2026-09-02-a-las-10.07.19-1024x416.png 1024w, https:\/\/ovelanalista.com\/wp-content\/uploads\/2026\/09\/Captura-de-Pantalla-2026-09-02-a-las-10.07.19-768x312.png 768w, https:\/\/ovelanalista.com\/wp-content\/uploads\/2026\/09\/Captura-de-Pantalla-2026-09-02-a-las-10.07.19-400x163.png 400w, https:\/\/ovelanalista.com\/wp-content\/uploads\/2026\/09\/Captura-de-Pantalla-2026-09-02-a-las-10.07.19-750x305.png 750w, https:\/\/ovelanalista.com\/wp-content\/uploads\/2026\/09\/Captura-de-Pantalla-2026-09-02-a-las-10.07.19-1140x463.png 1140w, https:\/\/ovelanalista.com\/wp-content\/uploads\/2026\/09\/Captura-de-Pantalla-2026-09-02-a-las-10.07.19.png 1196w\" sizes=\"auto, (max-width: 664px) 100vw, 664px\" \/><\/p>\n<p>Claudia Sheinbaum Presidente de M\u00e9xico<\/p>\n<p>Al parecer no le informaron a do\u00f1a Claudia se calcularon 80 mil pasajeros mensuales en el Tren Maya y seg\u00fan inform\u00f3 que desde su inauguraci\u00f3n en diciembre de 2023 a la fecha ya hab\u00edan transportado 2 millones y medio de pasajeros, subrayando: \u201cevoluciona conforme a lo planeado\u201d. El d\u00e9ficit en el n\u00famero de usuarios es considerable y los ingresos captados seg\u00fan el reporte presidencial no significan ni un 10% de los 4 mil millones en p\u00e9rdida registrados el a\u00f1o pasado en la operaci\u00f3n y mantenimiento del incosteable trenecito. Una hora con 20 minutos le llev\u00f3 a do\u00f1a Claudia darnos el reporte en el cual dibuj\u00f3 un pa\u00eds desconocido.<\/p>\n<p>En los primeros minutos se escuch\u00f3 \u201cno hemos comprado veh\u00edculos de lujo\u201d. Las fotograf\u00edas difundidas en las afueras de Palacio Nacional demuestran todo lo contrario. \u201cHemos reducido el gasto corriente en 200 mil millones de pesos comparado con 2024 sin afectar las \u00e1reas sustantivas\u201d, lastima no refiera el n\u00famero de bur\u00f3cratas despedidos incluyendo a miles del Poder Judicial. La creaci\u00f3n de 30 mil nuevas plazas para \u201cla Guardia Nacional, Seguridad, Servicios de Salud, Educaci\u00f3n y tres nuevos programas de Bienestar\u201d, resultan insuficientes ante la inseguridad que sigue privando en el pa\u00eds, la falta de m\u00e9dicos y enfermeras y para alimentar los elefantes blancos del Bienestar.<\/p>\n<p>&nbsp;<\/p>\n<p><img loading=\"lazy\" decoding=\"async\" class=\"wp-image-152089 aligncenter\" src=\"https:\/\/ovelanalista.com\/wp-content\/uploads\/2026\/09\/Captura-de-Pantalla-2026-09-02-a-las-10.08.26-300x117.png\" alt=\"\" width=\"603\" height=\"235\" srcset=\"https:\/\/ovelanalista.com\/wp-content\/uploads\/2026\/09\/Captura-de-Pantalla-2026-09-02-a-las-10.08.26-300x117.png 300w, https:\/\/ovelanalista.com\/wp-content\/uploads\/2026\/09\/Captura-de-Pantalla-2026-09-02-a-las-10.08.26-1024x398.png 1024w, https:\/\/ovelanalista.com\/wp-content\/uploads\/2026\/09\/Captura-de-Pantalla-2026-09-02-a-las-10.08.26-768x299.png 768w, https:\/\/ovelanalista.com\/wp-content\/uploads\/2026\/09\/Captura-de-Pantalla-2026-09-02-a-las-10.08.26-400x156.png 400w, https:\/\/ovelanalista.com\/wp-content\/uploads\/2026\/09\/Captura-de-Pantalla-2026-09-02-a-las-10.08.26-750x292.png 750w, https:\/\/ovelanalista.com\/wp-content\/uploads\/2026\/09\/Captura-de-Pantalla-2026-09-02-a-las-10.08.26-1140x443.png 1140w, https:\/\/ovelanalista.com\/wp-content\/uploads\/2026\/09\/Captura-de-Pantalla-2026-09-02-a-las-10.08.26.png 1198w\" sizes=\"auto, (max-width: 603px) 100vw, 603px\" \/><\/p>\n<p>Y as\u00ed nos vamos con todos los ni\u00f1os de primaria, secundaria y preparatoria, afirm\u00f3 est\u00e1n becados y se incrementar\u00e1 el n\u00famero de estos apoyos para los universitarios. Esto nos revelar\u00eda una educaci\u00f3n de lujo cuando las pruebas PISA que se aplicar\u00e1n este a\u00f1o nos dar\u00e1n cuenta de la realidad educativa cuya calidad no se mide en pesos y centavos. Abierta qued\u00f3 la boca de los asistentes a este acto, evento o espect\u00e1culo cuando se habl\u00f3 que los ciudadanos mexicanos contamos con el mejor sistema de salud del mundo.<\/p>\n<p>Asegurar lo envidiable del rengl\u00f3n econ\u00f3mico y del manejo de las finanzas p\u00fablicas no tiene antecedente en la presentaci\u00f3n de informes anteriores. Ni siquiera en las del neoliberalismo. Mencionar la reducci\u00f3n de homicidios dolosos o el incremento en los salarios m\u00ednimos le dio a la presidenA el orgullo de unos cuantos aplausos. Los invitados solo atendieron a un nutrido choque de palmas y a ponerse de pie cuando se despidi\u00f3 a nuestro l\u00e1baro patrio y se enton\u00f3 el himno nacional.<\/p>\n<p>\u00bfCu\u00e1l ser\u00e1 la reacci\u00f3n de los habitantes de las entidades en donde los morenistas ya saben que perder\u00e1n las gubernaturas a disputarse el 2027? Seguramente ya contemplaron que en las 31 entidades en donde la presidentA leer\u00e1 de nueva cuenta su Segundo Informe, los eventos se lleven a cabo en lugares cerrados. Conoceremos, sin duda cu\u00e1l ser\u00e1 el nuevo idioma utilizado porque como se recordar\u00e1, \u201capag\u00f3n de luz\u201d es solo \u201cinterrupci\u00f3n el\u00e9ctrica\u201d, descarrilamiento se transform\u00f3 en \u201cdeslizamiento\u201d o \u201cpercance de v\u00edas\u201d, aunque para las tomaduras de pelos, las mentiras, la fabricaci\u00f3n de farsas dif\u00edcilmente encontrar\u00e1n sin\u00f3nimos Ad Hoc.<\/p>\n<p><strong>DE LOS PASILLOS<\/strong><\/p>\n<p>Tarde, muy tarde, el juez Agust\u00edn Archundia Ortiz, S\u00e9ptimo de Distrito en materia Administrativa en el estado de Jalisco, declar\u00f3 como inconstitucional la reforma judicial promovida por AMLO \u00bfServir\u00e1 de algo?\u2026 Igual de tard\u00eda ha sido la determinaci\u00f3n de la Comisi\u00f3n de Derechos Humanos de Campeche sobre el caso de las polic\u00edas atacadas en un operativo sin estrategia llevado a cabo en la c\u00e1rcel por \u00f3rdenes de Marcela Mu\u00f1oz, intocable titular de Seguridad\u2026 Crearon un escenario ficticio en el Senado basado en la inc\u00f3gnita sobre si se presentar\u00eda o no el senador Enrique Inzunza, logrando desviar la mirada sobre un Ad\u00e1n Augusto L\u00f3pez sin visa y seg\u00fan relata el columnista Raymundo Riva Palacios con cuentas congeladas y dos departamentos incautados en Houston\u2026<\/p>\n<p><img loading=\"lazy\" decoding=\"async\" class=\"wp-image-152090 aligncenter\" src=\"https:\/\/ovelanalista.com\/wp-content\/uploads\/2026\/09\/Captura-de-Pantalla-2026-09-02-a-las-10.09.30-300x147.png\" alt=\"\" width=\"696\" height=\"341\" srcset=\"https:\/\/ovelanalista.com\/wp-content\/uploads\/2026\/09\/Captura-de-Pantalla-2026-09-02-a-las-10.09.30-300x147.png 300w, https:\/\/ovelanalista.com\/wp-content\/uploads\/2026\/09\/Captura-de-Pantalla-2026-09-02-a-las-10.09.30-1024x501.png 1024w, https:\/\/ovelanalista.com\/wp-content\/uploads\/2026\/09\/Captura-de-Pantalla-2026-09-02-a-las-10.09.30-768x376.png 768w, https:\/\/ovelanalista.com\/wp-content\/uploads\/2026\/09\/Captura-de-Pantalla-2026-09-02-a-las-10.09.30-400x196.png 400w, https:\/\/ovelanalista.com\/wp-content\/uploads\/2026\/09\/Captura-de-Pantalla-2026-09-02-a-las-10.09.30-750x367.png 750w, https:\/\/ovelanalista.com\/wp-content\/uploads\/2026\/09\/Captura-de-Pantalla-2026-09-02-a-las-10.09.30-1140x558.png 1140w, https:\/\/ovelanalista.com\/wp-content\/uploads\/2026\/09\/Captura-de-Pantalla-2026-09-02-a-las-10.09.30.png 1194w\" sizes=\"auto, (max-width: 696px) 100vw, 696px\" \/><\/p>\n<p style=\"text-align: center;\">Ad\u00e1n Augusto L\u00f3pez<\/p>\n<p>La ola de rumores sobre el retiro de la visa a la alcaldesa con licencia de Benito Ju\u00e1rez, Canc\u00fan, Ana Patricia Peralta, su esposo y su suegro ambos de apellido Lastra, se convirti\u00f3 en un tsunami y de resultar falsa la informaci\u00f3n poco tiempo tiene la mun\u00edcipe para desmentir lo que derrumbar\u00eda su sue\u00f1o de alcanzar una posici\u00f3n mayor.<\/p>\n<p>&nbsp;<\/p>\n<p style=\"text-align: center;\"><img loading=\"lazy\" decoding=\"async\" class=\"wp-image-152091 aligncenter\" src=\"https:\/\/ovelanalista.com\/wp-content\/uploads\/2026\/09\/Captura-de-Pantalla-2026-09-02-a-las-10.11.44-300x113.png\" alt=\"\" width=\"741\" height=\"279\" srcset=\"https:\/\/ovelanalista.com\/wp-content\/uploads\/2026\/09\/Captura-de-Pantalla-2026-09-02-a-las-10.11.44-300x113.png 300w, https:\/\/ovelanalista.com\/wp-content\/uploads\/2026\/09\/Captura-de-Pantalla-2026-09-02-a-las-10.11.44-1024x386.png 1024w, https:\/\/ovelanalista.com\/wp-content\/uploads\/2026\/09\/Captura-de-Pantalla-2026-09-02-a-las-10.11.44-768x289.png 768w, https:\/\/ovelanalista.com\/wp-content\/uploads\/2026\/09\/Captura-de-Pantalla-2026-09-02-a-las-10.11.44-400x151.png 400w, https:\/\/ovelanalista.com\/wp-content\/uploads\/2026\/09\/Captura-de-Pantalla-2026-09-02-a-las-10.11.44-750x282.png 750w, https:\/\/ovelanalista.com\/wp-content\/uploads\/2026\/09\/Captura-de-Pantalla-2026-09-02-a-las-10.11.44-1140x429.png 1140w, https:\/\/ovelanalista.com\/wp-content\/uploads\/2026\/09\/Captura-de-Pantalla-2026-09-02-a-las-10.11.44.png 1190w\" sizes=\"auto, (max-width: 741px) 100vw, 741px\" \/>Ana Patricia Peralta<\/p>\n<p>Lo invitamos a descargar en su tel\u00e9fono la aplicaci\u00f3n de Informativo MXN, con las noticias entidad por entidad y cubriendo los sectores de mayor inter\u00e9s para nuestros paisanos radicados en el extranjero y para la migraci\u00f3n nacional. As\u00ed tambi\u00e9n est\u00e1 la p\u00e1gina https:\/\/www.informativomxn.com\/ el canal en YouTube https:\/\/www.youtube.com\/@InformativoMXN<\/p>\n<p>Lo invitamos a visitar nuestras redes:<br \/>\nhttps:\/\/www.youtube.com\/mxntelevision<br \/>\nhttps:\/\/www.youtube.com\/Liliaarellano<br \/>\nhttps:\/\/www.facebook.com\/1liliaarellano<\/p>\n<div class=\"twitter-timeline twitter-timeline-rendered\"><iframe id=\"twitter-widget-0\" class=\"\" title=\"Twitter Timeline\" src=\"https:\/\/syndication.twitter.com\/srv\/timeline-profile\/screen-name\/Lilia_Arellano1?creatorScreenName=pacorodriguez&amp;dnt=true&amp;embedId=twitter-widget-0&amp;features=eyJ0ZndfdGltZWxpbmVfbGlzdCI6eyJidWNrZXQiOltdLCJ2ZXJzaW9uIjpudWxsfSwidGZ3X2ZvbGxvd2VyX2NvdW50X3N1bnNldCI6eyJidWNrZXQiOnRydWUsInZlcnNpb24iOm51bGx9LCJ0ZndfdHdlZXRfZWRpdF9iYWNrZW5kIjp7ImJ1Y2tldCI6Im9uIiwidmVyc2lvbiI6bnVsbH0sInRmd19yZWZzcmNfc2Vzc2lvbiI6eyJidWNrZXQiOiJvbiIsInZlcnNpb24iOm51bGx9LCJ0ZndfZm9zbnJfc29mdF9pbnRlcnZlbnRpb25zX2VuYWJsZWQiOnsiYnVja2V0Ijoib24iLCJ2ZXJzaW9uIjpudWxsfSwidGZ3X21peGVkX21lZGlhXzE1ODk3Ijp7ImJ1Y2tldCI6InRyZWF0bWVudCIsInZlcnNpb24iOm51bGx9LCJ0ZndfZXhwZXJpbWVudHNfY29va2llX2V4cGlyYXRpb24iOnsiYnVja2V0IjoxMjA5NjAwLCJ2ZXJzaW9uIjpudWxsfSwidGZ3X3Nob3dfYmlyZHdhdGNoX3Bpdm90c19lbmFibGVkIjp7ImJ1Y2tldCI6Im9uIiwidmVyc2lvbiI6bnVsbH0sInRmd19kdXBsaWNhdGVfc2NyaWJlc190b19zZXR0aW5ncyI6eyJidWNrZXQiOiJvbiIsInZlcnNpb24iOm51bGx9LCJ0ZndfdXNlX3Byb2ZpbGVfaW1hZ2Vfc2hhcGVfZW5hYmxlZCI6eyJidWNrZXQiOiJvbiIsInZlcnNpb24iOm51bGx9LCJ0ZndfdmlkZW9faGxzX2R5bmFtaWNfbWFuaWZlc3RzXzE1MDgyIjp7ImJ1Y2tldCI6InRydWVfYml0cmF0ZSIsInZlcnNpb24iOm51bGx9LCJ0ZndfbGVnYWN5X3RpbWVsaW5lX3N1bnNldCI6eyJidWNrZXQiOnRydWUsInZlcnNpb24iOm51bGx9LCJ0ZndfdHdlZXRfZWRpdF9mcm9udGVuZCI6eyJidWNrZXQiOiJvbiIsInZlcnNpb24iOm51bGx9fQ%3D%3D&amp;frame=false&amp;hideBorder=false&amp;hideFooter=false&amp;hideHeader=false&amp;hideScrollBar=false&amp;lang=es&amp;maxHeight=1000px&amp;origin=https%3A%2F%2Findicepolitico.com%2Fpejelandia-sigue-vigente%2F&amp;partner=ogwp&amp;sessionId=d66df5913bc6d5dc0d5ffcf661c4222e239476e5&amp;showHeader=true&amp;showReplies=false&amp;siteScreenName=pacorodriguez&amp;transparent=false&amp;widgetsVersion=6a3ad42b224df%3A1778106238597\" frameborder=\"0\" scrolling=\"no\" allowfullscreen=\"allowfullscreen\" data-mce-fragment=\"1\"><\/iframe><\/div>\n<p><a class=\"twitter-timeline\" href=\"https:\/\/x.com\/Lilia_Arellano1?ref_src=twsrc%5Etfw\" data-width=\"696\" data-height=\"1000\" data-dnt=\"true\" data-twitter-extracted-i1788367855727828216=\"true\">Posts by Lilia_Arellano1<\/a><br \/>\nhttps:\/\/instagram.com\/liliaarellanooficiala<\/p>\n<p>&nbsp;<\/p>\n<p>&nbsp;<\/p>\n<p><strong>Lilia Arellano<\/strong><\/p>\n","protected":false},"excerpt":{"rendered":"<p>Estado de los ESTADOS. \u201cLa primera obligaci\u00f3n del gobierno es dar cuenta de sus actos ante el pueblo\u201d: Sim\u00f3n Bol\u00edvar Pejelandia sigue vigente 80 minutos de incredulidad De las becas al descarrilamiento &nbsp; Ciudad de M\u00e9xico, 1 de septiembre de 2026.- Conforme avanzaba el tiempo crec\u00eda la incredulidad pasando por una etapa de admiraci\u00f3n salpicada de decepci\u00f3n. Ah\u00ed estaba sola en un largo templete, empeque\u00f1ecida la figura en cuyo fondo se luc\u00eda un insultante color blanco. Sumaron 300 los asistentes: gobernadores, miembros del gabinete, integrantes de la SCJN, l\u00edderes del Congreso y algunos invitados especiales, entre ellos, por supuesto, los [&hellip;]<\/p>\n","protected":false},"author":3,"featured_media":98646,"comment_status":"open","ping_status":"open","sticky":false,"template":"","format":"standard","meta":{"_jetpack_newsletter_access":"","_jetpack_dont_email_post_to_subs":false,"_jetpack_newsletter_tier_id":0,"_jetpack_memberships_contains_paywalled_content":false,"_jetpack_feature_clip_id":0,"_jetpack_memberships_contains_paid_content":false,"footnotes":"","jetpack_publicize_message":"","jetpack_publicize_feature_enabled":true,"jetpack_social_post_already_shared":true,"jetpack_social_options":{"image_generator_settings":{"template":"highway","default_image_id":0,"font":"","enabled":false},"version":2},"jetpack_post_was_ever_published":false},"categories":[79],"tags":[],"class_list":["post-152085","post","type-post","status-publish","format-standard","has-post-thumbnail","hentry","category-columnistas-nacionales","post--single"],"jetpack_publicize_connections":[],"jetpack_featured_media_url":"https:\/\/ovelanalista.com\/wp-content\/uploads\/2024\/07\/lilia_arellano.jpg","jetpack_sharing_enabled":true,"_links":{"self":[{"href":"https:\/\/ovelanalista.com\/index.php?rest_route=\/wp\/v2\/posts\/152085","targetHints":{"allow":["GET"]}}],"collection":[{"href":"https:\/\/ovelanalista.com\/index.php?rest_route=\/wp\/v2\/posts"}],"about":[{"href":"https:\/\/ovelanalista.com\/index.php?rest_route=\/wp\/v2\/types\/post"}],"author":[{"embeddable":true,"href":"https:\/\/ovelanalista.com\/index.php?rest_route=\/wp\/v2\/users\/3"}],"replies":[{"embeddable":true,"href":"https:\/\/ovelanalista.com\/index.php?rest_route=%2Fwp%2Fv2%2Fcomments&post=152085"}],"version-history":[{"count":1,"href":"https:\/\/ovelanalista.com\/index.php?rest_route=\/wp\/v2\/posts\/152085\/revisions"}],"predecessor-version":[{"id":152093,"href":"https:\/\/ovelanalista.com\/index.php?rest_route=\/wp\/v2\/posts\/152085\/revisions\/152093"}],"wp:featuredmedia":[{"embeddable":true,"href":"https:\/\/ovelanalista.com\/index.php?rest_route=\/wp\/v2\/media\/98646"}],"wp:attachment":[{"href":"https:\/\/ovelanalista.com\/index.php?rest_route=%2Fwp%2Fv2%2Fmedia&parent=152085"}],"wp:term":[{"taxonomy":"category","embeddable":true,"href":"https:\/\/ovelanalista.com\/index.php?rest_route=%2Fwp%2Fv2%2Fcategories&post=152085"},{"taxonomy":"post_tag","embeddable":true,"href":"https:\/\/ovelanalista.com\/index.php?rest_route=%2Fwp%2Fv2%2Ftags&post=152085"}],"curies":[{"name":"wp","href":"https:\/\/api.w.org\/{rel}","templated":true}]}}