{"id":152103,"date":"2026-09-02T11:30:33","date_gmt":"2026-09-02T18:30:33","guid":{"rendered":"https:\/\/ovelanalista.com\/?p=152103"},"modified":"2026-09-02T10:47:52","modified_gmt":"2026-09-02T17:47:52","slug":"oposicion-arremete-por-el-caso-sinaloa-y-morena-rechaza-pactos-con-el-crimen","status":"publish","type":"post","link":"https:\/\/ovelanalista.com\/?p=152103","title":{"rendered":"Oposici\u00f3n arremete por el caso Sinaloa y Morena rechaza pactos con el crimen"},"content":{"rendered":"<div class=\"c-detail__subtitle\">\n<h5 class=\"c-detail__subtitle__txt\">En una jornada parlamentaria marcada por un inusual orden institucional, la oposici\u00f3n coloc\u00f3 en el centro del debate la violencia en Sinaloa y Michoac\u00e1n<\/h5>\n<\/div>\n<div class=\"c-detail__info\">\n<div class=\"c-detail__signature\">\n<div class=\"c-detail__signature__info\">\n<div class=\"c-detail__signature__name\">Por:\u00a0<strong>Ivonne Melgar<\/strong><\/div>\n<div>\n<p class=\"paragraph\">\u201c\u00a1Ning\u00fan c\u00e1rtel ha nacido con el gobierno de la 4T!\u201d, argument\u00f3 alzando la voz la senadora de\u00a0<b>Morena<\/b>\u00a0<b>Mal\u00fa M\u00edcher<\/b>, en respuesta a la oposici\u00f3n que reclam\u00f3 al gobierno su resistencia a investigar las acusaciones de\u00a0<b>Estados Unidos<\/b>\u00a0contra los extraditables de Sinaloa.<\/p>\n<p class=\"paragraph\">En la sesi\u00f3n del\u00a0<b>Congreso General<\/b>, para inaugurar el \u00faltimo a\u00f1o de los trabajos de la actual legislatura, los representantes del\u00a0<b>PAN<\/b>,\u00a0<b>PRI<\/b>\u00a0y\u00a0<b>MC<\/b>\u00a0llevaron a la tribuna de San L\u00e1zaro el caso del gobernador con licencia\u00a0<b>Rub\u00e9n Rocha Moya<\/b>\u00a0y del senador\u00a0<b>Enrique Inzunza<\/b>, ausente en el pleno.<\/p>\n<\/div>\n<div>\n<p class=\"paragraph\">La violencia criminal que afecta a diversas regiones de M\u00e9xico y la falta de registro oficial y de atenci\u00f3n a las personas desaparecidas fueron temas reiterados en una asamblea en la que esta vez no hubo desfiguros. Apenas una cartulina que la diputada independiente del movimiento michoacano de El Sombrero, Araceli Guadalupe Mendoza Arias, coloc\u00f3 al frente en defensa de la alcaldesa de Uruapan, defendida en la primera intervenci\u00f3n de la tarde, la del senador\u00a0<b>Luis Donaldo Colosio Riojas<\/b>\u00a0de\u00a0<b>Movimiento Ciudadano<\/b>.<\/p>\n<div class=\"i-amphtml-fx-flying-carpet-container i-amphtml-fx-flying-carpet-container-fix\">\n<p class=\"paragraph\">\u201cEs imperdonable que en Michoac\u00e1n asesinen a Carlos Manzo y\u00a0<b>Morena<\/b>\u00a0y sus aliados prefieran linchar pol\u00edticamente a su esposa, Grecia Quiroz, que hacerle justicia a su familia\u201d, lanz\u00f3 el legislador emecista. \u201cImperdonable\u201d, contrast\u00f3 en seguida\u00a0<b>Colosio Riojas<\/b>, \u201cque mientras Sinaloa vive una crisis de violencia, desde el poder protejan a\u00a0<b>Rub\u00e9n Rocha Moya<\/b>\u00a0y a toda su camarilla, compa\u00f1eros de su partido, en lugar de hacerles rendir cuentas.<\/p>\n<aside class=\"c-detail__widget\">\n<div class=\"code\">\n<p class=\"paragraph\">Aunque puso a raya a los legisladores acelerados de su partido, que ten\u00edan listos meg\u00e1fonos y un ata\u00fad para manifestarse, el senador\u00a0<b>Alejandro Moreno C\u00e1rdenas<\/b>, dirigente del\u00a0<b>PRI<\/b>, recrimin\u00f3 al gobierno de\u00a0<b>Morena<\/b>\u00a0la inacci\u00f3n ante los acusados por el Departamento de Justicia del vecino pa\u00eds.<\/p>\n<p class=\"paragraph\">\u201cSi de verdad tuvieran un m\u00ednimo de decencia, romper\u00edan su\u00a0<b>pacto con los c\u00e1rteles<\/b>\u00a0del crimen organizado, le quitar\u00edan la protecci\u00f3n a L\u00f3pez Obrador, al Andy, a Rocha, a Inzunza, a Marina, a Am\u00e9rico, a tantos pol\u00edticos que hoy son se\u00f1alados y requeridos por la justicia en otros pa\u00edses\u201d, cuestion\u00f3 el presidente de los priistas.<\/p>\n<p class=\"paragraph\">Con llamados a crear un bloque opositor que sobreviva frente a la embestida del oficialismo, una guerra que calific\u00f3 de perdida, el senador\u00a0<b>Moreno C\u00e1rdenas<\/b>\u00a0se dirigi\u00f3 a los morenistas: \u201c\u00a1Qu\u00edtense esos lastres de encima, proc\u00e9senlos, ll\u00e9venlos a la justicia y si no pueden, entr\u00e9guenlos a las autoridades de\u00a0<b>Estados Unidos<\/b>\u00a0para que hagan justicia la que ustedes no hacen!&#8221;.<\/p>\n<p class=\"paragraph\">Por\u00a0<b>Acci\u00f3n Nacional<\/b>\u00a0fij\u00f3 postura el senador\u00a0<b>Ricardo Anaya<\/b>: \u201cSoberan\u00eda no es impunidad; la soberan\u00eda no se defiende con discursos, la soberan\u00eda se defiende con dos cosas: con aduanas que no se venden y con territorio que no se entrega al crimen organizado. \u00a1Y el mismo aparato que protege a\u00a0<b>Rocha Moya<\/b>\u00a0encarcela a Ernesto Ruffo!\u201d.<\/p>\n<p class=\"paragraph\">El panista dijo que la peor traici\u00f3n al pueblo era el verbo pactar, recordando la determinaci\u00f3n del Gran Jurado de\u00a0<b>Estados Unidos<\/b>\u00a0que determin\u00f3 proceder penalmente contra el mandatario con licencia por\u00a0<b>narcotr\u00e1fico<\/b>. Y despu\u00e9s de referirse al asesinato de\u00a0<b>H\u00e9ctor Melesio Cu\u00e9n<\/b>\u00a0y al secuestro de Paola G\u00e1rate en las elecciones de 2021, acus\u00f3: \u201c\u00a1No, aqu\u00ed no faltan pruebas! \u00a1Aqu\u00ed lo que sobra es protecci\u00f3n!\u201d.<\/p>\n<p class=\"paragraph\">Los coordinadores de los diputados del\u00a0<b>PVEM<\/b>\u00a0y del\u00a0<b>PT<\/b>\u00a0posicionaron a nombre de sus partidos, exaltando la gesti\u00f3n de la presidenta\u00a0<b>Claudia Sheinbaum<\/b>. El zacatecano\u00a0<b>Carlos Puente<\/b>\u00a0dijo que su partido gobierna San Luis Potos\u00ed en paz y con resultados. Y cerr\u00f3 su mensaje dirigi\u00e9ndose a la mandataria: \u201cM\u00e9xico va bien porque tienen al frente a una mujer que gobierna con cabeza fr\u00eda y enorme pasi\u00f3n por servir al pueblo de M\u00e9xico\u201d.<\/p>\n<p class=\"paragraph\">El petista\u00a0<b>Reginaldo Sandoval<\/b>\u00a0record\u00f3 que ellos caminaron desde 1995 con Andr\u00e9s Manuel L\u00f3pez Obrador y que ahora lo hacen con la presidenta Sheinbaum. \u201cSin ninguna duda\u201d, dijo, aclarando que \u201cha consolidado en este segundo a\u00f1o un liderazgo con sello propio\u201d.<\/p>\n<p class=\"paragraph\">Fue\u00a0<b>Mal\u00fa M\u00edcher<\/b>\u00a0quien se encarg\u00f3 de contrapuntear a la oposici\u00f3n afirmando que no le iban a aceptar lecciones a quienes pusieron la seguridad en manos de\u00a0<b>Genaro Garc\u00eda Luna<\/b>\u00a0y ni consejos a quienes violan la Constituci\u00f3n, acus\u00f3, \u201cinvitando a esp\u00edas y aceptando monedas a cambio de traicionar a la patria\u201d, dijo, en televisoras. Y aludi\u00f3 a Chihuahua y a negocios millonarios en Baja California, en referencia al ex gobernador Ruffo.<\/p>\n<p class=\"paragraph\">\u201cQue nadie pretenda reescribir la historia. El\u00a0<b>C\u00e1rtel de Sinaloa<\/b>, los Zetas, la Familia Michoacana y el C\u00e1rtel Jalisco Nueva Generaci\u00f3n surgieron o se consolidaron durante los gobiernos del\u00a0<b>PRI<\/b>\u00a0y del\u00a0<b>PAN<\/b>\u00a0desde 1984, 83, 87.\u00a0<b>Ning\u00fan c\u00e1rtel ha nacido con el gobierno de la 4T<\/b>, se crearon mucho antes de que\u00a0<b>Morena<\/b>\u00a0llegara al poder\u201d, sostuvo la morenista.<\/p>\n<\/div>\n<\/aside>\n<p>Con informaci\u00f3n de Excelsior<\/p>\n<\/div>\n<\/div>\n<\/div>\n<\/div>\n<\/div>\n","protected":false},"excerpt":{"rendered":"<p>En una jornada parlamentaria marcada por un inusual orden institucional, la oposici\u00f3n coloc\u00f3 en el centro del debate la violencia en Sinaloa y Michoac\u00e1n Por:\u00a0Ivonne Melgar \u201c\u00a1Ning\u00fan c\u00e1rtel ha nacido con el gobierno de la 4T!\u201d, argument\u00f3 alzando la voz la senadora de\u00a0Morena\u00a0Mal\u00fa M\u00edcher, en respuesta a la oposici\u00f3n que reclam\u00f3 al gobierno su resistencia a investigar las acusaciones de\u00a0Estados Unidos\u00a0contra los extraditables de Sinaloa. En la sesi\u00f3n del\u00a0Congreso General, para inaugurar el \u00faltimo a\u00f1o de los trabajos de la actual legislatura, los representantes del\u00a0PAN,\u00a0PRI\u00a0y\u00a0MC\u00a0llevaron a la tribuna de San L\u00e1zaro el caso del gobernador con licencia\u00a0Rub\u00e9n Rocha Moya\u00a0y del [&hellip;]<\/p>\n","protected":false},"author":3,"featured_media":152109,"comment_status":"open","ping_status":"open","sticky":false,"template":"","format":"standard","meta":{"_jetpack_newsletter_access":"","_jetpack_dont_email_post_to_subs":false,"_jetpack_newsletter_tier_id":0,"_jetpack_memberships_contains_paywalled_content":false,"_jetpack_feature_clip_id":0,"_jetpack_memberships_contains_paid_content":false,"footnotes":"","jetpack_publicize_message":"","jetpack_publicize_feature_enabled":true,"jetpack_social_post_already_shared":true,"jetpack_social_options":{"image_generator_settings":{"template":"highway","default_image_id":0,"font":"","enabled":false},"version":2},"jetpack_post_was_ever_published":false},"categories":[75],"tags":[],"class_list":["post-152103","post","type-post","status-publish","format-standard","has-post-thumbnail","hentry","category-nacional","post--single"],"jetpack_publicize_connections":[],"jetpack_featured_media_url":"https:\/\/ovelanalista.com\/wp-content\/uploads\/2026\/09\/6a97a34729d4d.jpeg","jetpack_sharing_enabled":true,"_links":{"self":[{"href":"https:\/\/ovelanalista.com\/index.php?rest_route=\/wp\/v2\/posts\/152103","targetHints":{"allow":["GET"]}}],"collection":[{"href":"https:\/\/ovelanalista.com\/index.php?rest_route=\/wp\/v2\/posts"}],"about":[{"href":"https:\/\/ovelanalista.com\/index.php?rest_route=\/wp\/v2\/types\/post"}],"author":[{"embeddable":true,"href":"https:\/\/ovelanalista.com\/index.php?rest_route=\/wp\/v2\/users\/3"}],"replies":[{"embeddable":true,"href":"https:\/\/ovelanalista.com\/index.php?rest_route=%2Fwp%2Fv2%2Fcomments&post=152103"}],"version-history":[{"count":1,"href":"https:\/\/ovelanalista.com\/index.php?rest_route=\/wp\/v2\/posts\/152103\/revisions"}],"predecessor-version":[{"id":152110,"href":"https:\/\/ovelanalista.com\/index.php?rest_route=\/wp\/v2\/posts\/152103\/revisions\/152110"}],"wp:featuredmedia":[{"embeddable":true,"href":"https:\/\/ovelanalista.com\/index.php?rest_route=\/wp\/v2\/media\/152109"}],"wp:attachment":[{"href":"https:\/\/ovelanalista.com\/index.php?rest_route=%2Fwp%2Fv2%2Fmedia&parent=152103"}],"wp:term":[{"taxonomy":"category","embeddable":true,"href":"https:\/\/ovelanalista.com\/index.php?rest_route=%2Fwp%2Fv2%2Fcategories&post=152103"},{"taxonomy":"post_tag","embeddable":true,"href":"https:\/\/ovelanalista.com\/index.php?rest_route=%2Fwp%2Fv2%2Ftags&post=152103"}],"curies":[{"name":"wp","href":"https:\/\/api.w.org\/{rel}","templated":true}]}}