{"id":152104,"date":"2026-09-02T12:30:38","date_gmt":"2026-09-02T19:30:38","guid":{"rendered":"https:\/\/ovelanalista.com\/?p=152104"},"modified":"2026-09-02T10:58:22","modified_gmt":"2026-09-02T17:58:22","slug":"atacan-a-balazos-a-coordinador-de-proteccion-civil-de-mazatlan-sinaloa","status":"publish","type":"post","link":"https:\/\/ovelanalista.com\/?p=152104","title":{"rendered":"Atacan a balazos a coordinador de Protecci\u00f3n Civil de Mazatl\u00e1n, Sinaloa"},"content":{"rendered":"<p>La Secretar\u00eda de Seguridad P\u00fablica de Sinaloa confirm\u00f3 el ataque contra \u00d3scar Osura Tirado durante este mi\u00e9rcoles; activaron protocolo en la entidad<\/p>\n<p class=\"c-paragraph\">La violencia sigue afectando a\u00a0Sinaloa.\u00a0<b>\u00d3scar Osuna Tirado<\/b>, el director de Protecci\u00f3n Civil de Mazatl\u00e1n, fue\u00a0<b>atacado a balazos<\/b>\u00a0durante la ma\u00f1ana de este\u00a0<b>mi\u00e9rcoles 2 de septiembre<\/b>\u00a0en una de las principales calles del puerto.<\/p>\n<p class=\"c-paragraph\">La\u00a0<b>Secretar\u00eda de Seguridad P\u00fablica<\/b>\u00a0de la entidad, por medio de sus redes sociales,<b>\u00a0confirm\u00f3 el ataque,<\/b>\u00a0luego de recibir una llamada de emergencia a trav\u00e9s del n\u00famero 911.<\/p>\n<p class=\"c-paragraph\">Al momento\u00a0<b>se reportan dos personas heridas<\/b>, quienes ya est\u00e1n recibiendo atenci\u00f3n m\u00e9dica.<\/p>\n<div id=\"div-gpt-doubleboxbanner-1\" class=\"ads-gpt__slot\" data-google-query-id=\"CLrR2Py20JYDFdgdRAgdVyQbzA\">\n<div class=\"b-article-body__embed\" data-chromatic=\"ignore\" data-testid=\"oembed-container\">\n<div>\n<div class=\"twitter-tweet twitter-tweet-rendered\"><iframe id=\"twitter-widget-0\" class=\"\" title=\"X Post\" src=\"https:\/\/platform.twitter.com\/embed\/Tweet.html?dnt=false&amp;embedId=twitter-widget-0&amp;features=eyJ0ZndfdGltZWxpbmVfbGlzdCI6eyJidWNrZXQiOltdLCJ2ZXJzaW9uIjpudWxsfSwidGZ3X2ZvbGxvd2VyX2NvdW50X3N1bnNldCI6eyJidWNrZXQiOnRydWUsInZlcnNpb24iOm51bGx9LCJ0ZndfdHdlZXRfZWRpdF9iYWNrZW5kIjp7ImJ1Y2tldCI6Im9uIiwidmVyc2lvbiI6bnVsbH0sInRmd19yZWZzcmNfc2Vzc2lvbiI6eyJidWNrZXQiOiJvbiIsInZlcnNpb24iOm51bGx9LCJ0ZndfZm9zbnJfc29mdF9pbnRlcnZlbnRpb25zX2VuYWJsZWQiOnsiYnVja2V0Ijoib24iLCJ2ZXJzaW9uIjpudWxsfSwidGZ3X21peGVkX21lZGlhXzE1ODk3Ijp7ImJ1Y2tldCI6InRyZWF0bWVudCIsInZlcnNpb24iOm51bGx9LCJ0ZndfZXhwZXJpbWVudHNfY29va2llX2V4cGlyYXRpb24iOnsiYnVja2V0IjoxMjA5NjAwLCJ2ZXJzaW9uIjpudWxsfSwidGZ3X3Nob3dfYmlyZHdhdGNoX3Bpdm90c19lbmFibGVkIjp7ImJ1Y2tldCI6Im9uIiwidmVyc2lvbiI6bnVsbH0sInRmd19kdXBsaWNhdGVfc2NyaWJlc190b19zZXR0aW5ncyI6eyJidWNrZXQiOiJvbiIsInZlcnNpb24iOm51bGx9LCJ0ZndfdXNlX3Byb2ZpbGVfaW1hZ2Vfc2hhcGVfZW5hYmxlZCI6eyJidWNrZXQiOiJvbiIsInZlcnNpb24iOm51bGx9LCJ0ZndfdmlkZW9faGxzX2R5bmFtaWNfbWFuaWZlc3RzXzE1MDgyIjp7ImJ1Y2tldCI6InRydWVfYml0cmF0ZSIsInZlcnNpb24iOm51bGx9LCJ0ZndfbGVnYWN5X3RpbWVsaW5lX3N1bnNldCI6eyJidWNrZXQiOnRydWUsInZlcnNpb24iOm51bGx9LCJ0ZndfdHdlZXRfZWRpdF9mcm9udGVuZCI6eyJidWNrZXQiOiJvbiIsInZlcnNpb24iOm51bGx9fQ%3D%3D&amp;frame=false&amp;hideCard=false&amp;hideThread=false&amp;id=2095181944044593542&amp;lang=es&amp;origin=https%3A%2F%2Fwww.adn40.mx%2Fseguridad%2F2026-09-02%2Fatacan-a-balazos-a-coordinador-de-proteccion-civil-de-mazatlan-sinaloa%2F&amp;sessionId=d3392922e829fdc46c0541a7a85f9ba0d3eb59b1&amp;siteScreenName=adnnoticiasmx&amp;theme=light&amp;widgetsVersion=6a3ad42b224df%3A1778106238597&amp;width=550px\" frameborder=\"0\" scrolling=\"no\" allowfullscreen=\"allowfullscreen\" data-gtm-yt-inspected-17=\"true\" data-tweet-id=\"2095181944044593542\"><\/iframe><\/div>\n<\/div>\n<\/div>\n<h2 class=\"b-article-body__h2\">\u00bfQu\u00e9 pas\u00f3 en Mazatl\u00e1n, Sinaloa, hoy 2 de septiembre?<\/h2>\n<p class=\"c-paragraph\">De acuerdo a los primeros reportes, as\u00ed como al mensaje de la dependencia estatal, el coordinador y la otra persona herida\u00a0<b>viajaban en una camioneta de Protecci\u00f3n Civil\u00a0<\/b>sobre la<b>\u00a0avenida Guti\u00e9rrez N\u00e1jera<\/b>, en el sector Montuosa, cuando ocurri\u00f3 el ataque.<\/p>\n<p class=\"c-paragraph\">En el lugar de los hechos\u00a0<b>actualmente se encuentran elementos de seguridad y m\u00e9dicos\u00a0<\/b>para brindar la atenci\u00f3n necesaria, as\u00ed como investigar qu\u00e9 fue lo que pas\u00f3 y por qu\u00e9 fueron v\u00edctimas.<\/p>\n<p class=\"c-paragraph\">Asimismo, solicitaron a la ciudadan\u00eda\u00a0<b>acatar las recomendaciones de las autoridades<\/b>; no obstante, especificaron que el Grupo Interinstitucional se encuentra en la\u00a0<b>b\u00fasqueda de los responsables<\/b>.<\/p>\n<h2 class=\"b-article-body__h2\">No cesa la violencia en Sinaloa<\/h2>\n<p class=\"c-paragraph\">La violencia no cesa en Sinaloa y\u00a0<b>a dos a\u00f1os del inicio del conflicto entre La Mayiza y Los Chapitos<\/b>, tras el rompimiento del C\u00e1rtel de Sinaloa,\u00a0<b>la poblaci\u00f3n no pasa ni un segundo en paz\u00a0<\/b>pues todas las actividades han sido modificadas debido a la guerra.<\/p>\n<p class=\"c-paragraph\">Tan s\u00f3lo d\u00edas antes, colectivos se movilizaron en Mazatl\u00e1n, Sinaloa, para<b>\u00a0exigirle a la nueva gobernadora<\/b>,\u00a0Graciela Dom\u00ednguez Nava<b>, que act\u00fae contra la situaci\u00f3n de violencia\u00a0<\/b>que se vive en la entidad.<\/p>\n<\/div>\n","protected":false},"excerpt":{"rendered":"<p>La Secretar\u00eda de Seguridad P\u00fablica de Sinaloa confirm\u00f3 el ataque contra \u00d3scar Osura Tirado durante este mi\u00e9rcoles; activaron protocolo en la entidad La violencia sigue afectando a\u00a0Sinaloa.\u00a0\u00d3scar Osuna Tirado, el director de Protecci\u00f3n Civil de Mazatl\u00e1n, fue\u00a0atacado a balazos\u00a0durante la ma\u00f1ana de este\u00a0mi\u00e9rcoles 2 de septiembre\u00a0en una de las principales calles del puerto. La\u00a0Secretar\u00eda de Seguridad P\u00fablica\u00a0de la entidad, por medio de sus redes sociales,\u00a0confirm\u00f3 el ataque,\u00a0luego de recibir una llamada de emergencia a trav\u00e9s del n\u00famero 911. Al momento\u00a0se reportan dos personas heridas, quienes ya est\u00e1n recibiendo atenci\u00f3n m\u00e9dica. \u00bfQu\u00e9 pas\u00f3 en Mazatl\u00e1n, Sinaloa, hoy 2 de septiembre? De [&hellip;]<\/p>\n","protected":false},"author":3,"featured_media":152117,"comment_status":"open","ping_status":"open","sticky":false,"template":"","format":"standard","meta":{"_jetpack_newsletter_access":"","_jetpack_dont_email_post_to_subs":false,"_jetpack_newsletter_tier_id":0,"_jetpack_memberships_contains_paywalled_content":false,"_jetpack_feature_clip_id":0,"_jetpack_memberships_contains_paid_content":false,"footnotes":"","jetpack_publicize_message":"","jetpack_publicize_feature_enabled":true,"jetpack_social_post_already_shared":true,"jetpack_social_options":{"image_generator_settings":{"template":"highway","default_image_id":0,"font":"","enabled":false},"version":2},"jetpack_post_was_ever_published":false},"categories":[90],"tags":[],"class_list":["post-152104","post","type-post","status-publish","format-standard","has-post-thumbnail","hentry","category-estatal","post--single"],"jetpack_publicize_connections":[],"jetpack_featured_media_url":"https:\/\/ovelanalista.com\/wp-content\/uploads\/2026\/09\/Captura-de-Pantalla-2026-09-02-a-las-10.57.03.png","jetpack_sharing_enabled":true,"_links":{"self":[{"href":"https:\/\/ovelanalista.com\/index.php?rest_route=\/wp\/v2\/posts\/152104","targetHints":{"allow":["GET"]}}],"collection":[{"href":"https:\/\/ovelanalista.com\/index.php?rest_route=\/wp\/v2\/posts"}],"about":[{"href":"https:\/\/ovelanalista.com\/index.php?rest_route=\/wp\/v2\/types\/post"}],"author":[{"embeddable":true,"href":"https:\/\/ovelanalista.com\/index.php?rest_route=\/wp\/v2\/users\/3"}],"replies":[{"embeddable":true,"href":"https:\/\/ovelanalista.com\/index.php?rest_route=%2Fwp%2Fv2%2Fcomments&post=152104"}],"version-history":[{"count":1,"href":"https:\/\/ovelanalista.com\/index.php?rest_route=\/wp\/v2\/posts\/152104\/revisions"}],"predecessor-version":[{"id":152118,"href":"https:\/\/ovelanalista.com\/index.php?rest_route=\/wp\/v2\/posts\/152104\/revisions\/152118"}],"wp:featuredmedia":[{"embeddable":true,"href":"https:\/\/ovelanalista.com\/index.php?rest_route=\/wp\/v2\/media\/152117"}],"wp:attachment":[{"href":"https:\/\/ovelanalista.com\/index.php?rest_route=%2Fwp%2Fv2%2Fmedia&parent=152104"}],"wp:term":[{"taxonomy":"category","embeddable":true,"href":"https:\/\/ovelanalista.com\/index.php?rest_route=%2Fwp%2Fv2%2Fcategories&post=152104"},{"taxonomy":"post_tag","embeddable":true,"href":"https:\/\/ovelanalista.com\/index.php?rest_route=%2Fwp%2Fv2%2Ftags&post=152104"}],"curies":[{"name":"wp","href":"https:\/\/api.w.org\/{rel}","templated":true}]}}